{"id":131731,"date":"2025-12-22T12:34:34","date_gmt":"2025-12-22T12:34:34","guid":{"rendered":"https:\/\/rdnews.al\/?p=131731"},"modified":"2025-12-22T22:30:59","modified_gmt":"2025-12-22T22:30:59","slug":"berisha-kjo-proteste-nje-proces-qe-ndalet-vetem-me-rrezimin-e-edi-rames-ose-shuarjen-e-opozites","status":"publish","type":"post","link":"https:\/\/rdnews.al\/index.php\/2025\/12\/22\/berisha-kjo-proteste-nje-proces-qe-ndalet-vetem-me-rrezimin-e-edi-rames-ose-shuarjen-e-opozites\/","title":{"rendered":"Berisha: Kjo protest\u00eb, nj\u00eb proces q\u00eb ndalet vet\u00ebm me rr\u00ebzimin e Edi Ram\u00ebs ose shuarjen e opozit\u00ebs!"},"content":{"rendered":"<p>Kryetari i PD, Sali Berisha, gjat\u00eb nj\u00eb konference shtypi tha se, protesta do t\u00eb ndalet vet\u00ebm me rr\u00ebzimin e Edi Ram\u00ebs ose shuarjen e opozit\u00ebs.<\/p>\n<p>&#8220;S\u00eb pari, do sqaroj, ky \u00ebsht\u00eb nj\u00eb proces inaugural, n\u00eb kuptimin e asaj q\u00eb ne zbresim n\u00eb fush\u00eb pasi kemi b\u00ebr\u00eb \u00e7do detyr\u00eb, pasi kemi faktuar \u00e7do gj\u00eb, t\u00eb betuar q\u00eb do vazhdojm\u00eb luft\u00ebn ton\u00eb gjer n\u00eb p\u00ebrmbysjen e regjimit.<\/p>\n<p>Kjo \u00ebsht\u00eb.<\/p>\n<p>Ne e filluam k\u00ebt\u00eb me foltoren para kryeministris\u00eb.<\/p>\n<p>Jo t\u00eb pakt\u00eb ishin ata q\u00eb e p\u00ebrqesh\u00ebn at\u00eb. Gabuan.<\/p>\n<p>Ajo kishte nj\u00eb mesazh, se ai shesh do jet\u00eb sheshi i liris\u00eb.<\/p>\n<p>Vazhduam n\u00eb parlament, pasi opozit\u00ebs iu mor \u00e7do hap\u00ebsir\u00eb kushtetuese.<\/p>\n<p>Zbresim n\u00eb shesh pasi Edi Rama p\u00ebrdori Gjykat\u00ebn Kushtetuese, organin m\u00eb t\u00eb lart\u00eb, p\u00ebr t\u00eb firmosur licenc\u00ebn e vjedhjeve t\u00eb tij dhe qeveritar\u00ebve t\u00eb tij pa u shqet\u00ebsuar.<\/p>\n<p>Dol\u00ebm n\u00eb shesh pasi Edi Rama bllokoi tentativ\u00ebn e fundit t\u00eb prokuror\u00ebve p\u00ebr heqjen e imunitetit.<\/p>\n<p>Pra, k\u00ebt\u00eb protest\u00eb do ta merrni si nj\u00eb proces, i cili ndalet, edhe nj\u00ebher\u00eb, proces q\u00eb do jet\u00eb nj\u00eb ansamb\u00ebl i t\u00ebr\u00eb, dhe ndalet vet\u00ebm me rr\u00ebzimin e Edi Ram\u00ebs ose shuarjen e opozit\u00ebs&#8221;, u shpreh Berisha.<\/p>\n","protected":false},"excerpt":{"rendered":"<p>Kryetari i PD, Sali Berisha, gjat\u00eb nj\u00eb konference shtypi tha se, protesta do t\u00eb ndalet vet\u00ebm me rr\u00ebzimin e Edi Ram\u00ebs ose shuarjen e opozit\u00ebs. &#8220;S\u00eb pari, do sqaroj, ky \u00ebsht\u00eb nj\u00eb proces inaugural, n\u00eb kuptimin e asaj q\u00eb ne zbresim n\u00eb fush\u00eb pasi kemi b\u00ebr\u00eb \u00e7do detyr\u00eb, pasi kemi faktuar \u00e7do gj\u00eb, t\u00eb betuar &hellip;<\/p>\n","protected":false},"author":4,"featured_media":131732,"comment_status":"closed","ping_status":"closed","sticky":false,"template":"","format":"standard","meta":{"footnotes":""},"categories":[134],"tags":[],"class_list":["post-131731","post","type-post","status-publish","format-standard","has-post-thumbnail","","category-news"],"_links":{"self":[{"href":"https:\/\/rdnews.al\/index.php\/wp-json\/wp\/v2\/posts\/131731","targetHints":{"allow":["GET"]}}],"collection":[{"href":"https:\/\/rdnews.al\/index.php\/wp-json\/wp\/v2\/posts"}],"about":[{"href":"https:\/\/rdnews.al\/index.php\/wp-json\/wp\/v2\/types\/post"}],"author":[{"embeddable":true,"href":"https:\/\/rdnews.al\/index.php\/wp-json\/wp\/v2\/users\/4"}],"replies":[{"embeddable":true,"href":"https:\/\/rdnews.al\/index.php\/wp-json\/wp\/v2\/comments?post=131731"}],"version-history":[{"count":1,"href":"https:\/\/rdnews.al\/index.php\/wp-json\/wp\/v2\/posts\/131731\/revisions"}],"predecessor-version":[{"id":131733,"href":"https:\/\/rdnews.al\/index.php\/wp-json\/wp\/v2\/posts\/131731\/revisions\/131733"}],"wp:featuredmedia":[{"embeddable":true,"href":"https:\/\/rdnews.al\/index.php\/wp-json\/wp\/v2\/media\/131732"}],"wp:attachment":[{"href":"https:\/\/rdnews.al\/index.php\/wp-json\/wp\/v2\/media?parent=131731"}],"wp:term":[{"taxonomy":"category","embeddable":true,"href":"https:\/\/rdnews.al\/index.php\/wp-json\/wp\/v2\/categories?post=131731"},{"taxonomy":"post_tag","embeddable":true,"href":"https:\/\/rdnews.al\/index.php\/wp-json\/wp\/v2\/tags?post=131731"}],"curies":[{"name":"wp","href":"https:\/\/api.w.org\/{rel}","templated":true}]}}