{"id":131738,"date":"2025-12-22T12:45:23","date_gmt":"2025-12-22T12:45:23","guid":{"rendered":"https:\/\/rdnews.al\/?p=131738"},"modified":"2025-12-22T22:32:08","modified_gmt":"2025-12-22T22:32:08","slug":"berisha-ne-dalim-ne-shesh-per-te-larguar-njeriun-qe-mori-licence-nga-gjykata-kushtetuese-per-te-vjedhur-sa-te-doje","status":"publish","type":"post","link":"https:\/\/rdnews.al\/index.php\/2025\/12\/22\/berisha-ne-dalim-ne-shesh-per-te-larguar-njeriun-qe-mori-licence-nga-gjykata-kushtetuese-per-te-vjedhur-sa-te-doje\/","title":{"rendered":"Ne dalim n\u00eb shesh p\u00ebr t\u00eb larguar njeriun q\u00eb mori licenc\u00eb nga Gjykata Kushtetuese p\u00ebr t\u00eb vjedhur sa t\u00eb doj\u00eb!"},"content":{"rendered":"<p>Kryetari i PD, Sali Berisha, gjat\u00eb nj\u00eb konference shtypi u b\u00ebri thirrje qytetar\u00ebve shqiptar\u00eb p\u00ebr pjesmarrje masive n\u00eb protest\u00ebn e sotme t\u00eb thirrur nga opozita.<\/p>\n<p>Berisha tha se, ne dalim n\u00eb shesh p\u00ebr t\u00eb larguar njeriun q\u00eb mori licenc\u00eb nga Gjykata Kushtetuese p\u00ebr t\u00eb vjedhur sa t\u00eb doj\u00eb.<\/p>\n<p>&#8220;Idealet, forca e tyre, nuk matet kurr\u00eb me numra.<\/p>\n<p>Nj\u00eb gj\u00eb ka provuar historia, q\u00eb nuk ka asgj\u00eb m\u00eb t\u00eb pathyeshme se ato.<\/p>\n<p>Dhe mos harroni nj\u00eb gj\u00eb, se m\u00ebsimi i historis\u00eb s\u00eb shqiptar\u00ebve nuk them se \u00ebsht\u00eb unik, por them se ka vler\u00eb bot\u00ebrore, pakica q\u00eb kan\u00eb fituar kund\u00ebr st\u00ebrshumicave, si n\u00eb historin\u00eb e Shqip\u00ebris\u00eb, nuk gjen kund tjet\u00ebr.<\/p>\n<p>Ndaj dhe ne dalim aty me guximin e shqiptarit, me idealet m\u00eb fisnike t\u00eb njeriut, p\u00ebr t\u00eb larguar k\u00ebt\u00eb njeri q\u00eb mori n\u00eb Gjykat\u00eb Kushtetuese licenc\u00ebn p\u00ebr t\u00eb vjedhur sa t\u00eb doj\u00eb.<\/p>\n<p>Mund t\u2019ia jap\u00eb gjykata, por populli do ia gris\u00eb ato letra atij&#8221;, tha Berisha.<\/p>\n","protected":false},"excerpt":{"rendered":"<p>Kryetari i PD, Sali Berisha, gjat\u00eb nj\u00eb konference shtypi u b\u00ebri thirrje qytetar\u00ebve shqiptar\u00eb p\u00ebr pjesmarrje masive n\u00eb protest\u00ebn e sotme t\u00eb thirrur nga opozita. Berisha tha se, ne dalim n\u00eb shesh p\u00ebr t\u00eb larguar njeriun q\u00eb mori licenc\u00eb nga Gjykata Kushtetuese p\u00ebr t\u00eb vjedhur sa t\u00eb doj\u00eb. &#8220;Idealet, forca e tyre, nuk matet kurr\u00eb &hellip;<\/p>\n","protected":false},"author":4,"featured_media":131735,"comment_status":"closed","ping_status":"closed","sticky":false,"template":"","format":"standard","meta":{"footnotes":""},"categories":[134],"tags":[],"class_list":["post-131738","post","type-post","status-publish","format-standard","has-post-thumbnail","","category-news"],"_links":{"self":[{"href":"https:\/\/rdnews.al\/index.php\/wp-json\/wp\/v2\/posts\/131738","targetHints":{"allow":["GET"]}}],"collection":[{"href":"https:\/\/rdnews.al\/index.php\/wp-json\/wp\/v2\/posts"}],"about":[{"href":"https:\/\/rdnews.al\/index.php\/wp-json\/wp\/v2\/types\/post"}],"author":[{"embeddable":true,"href":"https:\/\/rdnews.al\/index.php\/wp-json\/wp\/v2\/users\/4"}],"replies":[{"embeddable":true,"href":"https:\/\/rdnews.al\/index.php\/wp-json\/wp\/v2\/comments?post=131738"}],"version-history":[{"count":2,"href":"https:\/\/rdnews.al\/index.php\/wp-json\/wp\/v2\/posts\/131738\/revisions"}],"predecessor-version":[{"id":131740,"href":"https:\/\/rdnews.al\/index.php\/wp-json\/wp\/v2\/posts\/131738\/revisions\/131740"}],"wp:featuredmedia":[{"embeddable":true,"href":"https:\/\/rdnews.al\/index.php\/wp-json\/wp\/v2\/media\/131735"}],"wp:attachment":[{"href":"https:\/\/rdnews.al\/index.php\/wp-json\/wp\/v2\/media?parent=131738"}],"wp:term":[{"taxonomy":"category","embeddable":true,"href":"https:\/\/rdnews.al\/index.php\/wp-json\/wp\/v2\/categories?post=131738"},{"taxonomy":"post_tag","embeddable":true,"href":"https:\/\/rdnews.al\/index.php\/wp-json\/wp\/v2\/tags?post=131738"}],"curies":[{"name":"wp","href":"https:\/\/api.w.org\/{rel}","templated":true}]}}