{"id":131741,"date":"2025-12-22T12:48:14","date_gmt":"2025-12-22T12:48:14","guid":{"rendered":"https:\/\/rdnews.al\/?p=131741"},"modified":"2025-12-22T12:48:14","modified_gmt":"2025-12-22T12:48:14","slug":"berisha-ftesa-ime-per-lapajn-dhe-te-gjithe-partite-opozitare-eshte-qe-te-bashkohemi-kunder-kesaj-te-keqe-te-madhe","status":"publish","type":"post","link":"https:\/\/rdnews.al\/index.php\/2025\/12\/22\/berisha-ftesa-ime-per-lapajn-dhe-te-gjithe-partite-opozitare-eshte-qe-te-bashkohemi-kunder-kesaj-te-keqe-te-madhe\/","title":{"rendered":"Berisha: Ftesa ime p\u00ebr Lapajn dhe t\u00eb gjith\u00eb partit\u00eb opozitare \u00ebsht\u00eb q\u00eb t\u00eb bashkohemi kund\u00ebr k\u00ebsaj t\u00eb keqe t\u00eb madhe"},"content":{"rendered":"<p>Kryetari i Partis\u00eb Demokratike, Sali Berisha ka p\u00ebrs\u00ebritur thirrjen p\u00ebr t\u00eb gjith\u00eb forcat politike t\u00eb opozit\u00ebs q\u00eb t&#8217;i bashkohen protest\u00ebs.<\/p>\n<p>Berisha tha se, ftesa ime p\u00ebr Lapajn dhe t\u00eb gjith\u00eb partit\u00eb opozitare \u00ebsht\u00eb q\u00eb t\u00eb bashkohemi kund\u00ebr k\u00ebsaj t\u00eb keqe t\u00eb madhe.<\/p>\n<p><strong>Berisha:<\/strong> Lapaj ka pasur, ka dhe do ket\u00eb mb\u00ebshtetjen time p\u00ebr sa koh\u00eb gjendet n\u00eb protest\u00eb.<\/p>\n<p>Dhe jo vet\u00ebm Lapaj, por cilido qytetar shqiptar q\u00eb proteston kund\u00ebr k\u00ebsaj qeverie, ka dhe do ket\u00eb mb\u00ebshtetjen time.<\/p>\n<p>Ftesa ime p\u00ebr Lapajn dhe t\u00eb gjith\u00eb partit\u00eb opozitare \u00ebsht\u00eb q\u00eb t\u00eb bashkohemi kund\u00ebr k\u00ebsaj t\u00eb keqe t\u00eb madhe.<\/p>\n<p>P\u00ebrndryshe, kuptohet, kryetari i nj\u00eb partie ka projektin e tij.<\/p>\n<p>Un\u00eb k\u00ebt\u00eb nuk mund t\u00eb them, por ftesa \u00ebsht\u00eb e hapur.<\/p>\n","protected":false},"excerpt":{"rendered":"<p>Kryetari i Partis\u00eb Demokratike, Sali Berisha ka p\u00ebrs\u00ebritur thirrjen p\u00ebr t\u00eb gjith\u00eb forcat politike t\u00eb opozit\u00ebs q\u00eb t&#8217;i bashkohen protest\u00ebs. Berisha tha se, ftesa ime p\u00ebr Lapajn dhe t\u00eb gjith\u00eb partit\u00eb opozitare \u00ebsht\u00eb q\u00eb t\u00eb bashkohemi kund\u00ebr k\u00ebsaj t\u00eb keqe t\u00eb madhe. Berisha: Lapaj ka pasur, ka dhe do ket\u00eb mb\u00ebshtetjen time p\u00ebr sa koh\u00eb &hellip;<\/p>\n","protected":false},"author":4,"featured_media":131742,"comment_status":"closed","ping_status":"closed","sticky":false,"template":"","format":"standard","meta":{"footnotes":""},"categories":[37],"tags":[],"class_list":["post-131741","post","type-post","status-publish","format-standard","has-post-thumbnail","","category-politike"],"_links":{"self":[{"href":"https:\/\/rdnews.al\/index.php\/wp-json\/wp\/v2\/posts\/131741","targetHints":{"allow":["GET"]}}],"collection":[{"href":"https:\/\/rdnews.al\/index.php\/wp-json\/wp\/v2\/posts"}],"about":[{"href":"https:\/\/rdnews.al\/index.php\/wp-json\/wp\/v2\/types\/post"}],"author":[{"embeddable":true,"href":"https:\/\/rdnews.al\/index.php\/wp-json\/wp\/v2\/users\/4"}],"replies":[{"embeddable":true,"href":"https:\/\/rdnews.al\/index.php\/wp-json\/wp\/v2\/comments?post=131741"}],"version-history":[{"count":1,"href":"https:\/\/rdnews.al\/index.php\/wp-json\/wp\/v2\/posts\/131741\/revisions"}],"predecessor-version":[{"id":131743,"href":"https:\/\/rdnews.al\/index.php\/wp-json\/wp\/v2\/posts\/131741\/revisions\/131743"}],"wp:featuredmedia":[{"embeddable":true,"href":"https:\/\/rdnews.al\/index.php\/wp-json\/wp\/v2\/media\/131742"}],"wp:attachment":[{"href":"https:\/\/rdnews.al\/index.php\/wp-json\/wp\/v2\/media?parent=131741"}],"wp:term":[{"taxonomy":"category","embeddable":true,"href":"https:\/\/rdnews.al\/index.php\/wp-json\/wp\/v2\/categories?post=131741"},{"taxonomy":"post_tag","embeddable":true,"href":"https:\/\/rdnews.al\/index.php\/wp-json\/wp\/v2\/tags?post=131741"}],"curies":[{"name":"wp","href":"https:\/\/api.w.org\/{rel}","templated":true}]}}