{"id":131744,"date":"2025-12-22T12:51:31","date_gmt":"2025-12-22T12:51:31","guid":{"rendered":"https:\/\/rdnews.al\/?p=131744"},"modified":"2025-12-22T12:51:31","modified_gmt":"2025-12-22T12:51:31","slug":"berisha-beteja-jone-vazhdon-ne-parlament-rreth-tij-jashte-tij-dhe-kudo","status":"publish","type":"post","link":"https:\/\/rdnews.al\/index.php\/2025\/12\/22\/berisha-beteja-jone-vazhdon-ne-parlament-rreth-tij-jashte-tij-dhe-kudo\/","title":{"rendered":"Berisha: Beteja jon\u00eb vazhdon n\u00eb parlament, rreth tij, jasht\u00eb tij dhe kudo!"},"content":{"rendered":"<p>Lideri i opozit\u00ebs, Sali Berisha, gjat\u00eb konferenc\u00ebs p\u00ebr shtyp tha se, beteja jon\u00eb vazhdon n\u00eb parlament, rreth tij, jasht\u00eb tij dhe kudo\u201d, tha Berisha n\u00eb selin\u00eb e PD.<\/p>\n<p><strong>Berisha:<\/strong> Parlamenti do shnd\u00ebrrohet n\u00eb tempullin e liris\u00eb t\u00eb shqiptar\u00ebve, si\u00e7 \u00ebsht\u00eb n\u00eb Kushtetut\u00eb.<\/p>\n<p>Beteja jon\u00eb vazhdon n\u00eb parlament, rreth tij, jasht\u00eb tij dhe kudo.<\/p>\n<p>Thash\u00eb, kurr\u00eb ndonj\u00ebher\u00eb nuk jemi gjetur kaq rrug\u00ebshtruar dhe pun\u00ebmbaruar, po t\u00eb themi k\u00ebtu, si k\u00ebsaj here, p\u00ebr t\u00eb nisur betej\u00ebn ton\u00eb.<\/p>\n<p>N\u00eb parlament, ajo q\u00eb pat\u00eb ju, erdhi pasi u mbyll \u00e7do hap\u00ebsir\u00eb ndaj deputet\u00ebve t\u00eb opozit\u00ebs.<\/p>\n<p>Mbrapa \u00e7far\u00eb ndodhi?<\/p>\n<p>Edi Rama, pasi mori pushtetin gjyq\u00ebsor me Gjykat\u00ebn Kushtetuese, mori parlamentin.<\/p>\n<p>Bllokoi heqjen e imunitetit, duke shkelmuar me t\u00eb dy k\u00ebmb\u00ebt rregulloren e parlamentit, e cila n\u00eb m\u00ebnyr\u00eb laksative detyron kryetarin e parlamentit, q\u00eb sapo t\u00eb marr\u00eb k\u00ebrkes\u00ebn p\u00ebr heqjen e imunitetit apo arrest t\u00eb deputetit apo ministrit, t\u2019ia d\u00ebrgoj\u00eb k\u00ebt\u00eb k\u00ebrkes\u00eb komisionit t\u00eb imunitetit t\u00eb mandateve.<\/p>\n<p>Dhe komisioni shqyrton k\u00ebrkes\u00ebn dhe \u00ebsht\u00eb i detyruar, sipas rregullores, brenda dy jav\u00ebve, t\u00eb paraqes\u00eb raportin n\u00eb seanc\u00ebn e par\u00eb si pik\u00eb t\u00eb par\u00eb t\u00eb rendit t\u00eb dit\u00ebs.<\/p>\n<p>Edi Rama, n\u00eb m\u00ebnyr\u00eb q\u00eb nuk ka ndodhur kurr\u00eb, i tmerruar, pezulloi punimet e k\u00ebshillit t\u00eb mandateve, pezulloi papritmas punimet, nuk caktoi dat\u00eb tjet\u00ebr p\u00ebr t\u2019u mbledhur k\u00ebshilli, dhe deklaroi se ajo \u00e7\u00ebshtje kalon kur t\u00eb doj\u00eb ai, pas vendimit t\u00eb gjykat\u00ebs q\u00eb i dha licenc\u00ebn p\u00ebr t\u00eb vjedhur Edi Ram\u00ebs dhe Lubi Ballukut, i dha licenc\u00ebn p\u00ebr t\u00eb k\u00ebrc\u00ebnuar d\u00ebshmitar\u00ebt, p\u00ebr t\u00eb falsifikuar dhe manipuluar dokumentet.<\/p>\n<p>Prandaj thash\u00eb, jan\u00eb b\u00ebr\u00eb t\u00eb gjitha.<\/p>\n<p>Jemi tani, m\u00eb t\u00eb kthjell\u00ebt se kurr\u00eb&#8230;<\/p>\n","protected":false},"excerpt":{"rendered":"<p>Lideri i opozit\u00ebs, Sali Berisha, gjat\u00eb konferenc\u00ebs p\u00ebr shtyp tha se, beteja jon\u00eb vazhdon n\u00eb parlament, rreth tij, jasht\u00eb tij dhe kudo\u201d, tha Berisha n\u00eb selin\u00eb e PD. Berisha: Parlamenti do shnd\u00ebrrohet n\u00eb tempullin e liris\u00eb t\u00eb shqiptar\u00ebve, si\u00e7 \u00ebsht\u00eb n\u00eb Kushtetut\u00eb. Beteja jon\u00eb vazhdon n\u00eb parlament, rreth tij, jasht\u00eb tij dhe kudo. Thash\u00eb, kurr\u00eb &hellip;<\/p>\n","protected":false},"author":4,"featured_media":131725,"comment_status":"closed","ping_status":"closed","sticky":false,"template":"","format":"standard","meta":{"footnotes":""},"categories":[37],"tags":[],"class_list":["post-131744","post","type-post","status-publish","format-standard","has-post-thumbnail","","category-politike"],"_links":{"self":[{"href":"https:\/\/rdnews.al\/index.php\/wp-json\/wp\/v2\/posts\/131744","targetHints":{"allow":["GET"]}}],"collection":[{"href":"https:\/\/rdnews.al\/index.php\/wp-json\/wp\/v2\/posts"}],"about":[{"href":"https:\/\/rdnews.al\/index.php\/wp-json\/wp\/v2\/types\/post"}],"author":[{"embeddable":true,"href":"https:\/\/rdnews.al\/index.php\/wp-json\/wp\/v2\/users\/4"}],"replies":[{"embeddable":true,"href":"https:\/\/rdnews.al\/index.php\/wp-json\/wp\/v2\/comments?post=131744"}],"version-history":[{"count":1,"href":"https:\/\/rdnews.al\/index.php\/wp-json\/wp\/v2\/posts\/131744\/revisions"}],"predecessor-version":[{"id":131745,"href":"https:\/\/rdnews.al\/index.php\/wp-json\/wp\/v2\/posts\/131744\/revisions\/131745"}],"wp:featuredmedia":[{"embeddable":true,"href":"https:\/\/rdnews.al\/index.php\/wp-json\/wp\/v2\/media\/131725"}],"wp:attachment":[{"href":"https:\/\/rdnews.al\/index.php\/wp-json\/wp\/v2\/media?parent=131744"}],"wp:term":[{"taxonomy":"category","embeddable":true,"href":"https:\/\/rdnews.al\/index.php\/wp-json\/wp\/v2\/categories?post=131744"},{"taxonomy":"post_tag","embeddable":true,"href":"https:\/\/rdnews.al\/index.php\/wp-json\/wp\/v2\/tags?post=131744"}],"curies":[{"name":"wp","href":"https:\/\/api.w.org\/{rel}","templated":true}]}}