{"id":131747,"date":"2025-12-22T13:00:45","date_gmt":"2025-12-22T13:00:45","guid":{"rendered":"https:\/\/rdnews.al\/?p=131747"},"modified":"2025-12-22T22:29:53","modified_gmt":"2025-12-22T22:29:53","slug":"pmjet-nga-rrembimi-i-biznesmenit-gerond-mece-nga-njereit-e-ergys-agasit-te-veshur-si-police-dhe-agjente-te-bkh","status":"publish","type":"post","link":"https:\/\/rdnews.al\/index.php\/2025\/12\/22\/pmjet-nga-rrembimi-i-biznesmenit-gerond-mece-nga-njereit-e-ergys-agasit-te-veshur-si-police-dhe-agjente-te-bkh\/","title":{"rendered":"Pamjet nga rr\u00ebmbimi i biznesmenit nga njer\u00ebzit e Ergys Agasit, t\u00eb veshur si polic\u00eb dhe agjent\u00eb t\u00eb BKH"},"content":{"rendered":"<p>Pamje nga momenti i rr\u00ebmbimit t\u00eb biznesmenit Gerond Me\u00e7e m\u00eb 12 gusht t\u00eb k\u00ebtij viti jan\u00eb b\u00ebr\u00eb publike n\u00eb media.<\/p>\n<div class=\"jeg_ad jeg_ad_article jnews_content_inline_ads \">\n<div class=\"ads-wrapper align-center \">\n<div class=\"ads_code\">Si\u00e7 shihet, disa persona t\u00eb veshur me uniforma policie dhe veshjeve q\u00eb imitonin agjent\u00ebt e BKH-s\u00eb, i afrohen Me\u00e7es n\u00ebn simbolik\u00ebn e \u201cshtetit\u201d dhe pesh\u00ebs s\u00eb unformave q\u00eb mbartnin.<\/div>\n<\/div>\n<\/div>\n<p>M\u00ebsohet se Me\u00e7e u mbajt p\u00ebr disa or\u00eb n\u00ebn presion dhe k\u00ebrc\u00ebnime, me synim q\u00eb ai t\u00eb t\u00ebrhiqej nga ankesat e paraqitura lidhur me procedurat e tender\u00ebve t\u00eb AKSHI-t. Vet\u00ebm pasi biznesmeni pranoi t\u00eb heq\u00eb dor\u00eb nga k\u00ebto ankimime, rr\u00ebmbyesit e lan\u00eb t\u00eb lir\u00eb, duke e braktisur n\u00eb nj\u00eb zon\u00eb rurale t\u00eb qarkut t\u00eb Elbasanit.<\/p>\n<p>Hetimet kan\u00eb zbuluar se urdhri p\u00ebr k\u00ebt\u00eb ngjarje dyshohet se ka ardhur nga nj\u00eb grup kriminal i drejtuar nga Ergys Agasi dhe Ermal Beqiri. Aktualisht, t\u00eb dy jan\u00eb shpallur n\u00eb k\u00ebrkim nga autoritetet.<\/p>\n<p><img decoding=\"async\" src=\"https:\/\/cdnimpuls.com\/dosja.al\/media3\/-640-0-1766404537x900-0-1766404100x900-0-1766400736xf398bdb8-05e1-476e-bf20-edc745ba9ce1-944-131-350.jpeg\" alt=\"PAMJET e rr\u00ebmbimit t\u00eb Gerond Me\u00e7es! T\u00eb veshur si\" width=\"100%\" data-size=\"x\" data-id=\"698439\" data-pin-no-hover=\"true\" \/><\/p>\n<p><img decoding=\"async\" src=\"https:\/\/cdnimpuls.com\/dosja.al\/media3\/-640-0-1766404536x900-0-1766404095x900-0-1766400736xdb65207c-f930-4e48-b56a-d2195e52d4e5-692-159-367.jpeg\" alt=\"PAMJET e rr\u00ebmbimit t\u00eb Gerond Me\u00e7es! T\u00eb veshur si\" width=\"100%\" data-size=\"x\" data-id=\"698437\" data-pin-no-hover=\"true\" \/><\/p>\n<div class=\"jeg_ad jeg_ad_article jnews_content_inline_3_ads \">\n<div class=\"ads-wrapper align-center \">\n<div class=\"ads_code\">\n<div class=\"desktopi\" align=\"center\">\n<p>&nbsp;<\/p>\n<div id=\"beacon_3105d842b1\"><img loading=\"lazy\" decoding=\"async\" src=\"https:\/\/ads.adsense.al\/www\/delivery\/lg.php?bannerid=0&amp;campaignid=0&amp;zoneid=138&amp;loc=https%3A%2F%2Fboldnews.al%2F2025%2F12%2F22%2Fte-veshur-si-police-dhe-agjente-te-bkh-se-pamje-nga-momenti-i-rrembimit-te-biznesmenit-gerond-mece%2F&amp;referer=https%3A%2F%2Fboldnews.al%2Fcategory%2Faktualitet%2F&amp;cb=3105d842b1\" alt=\"\" width=\"0\" height=\"0\" \/><\/div>\n<p>&nbsp;<\/p>\n<\/div>\n<\/div>\n<\/div>\n<\/div>\n","protected":false},"excerpt":{"rendered":"<p>Pamje nga momenti i rr\u00ebmbimit t\u00eb biznesmenit Gerond Me\u00e7e m\u00eb 12 gusht t\u00eb k\u00ebtij viti jan\u00eb b\u00ebr\u00eb publike n\u00eb media. Si\u00e7 shihet, disa persona t\u00eb veshur me uniforma policie dhe veshjeve q\u00eb imitonin agjent\u00ebt e BKH-s\u00eb, i afrohen Me\u00e7es n\u00ebn simbolik\u00ebn e \u201cshtetit\u201d dhe pesh\u00ebs s\u00eb unformave q\u00eb mbartnin. M\u00ebsohet se Me\u00e7e u mbajt p\u00ebr &hellip;<\/p>\n","protected":false},"author":4,"featured_media":131748,"comment_status":"closed","ping_status":"closed","sticky":false,"template":"","format":"standard","meta":{"footnotes":""},"categories":[37],"tags":[],"class_list":["post-131747","post","type-post","status-publish","format-standard","has-post-thumbnail","","category-politike"],"_links":{"self":[{"href":"https:\/\/rdnews.al\/index.php\/wp-json\/wp\/v2\/posts\/131747","targetHints":{"allow":["GET"]}}],"collection":[{"href":"https:\/\/rdnews.al\/index.php\/wp-json\/wp\/v2\/posts"}],"about":[{"href":"https:\/\/rdnews.al\/index.php\/wp-json\/wp\/v2\/types\/post"}],"author":[{"embeddable":true,"href":"https:\/\/rdnews.al\/index.php\/wp-json\/wp\/v2\/users\/4"}],"replies":[{"embeddable":true,"href":"https:\/\/rdnews.al\/index.php\/wp-json\/wp\/v2\/comments?post=131747"}],"version-history":[{"count":3,"href":"https:\/\/rdnews.al\/index.php\/wp-json\/wp\/v2\/posts\/131747\/revisions"}],"predecessor-version":[{"id":131829,"href":"https:\/\/rdnews.al\/index.php\/wp-json\/wp\/v2\/posts\/131747\/revisions\/131829"}],"wp:featuredmedia":[{"embeddable":true,"href":"https:\/\/rdnews.al\/index.php\/wp-json\/wp\/v2\/media\/131748"}],"wp:attachment":[{"href":"https:\/\/rdnews.al\/index.php\/wp-json\/wp\/v2\/media?parent=131747"}],"wp:term":[{"taxonomy":"category","embeddable":true,"href":"https:\/\/rdnews.al\/index.php\/wp-json\/wp\/v2\/categories?post=131747"},{"taxonomy":"post_tag","embeddable":true,"href":"https:\/\/rdnews.al\/index.php\/wp-json\/wp\/v2\/tags?post=131747"}],"curies":[{"name":"wp","href":"https:\/\/api.w.org\/{rel}","templated":true}]}}