{"id":131750,"date":"2025-12-22T13:10:05","date_gmt":"2025-12-22T13:10:05","guid":{"rendered":"https:\/\/rdnews.al\/?p=131750"},"modified":"2025-12-22T22:29:14","modified_gmt":"2025-12-22T22:29:14","slug":"imuniteti-i-ballukut-berisha-rama-po-ben-cdo-gje-per-te-mos-e-kaluar-ne-parlament","status":"publish","type":"post","link":"https:\/\/rdnews.al\/index.php\/2025\/12\/22\/imuniteti-i-ballukut-berisha-rama-po-ben-cdo-gje-per-te-mos-e-kaluar-ne-parlament\/","title":{"rendered":"Imuniteti i Ballukut\/ Berisha: Rama po b\u00ebn \u00e7do gj\u00eb p\u00ebr t\u00eb mos e kaluar n\u00eb parlament!"},"content":{"rendered":"<p>Kryetari i PD, Sali Berisha denoncoi p\u00ebrpjekjet e Edi Ram\u00ebs p\u00ebr t\u00eb mbrojtur Belinda Ballukun, e cila \u00ebsht\u00eb e pandehur nga SPAK dhe \u00ebsht\u00eb k\u00ebrkuar heqja e imunitetit t\u00eb saj parlamentar.<\/p>\n<p>Gjat\u00eb konferenc\u00ebs p\u00ebr shtyp Berisha tha se, Rama po b\u00ebn \u00e7do gj\u00eb p\u00ebr t\u00eb mos e kaluar n\u00eb parlament.<\/p>\n<p>&#8220;Opozita e ka shum\u00eb t\u00eb qart\u00eb se Edi Rama po b\u00ebn \u00e7do gj\u00eb p\u00ebr t\u00eb mos e kaluar n\u00eb parlament.<\/p>\n<p>Spostimi, sipas tij, dhe jo sipas parlamentit, se ai e mori, ky \u00ebsht\u00eb pu\u00e7, k\u00ebtu kemi t\u00eb b\u00ebjm\u00eb me nj\u00eb pu\u00e7 antikushtetues.<\/p>\n<p>Ai, pasi mori pushtetin gjyq\u00ebsor me nj\u00eb vendim korruptiv t\u00eb Gjykat\u00ebs Kushtetuese, ai mori pushtetin e parlamentit.<\/p>\n<p>Dhe tha pas vendimit t\u00eb gjykat\u00ebs, t\u00eb jeni t\u00eb sigurt q\u00eb mashtron.<\/p>\n<p>Por nuk ka r\u00ebnd\u00ebsi p\u00ebr ne, r\u00ebnd\u00ebsi ka q\u00eb kreu nj\u00eb pu\u00e7, mori pushtetin e parlamentit.<\/p>\n<p>P\u00ebr sa i p\u00ebrket q\u00ebndrimeve tona, ne nuk bojkotojm\u00eb parlamentin.<\/p>\n<p>Luft\u00ebn do ta b\u00ebjm\u00eb brenda n\u00eb parlament me t\u00eb gjith\u00eb fuqin\u00eb ton\u00eb, me t\u00eb gjith\u00eb mb\u00ebshtetjen ton\u00eb.<\/p>\n<p>Ne do ta shnd\u00ebrrojm\u00eb parlamentin p\u00ebrs\u00ebri n\u00eb tempullin e liris\u00eb s\u00eb shqiptar\u00ebve.<\/p>\n<p>Ne nuk marrim pjes\u00eb n\u00eb asnj\u00eb nga komisionet n\u00eb t\u00eb cilat negocioheshin reformat me narkomazhoranc\u00ebn.<\/p>\n<p>Por parlamentin nuk e bojkotojm\u00eb, do zhvillojm\u00eb luft\u00eb dhe betej\u00eb aty, sikund\u00ebr n\u00eb shesh, n\u00eb rrug\u00eb, n\u00eb greva, n\u00eb demonstrata, n\u00eb t\u00eb gjitha format.<\/p>\n<p>Tani nata dhe dita, toka dhe qielli jan\u00eb tonat.<\/p>\n<p>Nuk ka m\u00eb&#8230;<\/p>\n<p>Opozita \u00ebsht\u00eb e vendosur, e betuar t\u00eb p\u00ebrmbush\u00eb misionin e saj.<\/p>\n<p>U ftoj ta p\u00ebrcillni at\u00eb protest\u00eb me dashuri dhe simpati&#8221;, u shpreh Berisha.<\/p>\n","protected":false},"excerpt":{"rendered":"<p>Kryetari i PD, Sali Berisha denoncoi p\u00ebrpjekjet e Edi Ram\u00ebs p\u00ebr t\u00eb mbrojtur Belinda Ballukun, e cila \u00ebsht\u00eb e pandehur nga SPAK dhe \u00ebsht\u00eb k\u00ebrkuar heqja e imunitetit t\u00eb saj parlamentar. Gjat\u00eb konferenc\u00ebs p\u00ebr shtyp Berisha tha se, Rama po b\u00ebn \u00e7do gj\u00eb p\u00ebr t\u00eb mos e kaluar n\u00eb parlament. &#8220;Opozita e ka shum\u00eb t\u00eb &hellip;<\/p>\n","protected":false},"author":4,"featured_media":129075,"comment_status":"closed","ping_status":"closed","sticky":false,"template":"","format":"standard","meta":{"footnotes":""},"categories":[134],"tags":[],"class_list":["post-131750","post","type-post","status-publish","format-standard","has-post-thumbnail","","category-news"],"_links":{"self":[{"href":"https:\/\/rdnews.al\/index.php\/wp-json\/wp\/v2\/posts\/131750","targetHints":{"allow":["GET"]}}],"collection":[{"href":"https:\/\/rdnews.al\/index.php\/wp-json\/wp\/v2\/posts"}],"about":[{"href":"https:\/\/rdnews.al\/index.php\/wp-json\/wp\/v2\/types\/post"}],"author":[{"embeddable":true,"href":"https:\/\/rdnews.al\/index.php\/wp-json\/wp\/v2\/users\/4"}],"replies":[{"embeddable":true,"href":"https:\/\/rdnews.al\/index.php\/wp-json\/wp\/v2\/comments?post=131750"}],"version-history":[{"count":1,"href":"https:\/\/rdnews.al\/index.php\/wp-json\/wp\/v2\/posts\/131750\/revisions"}],"predecessor-version":[{"id":131751,"href":"https:\/\/rdnews.al\/index.php\/wp-json\/wp\/v2\/posts\/131750\/revisions\/131751"}],"wp:featuredmedia":[{"embeddable":true,"href":"https:\/\/rdnews.al\/index.php\/wp-json\/wp\/v2\/media\/129075"}],"wp:attachment":[{"href":"https:\/\/rdnews.al\/index.php\/wp-json\/wp\/v2\/media?parent=131750"}],"wp:term":[{"taxonomy":"category","embeddable":true,"href":"https:\/\/rdnews.al\/index.php\/wp-json\/wp\/v2\/categories?post=131750"},{"taxonomy":"post_tag","embeddable":true,"href":"https:\/\/rdnews.al\/index.php\/wp-json\/wp\/v2\/tags?post=131750"}],"curies":[{"name":"wp","href":"https:\/\/api.w.org\/{rel}","templated":true}]}}