{"id":131782,"date":"2025-12-22T18:22:03","date_gmt":"2025-12-22T18:22:03","guid":{"rendered":"https:\/\/rdnews.al\/?p=131782"},"modified":"2025-12-22T22:27:22","modified_gmt":"2025-12-22T22:27:22","slug":"balliu-nuk-do-kene-vrime-ku-te-fshihen-kjo-proteste-shenon-fillimin-e-fitores-se-shqiperise","status":"publish","type":"post","link":"https:\/\/rdnews.al\/index.php\/2025\/12\/22\/balliu-nuk-do-kene-vrime-ku-te-fshihen-kjo-proteste-shenon-fillimin-e-fitores-se-shqiperise\/","title":{"rendered":"Balliu: Nuk do ken\u00eb vrim\u00eb ku t\u00eb fshihen&#8217;! Kjo protest\u00eb sh\u00ebnon fillimin e fitores s\u00eb Shqip\u00ebris\u00eb!"},"content":{"rendered":"<p>Deputeti i PD, Klevis Balliu gjat\u00eb fjal\u00ebs n\u00eb protest\u00ebn e opozit\u00ebs l\u00ebshoi nj\u00eb s\u00ebr\u00eb akuzash t\u00eb r\u00ebnda ndaj qeveris\u00eb, duke u shprehur se pasuria e zyrtar\u00ebve t\u00eb lart\u00eb \u00ebsht\u00eb n\u00eb kontrast t\u00eb thell\u00eb me gjendjen e qytetar\u00ebve. N\u00eb fjal\u00ebn e tij, deputeti denoncoi me emra konkret\u00eb zyrtar\u00eb t\u00eb lart\u00eb.<\/p>\n<p>Sipas Balliut, nd\u00ebrsa n\u00eb spitale mungojn\u00eb ila\u00e7et, sh\u00ebrb\u00ebtor\u00eb t\u00eb Ram\u00ebs si Ergys Agasi zot\u00ebrojn\u00eb shishe vere me vler\u00eb 3 milion\u00eb euro. M\u00eb tej, ai akuzoi ministren Belinda Balluku se zot\u00ebron 314 apartamente dhe dy jahte, nd\u00ebrkoh\u00eb q\u00eb t\u00eb rinjt\u00eb shqiptar\u00eb largohen nga vendi pasi nuk mund t\u00eb blejn\u00eb nj\u00eb banes\u00eb, si pasoj\u00eb\u00a0e pastrimit t\u00eb parave t\u00eb drog\u00ebs n\u00eb sektorin e nd\u00ebrtimit.<\/p>\n<p>Ai b\u00ebri thirrje p\u00ebr luft\u00eb t\u00eb pa kompromis p\u00ebr arrestimin e tyre dhe konfiskimin e t\u00eb gjitha pasurive. Balliu deklaroi se qeverisja aktuale \u00ebsht\u00eb nj\u00eb \u201cnarkopushtet\u201d dhe se kryeministri Edi Rama \u00ebsht\u00eb nj\u00eb \u201ctrafikant i r\u00ebndomt\u00eb droge\u201d q\u00eb ka marr\u00eb pushtetin me ndihm\u00ebn e narkokarteleve dhe blerjes s\u00eb votave.<\/p>\n<p><strong>Balliu: <\/strong>P\u00ebrsh\u00ebndetje qendrestar\u00eb, heronjt\u00eb e Shqip\u00ebris\u00eb, misionar\u00eb t\u00eb luft\u00ebs kund\u00ebr narkoshtetit! T\u00eb nderuar miq, sot m\u00eb shum\u00eb se kurr\u00eb, bandat n\u00eb pushtet fshihen si struci. Sot m\u00eb shum\u00eb se kurr\u00eb, jan\u00eb n\u00eb gar\u00eb, kush t\u2019ja fus\u00eb nj\u00ebri-tjetrit.<\/p>\n<p>Jo p\u00ebr frik\u00ebn e nj\u00ebrit apo tjetrit, po prej frik\u00ebs nga ju, se e din\u00eb q\u00eb ju ka ardhur data. Ju ja kallni dat\u00ebn! T\u00eb nderuar miq, t\u00eb nderuar qendrestar\u00eb! 12 vite kemi denoncuar se si nj\u00eb narkopushtet ka vjedhur \u00e7do dit\u00eb, ka vjedhur \u00e7do minut\u00eb, \u00e7do or\u00eb, duke i transformuar shqiptar\u00ebt n\u00eb popullin m\u00eb t\u00eb varf\u00ebr t\u00eb Europ\u00ebs, me pushtetar\u00ebt m\u00eb t\u00eb pasur t\u00eb bot\u00ebs. Nd\u00ebrkoh\u00eb q\u00eb sot, n\u00eb Shqip\u00ebri, nuk ka ila\u00e7e n\u00ebp\u00ebr spitale, Ergys Agasi ka 3 milion\u00eb euro shishe vere.<\/p>\n<p>Nd\u00ebrkoh\u00eb q\u00eb t\u00eb rinjt\u00eb dhe t\u00eb rejat, largohen se nuk blejn\u00eb dot nj\u00eb apartament n\u00eb Shqip\u00ebri, si rrjedhoj\u00eb e pastrimit t\u00eb parave t\u00eb drog\u00ebs, n\u00eb nd\u00ebrtim, Belinda Balluku ka plot 314 apartamente dhe dy jahte dhe k\u00ebto jan\u00eb t\u00eb vetmet q\u00eb dim\u00eb ne. E sa e sa t\u00eb tjera. Dhe t\u2019imagjinosh q\u00eb k\u00ebto jan\u00eb sh\u00ebrb\u00ebtor\u00ebt e Edi Ram\u00ebs. Kur k\u00ebta sh\u00ebrb\u00ebtor\u00eb kan\u00eb k\u00ebto pasuri, \u00e7far\u00eb pasurie ka narkokryeministri Edi Rama? Ku i gjet\u00ebn parat\u00eb? Jan\u00eb t\u00eb gjitha para tuaja.<\/p>\n<p>Prandaj duhet t\u00eb luftojm\u00eb q\u00eb t\u2019i arrestojm\u00eb, t\u00eb shkojn\u00eb n\u00eb burg dhe t&#8217;i konfiskohen t\u00eb gjitha pasurit\u00eb q\u00eb ju kan\u00eb vjedhur ju. T\u00eb nderuar motra dhe v\u00ebllez\u00ebr, t\u00eb nderuar demokrat\u00eb, t\u00eb nderuar qytetar\u00eb, sot mediat e narkopushtetit na tregojn\u00eb se k\u00ebtu jan\u00eb militant\u00eb t\u00eb partis\u00eb. Jo! K\u00ebtu nuk jan\u00eb militant\u00eb partie, k\u00ebtu jan\u00eb militant\u00ebt e Shqip\u00ebris\u00eb, misionar\u00ebt q\u00eb kan\u00eb vendosur t\u00eb largojn\u00eb narkoshtetin dhe narkokryeministrin Edi Rama.<\/p>\n<p>Deri dje, t\u00eb nderuar miq, ishte vet\u00ebm opozita q\u00eb fliste p\u00ebr narkoshtetin. Deri dje, ishte vet\u00ebm opozita q\u00eb denonconte. Kurse sot \u00ebsht\u00eb e gjith\u00eb Europa, sot jan\u00eb shtat\u00eb rezoluta nd\u00ebrkomb\u00ebtare q\u00eb faktojn\u00eb akuzat tona. Sot \u00ebsht\u00eb e gjith\u00eb bota q\u00eb fakton se Edi Rama \u00ebsht\u00eb kryetari i nj\u00eb narkoshteti. Sot t\u00eb nderuar miq, nuk ka asnj\u00eb gjuh\u00eb e bot\u00ebs q\u00eb nuk e di q\u00eb Edi Rama \u00ebsht\u00eb nj\u00eb trafikant i r\u00ebndomt\u00eb droge q\u00eb ka vjedhur pushtetin me narkokartelet, duke bler\u00eb vota, duke b\u00ebr\u00eb presion. Kur nj\u00eb shtet bie pre e bandave, \u00e7far\u00eb ndodh?<\/p>\n<p>Ndodh q\u00eb biznesmen\u00ebt merren peng. Ndodh q\u00eb punonj\u00ebsi i administrat\u00ebs merren peng, p\u00ebr interesat e baxhanakut t\u00eb kryeministrit. Ndodh q\u00eb t\u00eb torturohen n\u00ebp\u00ebr skutat e krimit t\u00eb Suel \u00c7el\u00ebs, Tropinjve, Xhabaft\u00ebve dhe \u00e7do krimineli tjet\u00ebr. Dhe sot, nga ky podium, do u themi q\u00eb nj\u00ebsoj si\u00e7 kemi b\u00ebr\u00eb me kriminel\u00ebt kur kemi qen\u00eb n\u00eb pushtet, q\u00eb i gjet\u00ebm n\u00eb skutat ku ishin fshehur, nga Aldo Bare te kushdo tjet\u00ebr, t\u00eb gjitha bandat do ken\u00eb t\u00eb nj\u00ebjtin fat.<\/p>\n<p>Nuk do ken\u00eb vrim\u00eb ku t\u00eb fshihen, do t\u00eb arrestohen dhe do t\u00eb shkojn\u00eb n\u00eb burgun ku meritojn\u00eb. Ndaj sot, t\u00eb nderuar miq, m\u00eb shum\u00eb se kurr\u00eb \u00ebsht\u00eb e nevojshme q\u00ebndresa. Kjo q\u00eb nis sot nuk \u00ebsht\u00eb thjesht nj\u00eb protest\u00eb. Kjo q\u00eb nis sot nuk \u00ebsht\u00eb nj\u00eb miting. Kjo \u00ebsht\u00eb pik\u00ebnisja e nj\u00eb misioni pa kthim. Kjo \u00ebsht\u00eb pik\u00ebnisja e nj\u00eb revolte pa kthim. Kjo \u00ebsht\u00eb pik\u00ebnisja e fitores s\u00eb Shqip\u00ebris\u00eb dhe d\u00ebshtimit t\u00eb narkoshtetit. Sot m\u00eb shum\u00eb se kurr\u00eb, jam krenar q\u00eb jam nj\u00eb nga ju.<\/p>\n","protected":false},"excerpt":{"rendered":"<p>Deputeti i PD, Klevis Balliu gjat\u00eb fjal\u00ebs n\u00eb protest\u00ebn e opozit\u00ebs l\u00ebshoi nj\u00eb s\u00ebr\u00eb akuzash t\u00eb r\u00ebnda ndaj qeveris\u00eb, duke u shprehur se pasuria e zyrtar\u00ebve t\u00eb lart\u00eb \u00ebsht\u00eb n\u00eb kontrast t\u00eb thell\u00eb me gjendjen e qytetar\u00ebve. N\u00eb fjal\u00ebn e tij, deputeti denoncoi me emra konkret\u00eb zyrtar\u00eb t\u00eb lart\u00eb. Sipas Balliut, nd\u00ebrsa n\u00eb spitale mungojn\u00eb &hellip;<\/p>\n","protected":false},"author":4,"featured_media":131783,"comment_status":"closed","ping_status":"closed","sticky":false,"template":"","format":"standard","meta":{"footnotes":""},"categories":[134],"tags":[],"class_list":["post-131782","post","type-post","status-publish","format-standard","has-post-thumbnail","","category-news"],"_links":{"self":[{"href":"https:\/\/rdnews.al\/index.php\/wp-json\/wp\/v2\/posts\/131782","targetHints":{"allow":["GET"]}}],"collection":[{"href":"https:\/\/rdnews.al\/index.php\/wp-json\/wp\/v2\/posts"}],"about":[{"href":"https:\/\/rdnews.al\/index.php\/wp-json\/wp\/v2\/types\/post"}],"author":[{"embeddable":true,"href":"https:\/\/rdnews.al\/index.php\/wp-json\/wp\/v2\/users\/4"}],"replies":[{"embeddable":true,"href":"https:\/\/rdnews.al\/index.php\/wp-json\/wp\/v2\/comments?post=131782"}],"version-history":[{"count":1,"href":"https:\/\/rdnews.al\/index.php\/wp-json\/wp\/v2\/posts\/131782\/revisions"}],"predecessor-version":[{"id":131784,"href":"https:\/\/rdnews.al\/index.php\/wp-json\/wp\/v2\/posts\/131782\/revisions\/131784"}],"wp:featuredmedia":[{"embeddable":true,"href":"https:\/\/rdnews.al\/index.php\/wp-json\/wp\/v2\/media\/131783"}],"wp:attachment":[{"href":"https:\/\/rdnews.al\/index.php\/wp-json\/wp\/v2\/media?parent=131782"}],"wp:term":[{"taxonomy":"category","embeddable":true,"href":"https:\/\/rdnews.al\/index.php\/wp-json\/wp\/v2\/categories?post=131782"},{"taxonomy":"post_tag","embeddable":true,"href":"https:\/\/rdnews.al\/index.php\/wp-json\/wp\/v2\/tags?post=131782"}],"curies":[{"name":"wp","href":"https:\/\/api.w.org\/{rel}","templated":true}]}}