{"id":131788,"date":"2025-12-22T18:39:02","date_gmt":"2025-12-22T18:39:02","guid":{"rendered":"https:\/\/rdnews.al\/?p=131788"},"modified":"2025-12-22T22:27:03","modified_gmt":"2025-12-22T22:27:03","slug":"berisha-edi-rama-hidhi-syte-ne-bulevard-nga-sonte-ti-do-njihesh-ne-bote-si-kapobande-jo-me-si-kryeminister","status":"publish","type":"post","link":"https:\/\/rdnews.al\/index.php\/2025\/12\/22\/berisha-edi-rama-hidhi-syte-ne-bulevard-nga-sonte-ti-do-njihesh-ne-bote-si-kapobande-jo-me-si-kryeminister\/","title":{"rendered":"&#8220;Nga sonte ti do njihesh n\u00eb bot\u00eb si kapoband\u00eb, jo m\u00eb si kryeminist\u00ebr!"},"content":{"rendered":"<p>Kryetari i PD, Sali Berisha, duke iu drejtuar mij\u00ebra shqiptar\u00ebve n\u00eb protest\u00ebn para Kryeministris\u00eb u shpreh se, Shqip\u00ebria \u00ebsht\u00eb n\u00eb momentin e tij m\u00eb kritik.<\/p>\n<p>Ai u shpreh se, pasi vodhi zgjedhjet, Edi Rama ka vendosur q\u00eb t\u00eb b\u00ebhet milimiliarder duke vjedhur parat\u00eb e shqiptar\u00ebve.<\/p>\n<p>Berisha I b\u00ebri thrrje Edi Ram\u00ebs, hidhi syt\u00eb k\u00ebtij bulevardi, nga sonte ti kurr\u00eb nuk do njihesh m\u00eb n\u00eb Shqip\u00ebri as n\u00eb bot\u00eb si kryeminist\u00ebr, por si kapoband\u00eb, si kapoband\u00eb, si kapoband\u00eb.<\/p>\n<p><strong>\u201c<\/strong>T\u00eb dashur qytetar\u00eb dhe qytetare t\u00eb Tiran\u00ebs, demokrate e demokrat\u00eb, shqiptare e shqiptar\u00eb kudo q\u00eb jeni sonte, n\u00eb Shqip\u00ebri dhe jasht\u00eb vendit.<\/p>\n<p>T\u00eb nderuar deputet\u00eb, t\u00eb nderuar aleat\u00eb t\u00eb PD.<\/p>\n<p>P\u00ebrsh\u00ebndetjet m\u00eb miq\u00ebsore, nderimin m\u00eb t\u00eb madh ju burrave dhe grave, djemve dhe vajzave q\u00eb u ngrit\u00ebt sonte si uragan i shpres\u00ebs, i besimit, i shp\u00ebtimit t\u00eb Shqip\u00ebris\u00eb dhe shqiptar\u00ebve.<\/p>\n<p>T\u00eb dashur miq, u flas sot n\u00eb nj\u00eb nga momentet m\u00eb kritike t\u00eb kombit, jo vet\u00ebm n\u00eb 35 vitet e fundit, por ndoshta gjat\u00eb gjith\u00eb historis\u00eb s\u00eb tij mij\u00ebravje\u00e7are.<\/p>\n<p>N\u00eb 10 vitet e fundit t\u00eb k\u00ebtij regjimi, shqiptar\u00ebt jan\u00eb pak\u00ebsuar m\u00eb shum\u00eb se nga \u00e7do epidemi, nga \u00e7do pushtim, nga \u00e7do zi buke dhe \u00e7do gj\u00eb tjet\u00ebr.<\/p>\n<p>Shqiptar\u00ebt, n\u00eb 10 vite t\u00eb k\u00ebtij regjimi, kan\u00eb shkuar mbrapa 100 vite p\u00ebr lindshm\u00ebrin\u00eb e tyre.<\/p>\n<p>Sot ata kan\u00eb humbur mbi gjysm\u00ebn e rinis\u00eb s\u00eb tyre.<\/p>\n<p>Kan\u00eb humbur t\u00eb ardhmen dhe \u00e7do vit b\u00ebhen gjithnj\u00eb e m\u00eb pak n\u00eb k\u00ebt\u00eb dhe t\u00eb bekuar.<\/p>\n<p>Ne mblidhemi n\u00eb nj\u00eb moment kritik, ndoshta si kurr\u00eb m\u00eb par\u00eb, sepse Edi Rama, pasi i shnd\u00ebrroi zgjedhjet n\u00eb fars\u00eb elektorale, del se ka vendosur t\u00eb b\u00ebhet multi-miliarder me parat\u00eb tuaja, me pasurit\u00eb tuaja publike.<\/p>\n<p>Dhe jo vet\u00ebm kaq, por ai ka vendosur veten mbi ligjin, mbi Kushtetut\u00ebn.<\/p>\n<p>Ka vendosur veten mbi \u00e7do pushtet, dhe na thot\u00eb nga Surreli, apo kjo nd\u00ebrtes\u00eb e krimit, se un\u00eb u shum\u00ebzoj me zero.<\/p>\n<p>Se un\u00eb jam mbi ligjin, mbi Kushtetut\u00ebn.<\/p>\n<p>Edi Rama, hidhi syt\u00eb k\u00ebtij bulevardi, nga sonte ti kurr\u00eb nuk do njihesh m\u00eb n\u00eb Shqip\u00ebri as n\u00eb bot\u00eb si kryeminist\u00ebr, por si kapoband\u00eb, si kapoband\u00eb, si kapoband\u00eb\u201d, u shpreh Berisha.<\/p>\n","protected":false},"excerpt":{"rendered":"<p>Kryetari i PD, Sali Berisha, duke iu drejtuar mij\u00ebra shqiptar\u00ebve n\u00eb protest\u00ebn para Kryeministris\u00eb u shpreh se, Shqip\u00ebria \u00ebsht\u00eb n\u00eb momentin e tij m\u00eb kritik. Ai u shpreh se, pasi vodhi zgjedhjet, Edi Rama ka vendosur q\u00eb t\u00eb b\u00ebhet milimiliarder duke vjedhur parat\u00eb e shqiptar\u00ebve. Berisha I b\u00ebri thrrje Edi Ram\u00ebs, hidhi syt\u00eb k\u00ebtij bulevardi, &hellip;<\/p>\n","protected":false},"author":4,"featured_media":131789,"comment_status":"closed","ping_status":"closed","sticky":false,"template":"","format":"standard","meta":{"footnotes":""},"categories":[37],"tags":[],"class_list":["post-131788","post","type-post","status-publish","format-standard","has-post-thumbnail","","category-politike"],"_links":{"self":[{"href":"https:\/\/rdnews.al\/index.php\/wp-json\/wp\/v2\/posts\/131788","targetHints":{"allow":["GET"]}}],"collection":[{"href":"https:\/\/rdnews.al\/index.php\/wp-json\/wp\/v2\/posts"}],"about":[{"href":"https:\/\/rdnews.al\/index.php\/wp-json\/wp\/v2\/types\/post"}],"author":[{"embeddable":true,"href":"https:\/\/rdnews.al\/index.php\/wp-json\/wp\/v2\/users\/4"}],"replies":[{"embeddable":true,"href":"https:\/\/rdnews.al\/index.php\/wp-json\/wp\/v2\/comments?post=131788"}],"version-history":[{"count":3,"href":"https:\/\/rdnews.al\/index.php\/wp-json\/wp\/v2\/posts\/131788\/revisions"}],"predecessor-version":[{"id":131828,"href":"https:\/\/rdnews.al\/index.php\/wp-json\/wp\/v2\/posts\/131788\/revisions\/131828"}],"wp:featuredmedia":[{"embeddable":true,"href":"https:\/\/rdnews.al\/index.php\/wp-json\/wp\/v2\/media\/131789"}],"wp:attachment":[{"href":"https:\/\/rdnews.al\/index.php\/wp-json\/wp\/v2\/media?parent=131788"}],"wp:term":[{"taxonomy":"category","embeddable":true,"href":"https:\/\/rdnews.al\/index.php\/wp-json\/wp\/v2\/categories?post=131788"},{"taxonomy":"post_tag","embeddable":true,"href":"https:\/\/rdnews.al\/index.php\/wp-json\/wp\/v2\/tags?post=131788"}],"curies":[{"name":"wp","href":"https:\/\/api.w.org\/{rel}","templated":true}]}}