{"id":131796,"date":"2025-12-22T18:50:20","date_gmt":"2025-12-22T18:50:20","guid":{"rendered":"https:\/\/rdnews.al\/?p=131796"},"modified":"2025-12-22T18:50:20","modified_gmt":"2025-12-22T18:50:20","slug":"berisha-rama-nuk-iken-me-vota-dhe-as-me-drejtesi-edi-ramen-do-ta-heqim-ne-populli-opozitar","status":"publish","type":"post","link":"https:\/\/rdnews.al\/index.php\/2025\/12\/22\/berisha-rama-nuk-iken-me-vota-dhe-as-me-drejtesi-edi-ramen-do-ta-heqim-ne-populli-opozitar\/","title":{"rendered":"Berisha: Rama nuk ik\u00ebn me vota dhe as me drejt\u00ebsi! Edi Ram\u00ebn do ta heqim ne, populli opozitar!"},"content":{"rendered":"<p>\u201cEdi Rama nuk ik\u00ebn me vota dhe as me drejt\u00ebsi!\u201d. Ky ishte mesazhi i drejtp\u00ebrdrejt\u00eb i kreut t\u00eb PD, Sali Berisha gjat\u00eb fjal\u00ebs s\u00eb tij, duke iu drejtuar popullit opozitar, dhe artikuloi me bindje se largimi i Edi Ram\u00ebs nga pushteti nuk mund t\u00eb vij\u00eb m\u00eb p\u00ebrmes mekanizmave tradicional\u00eb demokratik\u00eb.<\/p>\n<p>Sipas tij, vet\u00ebm mobilizimi dhe vendosm\u00ebria e qytetar\u00ebve opozitar\u00eb mund t\u2019i japin fund asaj q\u00eb ai e cil\u00ebson si nj\u00eb regjim i kapur nga korrupsioni dhe abuzimi me pushtetin, duke e shnd\u00ebrruar p\u00ebrballjen politike n\u00eb nj\u00eb betej\u00eb t\u00eb hapur mes qeveris\u00eb dhe popullit.<\/p>\n<p><strong>Berisha: <\/strong>Miq, k\u00ebto dy jav\u00eb n\u00eb Shqip\u00ebri \u00ebsht\u00eb zhvilluar nj\u00eb betej\u00eb e pashembullt.<\/p>\n<p>Nj\u00eb prokuror guximtar pezulloi nga detyra z\u00ebvend\u00ebskryeministren, njeriun m\u00eb hajdut pas Edi Ram\u00ebs n\u00eb t\u00ebr\u00eb historin\u00eb e kombit.<\/p>\n<p>Nj\u00eb gjykat\u00eb turpi u ble, nj\u00eb gjykat\u00eb supreme e kombit i hoqi jasht\u00eb \u00e7do rregulli, mas\u00ebn e pezullimit, e ktheu Lubin\u00eb n\u00eb detyr\u00eb q\u00eb t\u00eb vjedh\u00eb dit\u00eb e nat\u00eb.<\/p>\n<p>E ktheu Lubin\u00eb n\u00eb detyr\u00eb q\u00eb t\u00eb prish\u00eb \u00e7do prov\u00eb.<\/p>\n<p>E ktheu Lubin\u00eb n\u00eb detyr\u00eb q\u00eb si bandite t\u00eb k\u00ebrc\u00ebnoj\u00eb \u00e7do d\u00ebshmitar.<\/p>\n<p>Edi Rama me k\u00ebt\u00eb akt, me k\u00ebt\u00eb vendim q\u00eb i diktoi Gjykat\u00ebs Kushtetuese, na tha shqiptar\u00ebve se un\u00eb u kam vjedhur dhe do u vjedh pa kufi, pandalsh\u00ebm, sepse jam mbi ligjin, mbi Kushtetut\u00ebn, mbi gjykatat.<\/p>\n<p>Reagimi tjet\u00ebr i tij, i pashembullt n\u00eb t\u00ebr\u00eb ekzistenc\u00ebn e pluralizmit.<\/p>\n<p>Miq, k\u00ebrkes\u00ebs p\u00ebr arrestimin e z\u00ebvend\u00ebskryeministres, pasi u shtrua n\u00eb afera q\u00eb provojn\u00eb se ajo dhe Edi Rama s\u00eb bashku kan\u00eb vjedhur dhe shp\u00ebrdoruar dhe d\u00ebmtuar shqiptar\u00ebt, vet\u00ebm me ato afera, 1.2 miliard\u00eb euro, Edi Rama p\u00ebrs\u00ebri mori pushtetin e parlamentit, bllokoi parlamentin, bllokoi heqjen e imunitetit, kreu grushtin e shtetit p\u00ebr t\u00eb shp\u00ebtuar l\u00ebkur\u00ebn e tij.<\/p>\n<p>Po miq, Edi Rama nuk lejoi dhe nuk mund t\u00eb lejonte kurr\u00eb t\u00eb arrestohej Lubia sepse e dinte mir\u00eb se i dyti do jet\u00eb ai. N\u00eb fakt duhej t\u00eb ishte i pari.<\/p>\n<p>Edi Rama \u00ebsht\u00eb autori i vjedhjeve t\u00eb p\u00ebrmasave t\u00eb paimagjinueshme nga ne.<\/p>\n<p>\u00c7far\u00eb m\u00ebsuam ne k\u00ebto dit\u00eb?<\/p>\n<p>Ne m\u00ebsuam se z\u00ebvend\u00ebskryeministrja n\u00eb ato deftere q\u00eb jan\u00eb gjetur gjer sot, ka mbi 300 apartamente, ka edhe dy jahte luksoze, ka 15 supermarkete, ka me qindra prona t\u00eb tjera.<\/p>\n<p>Por mos harroni se n\u00ebse ajo ka k\u00ebto prona, Edi Rama hyri n\u00eb k\u00ebt\u00eb nd\u00ebrtes\u00eb pasi kishte depozituar n\u00eb bankat offshore 200 milion\u00eb euro, q\u00eb t\u00eb kthyera n\u00eb apartamente, ato jan\u00eb baraz me 1800 apartamente.<\/p>\n<p>Dhe t\u00eb gjitha k\u00ebto, para vitit 2014.<\/p>\n<p>Miqt\u00eb e mi, Edi Rama nuk do pranoj\u00eb kurr\u00eb t\u00eb heq\u00eb imunitete.<\/p>\n<p>Edi Rama nuk do pranoj\u00eb kurr\u00eb t\u00eb shkarkoj\u00eb Lubi Ballukun apo t\u00eb jap\u00eb dor\u00ebheqje.<\/p>\n<p>Nuk duhet t\u00eb gabohemi.<\/p>\n<p>Jo, Edi Ram\u00ebn do ta heqim ne.<\/p>\n<p>Do ta heqim ne, populli opozitar.<\/p>\n<p>Do ta heqim ne, populli opozitar.<\/p>\n<p>Askush t\u00eb mos ket\u00eb iluzion se Edi Rama ik\u00ebn me vot\u00eb.<\/p>\n<p>Jo, kurr\u00eb.<\/p>\n<p>Por sot nuk ka shqiptar q\u00eb beson m\u00eb se Edi Rama ik\u00ebn me vot\u00eb.<\/p>\n<p>Mund t\u00eb ket\u00eb tek tuk njer\u00ebz q\u00eb besojn\u00eb se mund t\u00eb ik\u00ebn me drejt\u00ebsi.<\/p>\n<p>Naivitet.<\/p>\n<p>Jo, kurr\u00eb.<\/p>\n<p>Ai \u00ebsht\u00eb i gatsh\u00ebm ato 84 mandate t\u2019i p\u00ebrdor\u00eb si bajoneta krimi kund\u00ebr drejt\u00ebsis\u00eb, kund\u00ebr qytetar\u00ebve, kund\u00ebr drejt\u00ebsis\u00eb, kund\u00ebr ligjeve.<\/p>\n<p>At\u00ebher\u00eb vota jo, drejt\u00ebsia jo, do jen\u00eb qytetar\u00ebt, do jen\u00eb idealist\u00ebt, do jen\u00eb guximtar\u00ebt ata t\u00eb cil\u00ebt do hedhin n\u00eb banes\u00ebn e turpit t\u00eb historis\u00eb.<\/p>\n<p>Do t\u00eb jen\u00eb ata q\u00eb do i rezervojn\u00eb Edi Ram\u00ebs at\u00eb q\u00eb i kan\u00eb rezervuar popujt e shtypur Idi Aminit, Gadafit, Mobutus\u00eb.<\/p>\n<p>Apo at\u00eb q\u00eb i rezervuan kombet e larg\u00ebta, Nepali, Bangladeshi, Sri Lanka, diktator\u00ebve autoritar\u00eb si Edi Rama.<\/p>\n","protected":false},"excerpt":{"rendered":"<p>\u201cEdi Rama nuk ik\u00ebn me vota dhe as me drejt\u00ebsi!\u201d. Ky ishte mesazhi i drejtp\u00ebrdrejt\u00eb i kreut t\u00eb PD, Sali Berisha gjat\u00eb fjal\u00ebs s\u00eb tij, duke iu drejtuar popullit opozitar, dhe artikuloi me bindje se largimi i Edi Ram\u00ebs nga pushteti nuk mund t\u00eb vij\u00eb m\u00eb p\u00ebrmes mekanizmave tradicional\u00eb demokratik\u00eb. Sipas tij, vet\u00ebm mobilizimi dhe &hellip;<\/p>\n","protected":false},"author":4,"featured_media":131798,"comment_status":"closed","ping_status":"closed","sticky":false,"template":"","format":"standard","meta":{"footnotes":""},"categories":[37],"tags":[],"class_list":["post-131796","post","type-post","status-publish","format-standard","has-post-thumbnail","","category-politike"],"_links":{"self":[{"href":"https:\/\/rdnews.al\/index.php\/wp-json\/wp\/v2\/posts\/131796","targetHints":{"allow":["GET"]}}],"collection":[{"href":"https:\/\/rdnews.al\/index.php\/wp-json\/wp\/v2\/posts"}],"about":[{"href":"https:\/\/rdnews.al\/index.php\/wp-json\/wp\/v2\/types\/post"}],"author":[{"embeddable":true,"href":"https:\/\/rdnews.al\/index.php\/wp-json\/wp\/v2\/users\/4"}],"replies":[{"embeddable":true,"href":"https:\/\/rdnews.al\/index.php\/wp-json\/wp\/v2\/comments?post=131796"}],"version-history":[{"count":1,"href":"https:\/\/rdnews.al\/index.php\/wp-json\/wp\/v2\/posts\/131796\/revisions"}],"predecessor-version":[{"id":131799,"href":"https:\/\/rdnews.al\/index.php\/wp-json\/wp\/v2\/posts\/131796\/revisions\/131799"}],"wp:featuredmedia":[{"embeddable":true,"href":"https:\/\/rdnews.al\/index.php\/wp-json\/wp\/v2\/media\/131798"}],"wp:attachment":[{"href":"https:\/\/rdnews.al\/index.php\/wp-json\/wp\/v2\/media?parent=131796"}],"wp:term":[{"taxonomy":"category","embeddable":true,"href":"https:\/\/rdnews.al\/index.php\/wp-json\/wp\/v2\/categories?post=131796"},{"taxonomy":"post_tag","embeddable":true,"href":"https:\/\/rdnews.al\/index.php\/wp-json\/wp\/v2\/tags?post=131796"}],"curies":[{"name":"wp","href":"https:\/\/api.w.org\/{rel}","templated":true}]}}