{"id":131816,"date":"2025-12-22T20:12:48","date_gmt":"2025-12-22T20:12:48","guid":{"rendered":"https:\/\/rdnews.al\/?p=131816"},"modified":"2025-12-22T21:29:02","modified_gmt":"2025-12-22T21:29:02","slug":"berisha-pjesemarrja-ishte-historike-opozita-ka-vetem-beteje-afera-me-e-padegjuar-ndonjehere-ne-histori-i-ka-rrenjet-ne-surrel","status":"publish","type":"post","link":"https:\/\/rdnews.al\/index.php\/2025\/12\/22\/berisha-pjesemarrja-ishte-historike-opozita-ka-vetem-beteje-afera-me-e-padegjuar-ndonjehere-ne-histori-i-ka-rrenjet-ne-surrel\/","title":{"rendered":"Pjes\u00ebmarrja ishte historike! Opozita ka vet\u00ebm betej\u00eb! Afera m\u00eb e pad\u00ebgjuar ndonj\u00ebher\u00eb n\u00eb histori i ka rr\u00ebnj\u00ebt n\u00eb Surrel"},"content":{"rendered":"<p><strong>PRONONCIMET E KRYETARIT T\u00cb PD-s\u00eb SALI BERISHA ME GAZETAR\u00cbT<\/strong><\/p>\n<p><em>Gjat\u00eb ecjes s\u00eb tij, kryetari i PD-s\u00eb Sali Berisha i \u00ebsht\u00eb p\u00ebrgjigjur interesit t\u00eb gazetar\u00ebve n\u00eb lidhje me protest\u00ebn komb\u00ebtare. I pyetur nga gazetar\u00ebt, Berisha u shpreh se, Edi Ram\u00ebs do i shkohet deri n\u00eb Surrel, sepse milionat e eurove ver\u00ebra atje kan\u00eb p\u00ebrfunduar.<\/em><\/p>\n<p><em>Duke folur p\u00ebr mediat, kryetari i PD-s\u00eb, Sali Berisha, b\u00ebri t\u00eb ditur se opozita po p\u00ebrgatitet p\u00ebr nj\u00eb faz\u00eb t\u00eb re protestash t\u00eb organizuara dhe t\u00eb p\u00ebrqendruara. \u00a0Duke theksuar se \u2018bashk\u00ebluft\u00ebtar\u00ebt\u2019 e tij po njohin terrenin, Berisha deklaroi se parlamenti, kryeministria dhe Surreli do t\u00eb jen\u00eb n\u00eb qend\u00ebr t\u00eb aksionit opozitar, t\u00eb cilat ai i cil\u00ebsoi si epiqendrat e pushtetit t\u00eb korruptuar.<\/em><\/p>\n<p><em>Mesazhi i tij ishte i qart\u00eb: p\u00ebrballja me qeverin\u00eb e Edi Ram\u00ebs do t\u00eb intensifikohet dhe opozita synon ta \u00e7oj\u00eb betej\u00ebn politike drejtp\u00ebrdrejt n\u00eb zem\u00ebr t\u00eb institucioneve q\u00eb, sipas saj, p\u00ebrfaq\u00ebsojn\u00eb fars\u00ebn elektorale dhe kapjen e shtetit.<\/em><\/p>\n<p><em>Gjat\u00eb fjal\u00ebs me gazetar\u00ebt e shumt\u00eb, kryetari i PD-s\u00eb, Sali Berisha u shpreh se, pjes\u00ebmarrje n\u00eb protest\u00ebn komb\u00ebtar ishte historike. Ai u shpreh se, opozita nuk ka pushime, por ka vet\u00ebm betej\u00eb. I pyetur n\u00eb lidhje me aferat kriminale dhe korruptive t\u00eb Edi Ram\u00ebs, Belinda Ballukut dhe qeveris\u00eb s\u00eb tyre, Berisha u shpreh se, k\u00ebto afera t\u00eb pad\u00ebgjuara n\u00eb histori i kan\u00eb rr\u00ebnj\u00ebt n\u00eb Surrel.<\/em><\/p>\n<p><strong>Prononcimi i kryetarit t\u00eb PD, Sali Berisha:<\/strong><\/p>\n<p>Afera m\u00eb e pad\u00ebgjuar ndonj\u00ebher\u00eb n\u00eb histori i ka rr\u00ebnj\u00ebt n\u00eb Surrel.<\/p>\n<p>Gjith\u00e7ka \u00ebsht\u00eb b\u00ebr\u00eb, mund t\u00eb jen\u00eb zhdukur njer\u00ebzit, nuk e di, por tre her\u00eb jan\u00eb marr\u00eb peng, kjo dihet.<\/p>\n<p>Un\u00eb dija vet\u00ebm nj\u00eb, k\u00ebto koh\u00eb dol\u00ebn q\u00eb jan\u00eb dy t\u00eb tjer\u00eb.<\/p>\n<p>700 milion\u00eb euro, \u00e7do gj\u00eb p\u00ebr familjen, q\u00eb Armandi t\u00eb pasuronte familjen Rama.<\/p>\n<p>At\u00ebher\u00eb ai \u00ebsht\u00eb nj\u00eb pallat krimi atje.<\/p>\n<p>Nuk ka diskutim kjo.<\/p>\n<p>Aksioni i sot\u00ebm mbyllet tek selia.<\/p>\n<p>Thash\u00eb t\u00eb b\u00ebjm\u00eb nj\u00eb xhiro k\u00ebto q\u00eb misionar\u00ebt e liris\u00eb t\u00eb b\u00ebjn\u00eb nj\u00eb njohje t\u00eb terrenit n\u00eb \u00e7do an\u00eb\u2026<\/p>\n<p>\u2026Pjes\u00ebmarrja ishte jasht\u00ebzakonisht e k\u00ebnaqshme.<\/p>\n<p>Ishte historike edhe mb\u00ebshtetja, edhe entuziazmi, edhe t\u00eb gjitha\u2026.<\/p>\n<p>Opozita ka vet\u00ebm betej\u00eb\u2026.<\/p>\n<p>***<\/p>\n<p>Nj\u00eb njohje t\u00eb terrenit.<\/p>\n<p>Duhet t\u00eb jen\u00eb t\u00eb gjith\u00eb bashk\u00ebluft\u00ebtar\u00ebt e mi.<\/p>\n<p>Bashk\u00ebluft\u00ebtar\u00ebt e mi duhet t\u00eb din\u00eb t\u00eb gjitha drejtimet se cilat do t\u00eb jen\u00eb fushat e demonstratave dhe protestave t\u00eb fuqishme t\u00eb ardhshme.<\/p>\n<p>E thash\u00eb edhe nj\u00ebher\u00eb, do jet\u00eb kryeministria, do jet\u00eb parlamenti, do jet\u00eb Surreli, se k\u00ebto jan\u00eb q\u00ebndrat e krimit.<\/p>\n<p>Ky parlament \u00ebsht\u00eb i nd\u00ebrtuar mbi fars\u00ebn elektorale dhe \u00ebsht\u00eb pushtuar komplet nga Edi Rama.<\/p>\n<p>Kryeministria \u00ebsht\u00eb sot nd\u00ebrtes\u00eb krimi t\u00eb sh\u00ebmtuar, t\u00eb gjithansh\u00ebm, dhe Surreli, si\u00e7 e pat\u00eb ju, del me aferat m\u00eb t\u00eb paimagjinueshme, me pengmarrje dhe gj\u00ebra t\u00eb tilla.<\/p>\n<p>K\u00ebto tre qendra do jen\u00eb n\u00eb fokusin e popullit protestues.<\/p>\n<p>Me radh\u00eb.<\/p>\n<p>Me nj\u00eb fjal\u00eb, shp\u00ebtim nuk ka.<\/p>\n<p>Edi Rama \u00ebsht\u00eb n\u00eb rrethim, Edi Rama nuk ka shp\u00ebtim.<\/p>\n<p>Nuk jep dor\u00ebheqjen ai, do ta heqim ne.<\/p>\n<p>***<\/p>\n<p>Un\u00eb kam komunikim non-stop me qytetar\u00ebt.<\/p>\n<p>Ka nj\u00eb entuziaz\u00ebm t\u00eb jasht\u00ebzakonsh\u00ebm kombi.<\/p>\n<p>Ky ishte mesazhi m\u00eb i shk\u00eblqyer i urimit p\u00ebr \u00e7do shqiptar t\u00eb ndersh\u00ebm p\u00ebr k\u00ebto festa.<\/p>\n<p><strong>Cili \u00ebsht\u00eb mesazhi juaj p\u00ebr Edi Ram\u00ebn?<\/strong><\/p>\n<p>Mesazhi im i vet\u00ebm p\u00ebr Edi Ram\u00ebn \u00ebsht\u00eb ky: nga sot p\u00ebr shqiptar\u00ebt dhe bot\u00ebn nuk t\u00eb njeh kush p\u00ebr kryeminist\u00ebr\u2026<\/p>\n<p><strong>Do i shkoni v\u00ebrtet n\u00eb sht\u00ebpi?<\/strong><\/p>\n<p>Un\u00eb thash\u00eb n\u00eb Surrel, aty rreth. A e pat\u00eb ju ku shkuan ato 4 milion\u00eb shishe, disa prej tyre t\u00eb vitit 1920, ato shkuan n\u00eb Surrrel. A shkuan n\u00eb sht\u00ebpi apo n\u00eb tunele aty p\u00ebrreth, at\u00eb nuk e dim\u00eb. Por n\u00eb Surrel do shkojm\u00eb ne.<\/p>\n<p><strong>Kur do shkoni?<\/strong><\/p>\n<p>Ne nuk shkojm\u00eb pa u thirrur ju.<\/p>\n<p><strong>Zoti Berisha kur do jet\u00eb protesta e radh\u00ebs?<\/strong><\/p>\n<p>Tani do p\u00ebrcaktojm\u00eb se jan\u00eb disa gj\u00ebra. Edi Rama nuk i heq imunitetin asaj sepse duhet t\u00eb dor\u00ebzoj\u00eb imunitetin e tij. \u00cbsht\u00eb 10-fishi i Lubis\u00eb n\u00eb vjedhje dhe n\u00eb \u00e7do gj\u00eb. Nuk e heq imunitetin, do t\u2019ia heqim ne, si\u00e7 ia hoq\u00ebn narkodiktator\u00ebve t\u00eb tjer\u00eb.<\/p>\n<p><strong>A \u00ebsht\u00eb ngujimi n\u00eb parlament nj\u00eb form\u00eb proteste?<\/strong><\/p>\n<p>Nuk ka form\u00eb proteste paq\u00ebsore q\u00eb nuk do aplikoj\u00eb kjo opozit\u00eb. Kjo opozit\u00eb nuk p\u00ebrmbahet m\u00eb.<\/p>\n<p><strong>A e mir\u00ebprisni pranin\u00eb e Ervin Salianjit n\u00eb protest\u00eb?<\/strong><\/p>\n<p>\u00c7do njeri q\u00eb vjen n\u00eb protest\u00eb \u00ebsht\u00eb i mir\u00ebpritur. Nuk \u00ebsht\u00eb protesta monopol i Sali Berish\u00ebs. Protesta \u00ebsht\u00eb vullnet i t\u00eb gjith\u00eb qytetar\u00ebve q\u00eb e ndjejn\u00eb se duhet t\u00eb protestojn\u00eb ndaj k\u00ebsaj qeverie. Un\u00eb thirrjen time e b\u00ebra aty p\u00ebr \u00e7do forc\u00eb politike, p\u00ebr \u00e7do qytetar, p\u00ebr \u00e7do intelektual, cilido \u00ebsht\u00eb i mir\u00ebpritur t\u00eb na bashkohet. Kjo \u00ebsht\u00eb nj\u00eb betej\u00eb e cila nuk ndalet pa realizimin e misionit t\u00eb saj.<\/p>\n<h1 class=\"elementor-heading-title elementor-size-default\">rel<\/h1>\n","protected":false},"excerpt":{"rendered":"<p>PRONONCIMET E KRYETARIT T\u00cb PD-s\u00eb SALI BERISHA ME GAZETAR\u00cbT Gjat\u00eb ecjes s\u00eb tij, kryetari i PD-s\u00eb Sali Berisha i \u00ebsht\u00eb p\u00ebrgjigjur interesit t\u00eb gazetar\u00ebve n\u00eb lidhje me protest\u00ebn komb\u00ebtare. I pyetur nga gazetar\u00ebt, Berisha u shpreh se, Edi Ram\u00ebs do i shkohet deri n\u00eb Surrel, sepse milionat e eurove ver\u00ebra atje kan\u00eb p\u00ebrfunduar. Duke folur &hellip;<\/p>\n","protected":false},"author":4,"featured_media":131789,"comment_status":"closed","ping_status":"closed","sticky":false,"template":"","format":"standard","meta":{"footnotes":""},"categories":[134],"tags":[],"class_list":["post-131816","post","type-post","status-publish","format-standard","has-post-thumbnail","","category-news"],"_links":{"self":[{"href":"https:\/\/rdnews.al\/index.php\/wp-json\/wp\/v2\/posts\/131816","targetHints":{"allow":["GET"]}}],"collection":[{"href":"https:\/\/rdnews.al\/index.php\/wp-json\/wp\/v2\/posts"}],"about":[{"href":"https:\/\/rdnews.al\/index.php\/wp-json\/wp\/v2\/types\/post"}],"author":[{"embeddable":true,"href":"https:\/\/rdnews.al\/index.php\/wp-json\/wp\/v2\/users\/4"}],"replies":[{"embeddable":true,"href":"https:\/\/rdnews.al\/index.php\/wp-json\/wp\/v2\/comments?post=131816"}],"version-history":[{"count":2,"href":"https:\/\/rdnews.al\/index.php\/wp-json\/wp\/v2\/posts\/131816\/revisions"}],"predecessor-version":[{"id":131818,"href":"https:\/\/rdnews.al\/index.php\/wp-json\/wp\/v2\/posts\/131816\/revisions\/131818"}],"wp:featuredmedia":[{"embeddable":true,"href":"https:\/\/rdnews.al\/index.php\/wp-json\/wp\/v2\/media\/131789"}],"wp:attachment":[{"href":"https:\/\/rdnews.al\/index.php\/wp-json\/wp\/v2\/media?parent=131816"}],"wp:term":[{"taxonomy":"category","embeddable":true,"href":"https:\/\/rdnews.al\/index.php\/wp-json\/wp\/v2\/categories?post=131816"},{"taxonomy":"post_tag","embeddable":true,"href":"https:\/\/rdnews.al\/index.php\/wp-json\/wp\/v2\/tags?post=131816"}],"curies":[{"name":"wp","href":"https:\/\/api.w.org\/{rel}","templated":true}]}}