{"id":131836,"date":"2025-12-23T09:30:07","date_gmt":"2025-12-23T09:30:07","guid":{"rendered":"https:\/\/rdnews.al\/?p=131836"},"modified":"2025-12-23T21:45:14","modified_gmt":"2025-12-23T21:45:14","slug":"xhacka-paraqitet-ne-spak","status":"publish","type":"post","link":"https:\/\/rdnews.al\/index.php\/2025\/12\/23\/xhacka-paraqitet-ne-spak\/","title":{"rendered":"Xha\u00e7ka paraqitet n\u00eb SPAK"},"content":{"rendered":"<p>Ish-ministrja e Jashtme dhe Mbrojtjes, Olta Xha\u00e7ka \u00ebsht\u00eb paraqitur m\u00ebngjesin e k\u00ebsaj t\u00eb marte n\u00eb Prokurorin\u00eb e Posa\u00e7me (SPAK).<\/p>\n<p>Xha\u00e7ka \u00ebsht\u00eb par\u00eb t\u00eb futet n\u00eb institucionin e drejt\u00ebsis\u00eb pak minuta m\u00eb par\u00eb, nd\u00ebrsa ende nuk dihen arsyet e paraqitjes s\u00eb saj n\u00eb SPAK.<\/p>\n<p>Kujtojm\u00eb se ndaj ish-ministres Olta Xha\u00e7ka dhe bashk\u00ebshortit t\u00eb saj Artan Aga\u00e7i, jan\u00eb ngritur akuza lidhur me privatizimin e tokave n\u00eb Himar\u00eb ku do nd\u00ebrtohej resort turistik, dhe mbi t\u00eb cil\u00ebn mor\u00ebn statusin e investitorit strategjik.<\/p>\n<p>Ka q\u00ebn\u00eb Fredi Beleri, ai i cili e kall\u00ebzoi Xha\u00e7k\u00ebn dhe bashk\u00ebshortin e saj, p\u00ebr disa vepra penale, por p\u00ebr k\u00ebta t\u00eb fundit shkoi n\u00eb burg Jorgo Goro, ish-kryetar i Bashkis\u00eb Himar\u00eb. Ai dhe dy n\u00ebpun\u00ebs t\u00eb lart\u00eb t\u00eb k\u00ebsaj bashkie akuzohen se kan\u00eb falsifikuar dokumentat dhe ofruar pron\u00eb publike \u00e7iftit Xha\u00e7ka-Ga\u00e7i, t\u00eb cil\u00ebt u shpall\u00ebn nga kryeministri Rama si \u201cinvestitor\u00eb strategjik\u00eb\u201d. Nd\u00ebrsa p\u00ebr vet\u00eb Xha\u00e7k\u00ebn dhe bashk\u00ebshortin e saj nuk nis\u00ebn hetimet lidhur me kall\u00ebzimin.<\/p>\n","protected":false},"excerpt":{"rendered":"<p>Ish-ministrja e Jashtme dhe Mbrojtjes, Olta Xha\u00e7ka \u00ebsht\u00eb paraqitur m\u00ebngjesin e k\u00ebsaj t\u00eb marte n\u00eb Prokurorin\u00eb e Posa\u00e7me (SPAK). Xha\u00e7ka \u00ebsht\u00eb par\u00eb t\u00eb futet n\u00eb institucionin e drejt\u00ebsis\u00eb pak minuta m\u00eb par\u00eb, nd\u00ebrsa ende nuk dihen arsyet e paraqitjes s\u00eb saj n\u00eb SPAK. Kujtojm\u00eb se ndaj ish-ministres Olta Xha\u00e7ka dhe bashk\u00ebshortit t\u00eb saj Artan Aga\u00e7i, &hellip;<\/p>\n","protected":false},"author":4,"featured_media":131837,"comment_status":"closed","ping_status":"closed","sticky":false,"template":"","format":"standard","meta":{"footnotes":""},"categories":[134],"tags":[],"class_list":["post-131836","post","type-post","status-publish","format-standard","has-post-thumbnail","","category-news"],"_links":{"self":[{"href":"https:\/\/rdnews.al\/index.php\/wp-json\/wp\/v2\/posts\/131836","targetHints":{"allow":["GET"]}}],"collection":[{"href":"https:\/\/rdnews.al\/index.php\/wp-json\/wp\/v2\/posts"}],"about":[{"href":"https:\/\/rdnews.al\/index.php\/wp-json\/wp\/v2\/types\/post"}],"author":[{"embeddable":true,"href":"https:\/\/rdnews.al\/index.php\/wp-json\/wp\/v2\/users\/4"}],"replies":[{"embeddable":true,"href":"https:\/\/rdnews.al\/index.php\/wp-json\/wp\/v2\/comments?post=131836"}],"version-history":[{"count":1,"href":"https:\/\/rdnews.al\/index.php\/wp-json\/wp\/v2\/posts\/131836\/revisions"}],"predecessor-version":[{"id":131838,"href":"https:\/\/rdnews.al\/index.php\/wp-json\/wp\/v2\/posts\/131836\/revisions\/131838"}],"wp:featuredmedia":[{"embeddable":true,"href":"https:\/\/rdnews.al\/index.php\/wp-json\/wp\/v2\/media\/131837"}],"wp:attachment":[{"href":"https:\/\/rdnews.al\/index.php\/wp-json\/wp\/v2\/media?parent=131836"}],"wp:term":[{"taxonomy":"category","embeddable":true,"href":"https:\/\/rdnews.al\/index.php\/wp-json\/wp\/v2\/categories?post=131836"},{"taxonomy":"post_tag","embeddable":true,"href":"https:\/\/rdnews.al\/index.php\/wp-json\/wp\/v2\/tags?post=131836"}],"curies":[{"name":"wp","href":"https:\/\/api.w.org\/{rel}","templated":true}]}}