{"id":131843,"date":"2025-12-23T09:41:53","date_gmt":"2025-12-23T09:41:53","guid":{"rendered":"https:\/\/rdnews.al\/?p=131843"},"modified":"2025-12-23T09:41:53","modified_gmt":"2025-12-23T09:41:53","slug":"balluku-e-kapur-duke-fshehur-milionat-e-vjedhura-be-skualifikon-qeverine-shqiptare-nga-ministeriali-i-energjise","status":"publish","type":"post","link":"https:\/\/rdnews.al\/index.php\/2025\/12\/23\/balluku-e-kapur-duke-fshehur-milionat-e-vjedhura-be-skualifikon-qeverine-shqiptare-nga-ministeriali-i-energjise\/","title":{"rendered":"Balluku e kapur duke fshehur milionat e vjedhura, BE skualifikon qeverin\u00eb shqiptare nga Ministeriali i Energjis\u00eb"},"content":{"rendered":"<p>Qeveria shqiptare \u00ebsht\u00eb skualifikuar nga Ministeriali i Energjis\u00eb s\u00eb BE-s\u00eb. M\u00eb 18 dhjetor, ky ministral ka vendosur t\u00eb nd\u00ebshkoj\u00eb qeverin\u00eb shqiptare p\u00ebr shkak t\u00eb detyrave q\u00eb Belinda Balluku ishte zotuar t\u00eb realizonte n\u00eb sektorin e energjis\u00eb, por si\u00e7 duket nuk ka mundur ti realizoj\u00eb pasi ka qen\u00eb e \u201cz\u00ebn\u00eb\u2019 duke fshehur milionat q\u00eb ka vjedhur.<\/p>\n<p>Sipas dokumentit t\u00eb Ministerialit t\u00eb Energjis\u00eb, Shqip\u00ebria nuk ka miratuar dhe zbatuar ligjet, rregulloret dhe dispozitat administrative t\u00eb nevojshme p\u00ebr t\u2019u p\u00ebrputhur me Direktiv\u00ebn e Bashkimit Europian, q\u00eb lidhet me p\u00ebrgatitjen p\u00ebr rrezikun n\u00eb sektorin e energjis\u00eb elektrike.<\/p>\n<p><em>\u201cShqip\u00ebria nuk ka transpozuar ende Rregulloren (BE) 2019\/941 dhe as ka caktuar nj\u00eb autoritet kompetent p\u00ebr p\u00ebrgatitjen ndaj rreziqeve, pavar\u00ebsisht se afatet p\u00ebrkat\u00ebse kan\u00eb p\u00ebrfunduar m\u00eb 31 dhjetor 2023 dhe 5 janar 2023.<\/em>\u201c- thuhet n\u00eb vendim.<\/p>\n<p>Rregullorja (BE) 2017\/2196 gjithashtu nuk \u00ebsht\u00eb transpozuar ende. Shqip\u00ebria nuk ka paraqitur Deklaratat e Siguris\u00eb s\u00eb Furnizimit me Energji Elektrike pran\u00eb Sekretariatit, pavar\u00ebsisht detyrimit t\u00eb saj sipas nenit 29 t\u00eb Traktatit.<\/p>\n<div class=\"jnews_inline_related_post_wrapper left\">\n<div class=\"jnews_inline_related_post\">\n<div class=\"jeg_postblock_29 jeg_postblock jeg_module_hook jeg_pagination_disable jeg_col_2o3 jnews_module_1639820_1_694a5d8836ad5   \" data-unique=\"jnews_module_1639820_1_694a5d8836ad5\">\n<div class=\"jeg_block_heading jeg_block_heading_6 jeg_subcat_right\"><\/div>\n<\/div>\n<\/div>\n<\/div>\n<div class=\"jeg_ad jeg_ad_article jnews_content_inline_2_ads  \">\n<div class=\"ads-wrapper align-center \">\n<div class=\"ads_code\"><em>\u201cZhvillimet kryesore n\u00eb fush\u00ebn e siguris\u00eb kibernetike n\u00eb Shqip\u00ebri p\u00ebrfshijn\u00eb miratimin n\u00eb vitin 2024 t\u00eb Ligjit t\u00eb ri gjith\u00ebp\u00ebrfshir\u00ebs nr. 25\/2024, i cili \u00ebsht\u00eb pjes\u00ebrisht i harmonizuar me Direktiv\u00ebn e BE-s\u00eb p\u00ebr Sigurin\u00eb e Rrjeteve dhe Sistemeve t\u00eb Informacionit (NIS2) dhe pasqyron standarde m\u00eb t\u00eb gjera evropiane. P\u00ebrve\u00e7 k\u00ebsaj, \u00ebsht\u00eb krijuar Autoriteti Komb\u00ebtar p\u00ebr Certifikimin Elektronik dhe Sigurin\u00eb Kibernetike (AKCESK), p\u00ebr t\u00eb mbik\u00ebqyrur dhe koordinuar p\u00ebrpjekjet e vendit n\u00eb fush\u00ebn e siguris\u00eb kibernetike\u201d<\/em>, vler\u00ebson raporti.<\/div>\n<\/div>\n<\/div>\n<p>Vendimi i Ministerialit t\u00eb Energjis\u00eb mendohet se lidhet me tre projekte ku Balluku \u00ebsht\u00eb investuar personalisht, si TEC-i i Roskovecit, ku dyshohet si investitore edhe nj\u00eb korporat\u00eb ruse, anijet energjitike \u201cTigrat\u201d n\u00eb Vlor\u00eb dhe destabilizimi i linjave t\u00eb interkonjeksionit europian p\u00ebr shkak t\u00eb marr\u00ebveshjeve korruptive.<\/p>\n<p>Bashkimi Europian ka vendosur se qeveria shqiptare duhet t\u00eb raportoj\u00eb gjat\u00eb vitit 2026 se \u00e7far\u00eb hapash do t\u00eb nd\u00ebrmarr\u00eb n\u00eb korrigjimin e problemeve t\u00eb konstatuara n\u00eb politikat e energjis\u00eb.<\/p>\n<p><em>\u201cShqip\u00ebria duhet t\u00eb marr\u00eb t\u00eb gjitha masat e duhura p\u00ebr t\u00eb ndrequr shkeljen e identifikuar n\u00eb nenin 1 dhe p\u00ebr t\u00eb siguruar menj\u00ebher\u00eb pajtueshm\u00ebrin\u00eb me ligjin e Komunitetit t\u00eb Energjis\u00eb. Shqip\u00ebria do t\u00eb raportoj\u00eb rregullisht n\u00eb Sekretariat dhe n\u00eb Grupin e P\u00ebrhersh\u00ebm t\u00eb Nivelit t\u00eb Lart\u00eb n\u00eb lidhje me masat e marra n\u00eb vitin 2026\u201d<\/em>\u00a0\u2013 theksohet n\u00eb vendimin e Ministerialit t\u00eb Energjis\u00eb s\u00eb Bashkimit Europian.<\/p>\n<p>N\u00ebse shkeljet e Shqip\u00ebris\u00eb nuk jan\u00eb korrigjuar deri m\u00eb 1 korrik 2026, Sekretariati ftohet t\u00eb filloj\u00eb nj\u00eb procedur\u00eb sipas nenit 92 t\u00eb Traktatit t\u00eb Komunitetit t\u00eb Energjis\u00eb, q\u00eb parashikon pezullimin e disa t\u00eb drejtave q\u00eb rrjedhin nga zbatimi i k\u00ebtij traktati p\u00ebr pal\u00ebn p\u00ebrkat\u00ebse, duke p\u00ebrfshir\u00eb pezullimin e t\u00eb drejtave t\u00eb votimit dhe p\u00ebrjashtimin nga mbledhjet ose mekanizmat e parashikuar n\u00eb k\u00ebt\u00eb traktat.<\/p>\n<p><img decoding=\"async\" src=\"https:\/\/www.balkanweb.com\/wp-content\/uploads\/2025\/12\/vendimi-1.jpg\" alt=\"foto galeri \" data-pin-no-hover=\"true\" \/><\/p>\n","protected":false},"excerpt":{"rendered":"<p>Qeveria shqiptare \u00ebsht\u00eb skualifikuar nga Ministeriali i Energjis\u00eb s\u00eb BE-s\u00eb. M\u00eb 18 dhjetor, ky ministral ka vendosur t\u00eb nd\u00ebshkoj\u00eb qeverin\u00eb shqiptare p\u00ebr shkak t\u00eb detyrave q\u00eb Belinda Balluku ishte zotuar t\u00eb realizonte n\u00eb sektorin e energjis\u00eb, por si\u00e7 duket nuk ka mundur ti realizoj\u00eb pasi ka qen\u00eb e \u201cz\u00ebn\u00eb\u2019 duke fshehur milionat q\u00eb ka vjedhur. &hellip;<\/p>\n","protected":false},"author":4,"featured_media":93878,"comment_status":"closed","ping_status":"closed","sticky":false,"template":"","format":"standard","meta":{"footnotes":""},"categories":[37],"tags":[],"class_list":["post-131843","post","type-post","status-publish","format-standard","has-post-thumbnail","","category-politike"],"_links":{"self":[{"href":"https:\/\/rdnews.al\/index.php\/wp-json\/wp\/v2\/posts\/131843","targetHints":{"allow":["GET"]}}],"collection":[{"href":"https:\/\/rdnews.al\/index.php\/wp-json\/wp\/v2\/posts"}],"about":[{"href":"https:\/\/rdnews.al\/index.php\/wp-json\/wp\/v2\/types\/post"}],"author":[{"embeddable":true,"href":"https:\/\/rdnews.al\/index.php\/wp-json\/wp\/v2\/users\/4"}],"replies":[{"embeddable":true,"href":"https:\/\/rdnews.al\/index.php\/wp-json\/wp\/v2\/comments?post=131843"}],"version-history":[{"count":1,"href":"https:\/\/rdnews.al\/index.php\/wp-json\/wp\/v2\/posts\/131843\/revisions"}],"predecessor-version":[{"id":131844,"href":"https:\/\/rdnews.al\/index.php\/wp-json\/wp\/v2\/posts\/131843\/revisions\/131844"}],"wp:featuredmedia":[{"embeddable":true,"href":"https:\/\/rdnews.al\/index.php\/wp-json\/wp\/v2\/media\/93878"}],"wp:attachment":[{"href":"https:\/\/rdnews.al\/index.php\/wp-json\/wp\/v2\/media?parent=131843"}],"wp:term":[{"taxonomy":"category","embeddable":true,"href":"https:\/\/rdnews.al\/index.php\/wp-json\/wp\/v2\/categories?post=131843"},{"taxonomy":"post_tag","embeddable":true,"href":"https:\/\/rdnews.al\/index.php\/wp-json\/wp\/v2\/tags?post=131843"}],"curies":[{"name":"wp","href":"https:\/\/api.w.org\/{rel}","templated":true}]}}