{"id":131850,"date":"2025-12-23T09:55:00","date_gmt":"2025-12-23T09:55:00","guid":{"rendered":"https:\/\/rdnews.al\/?p=131850"},"modified":"2025-12-23T21:44:43","modified_gmt":"2025-12-23T21:44:43","slug":"ps-kerkon-perjashtimin-e-29-deputeteve-te-pd-bardhi-ulsiut-te-erdhi-mesazhi-nga-rama-3","status":"publish","type":"post","link":"https:\/\/rdnews.al\/index.php\/2025\/12\/23\/ps-kerkon-perjashtimin-e-29-deputeteve-te-pd-bardhi-ulsiut-te-erdhi-mesazhi-nga-rama-3\/","title":{"rendered":"PS k\u00ebrkon p\u00ebrjashtimin e 29 deputet\u00ebve t\u00eb PD! Bardhi-Ulsiut: \u201cT\u00eb erdhi mesazhi nga Rama\u201d?"},"content":{"rendered":"<div class=\"clear\">Mbledhja e Sekretariatit t\u00eb Etik\u00ebs, aty ku do t\u00eb shqyrtohet k\u00ebrkesa e Partis\u00eb Socialiste p\u00ebr masa disiplinore ndaj 29 deputet\u00ebve t\u00eb partis\u00eb demokratike, \u00ebsht\u00eb shoq\u00ebruar me tensione.<\/div>\n<div class=\"entry\">\n<div class=\"entry\">\n<p>Gjat\u00eb mbledhjes \u00ebsht\u00eb shfaqur videoja nga seanca kur u ndez\u00ebn flakadan\u00eb n\u00eb Kuvend, nd\u00ebrkoh\u00eb q\u00eb deputet\u00ebt e opozit\u00ebs kan\u00eb kund\u00ebrshtuar duke th\u00ebn\u00eb se k\u00ebto sjellje jan\u00eb b\u00ebr\u00eb p\u00ebr shkak t\u00eb aferave korruptive. Gjithashtu deputet\u00ebt e opozit\u00ebs kan\u00eb ngritur akuza se k\u00ebrkesa p\u00ebr p\u00ebrjashtimin e tyre \u00ebsht\u00eb urdh\u00ebruar nga Edi Rama.<\/p>\n<p>\u201cUn\u00eb e kam ndezur dhe e ndez 100 her\u00eb derisa t\u00eb ik\u00eb Edi Rama. Po po un\u00eb jam aty. Sillni k\u00ebtu Niko Peleshin t\u00eb m\u00eb tregoj\u00eb pse kishte sjell\u00eb Gard\u00ebn.<br \/>\nNuk jemi k\u00ebtu si n\u00eb gjyq n\u00eb koh\u00ebn e sigurimit t\u00eb Shtetit. Kemi k\u00ebrkuar mbledhje me pranin\u00eb e mediave. T\u00eb erdhi mesazhi nga Rama Ulsi? \u00c7far\u00eb t\u00eb tha t\u00eb b\u00ebsh?\u201d,- \u00ebsht\u00eb shprehur Vokshi.<\/p>\n<p>Nd\u00ebrkoh\u00eb pas debateve Sekratariati i Etik\u00ebs \u00ebsht\u00eb t\u00ebrhequr p\u00ebr t\u00eb marr\u00eb vendim, n\u00eb zyr\u00ebn e Ulsi Manj\u00ebs ku thuhet se jan\u00eb regjistruar p\u00ebrplasje mes pal\u00ebve.<\/p>\n<p>PS ka k\u00ebrkuar t\u00eb merren masa disiplinore ndaj 29 deputet\u00ebve demokrat\u00eb pas tensioneve dhe incidenteve t\u00eb ndodhura gjat\u00eb seanc\u00ebs plenare t\u00eb 18 dhjetorit, n\u00eb Kuvend, me argumentin se veprimet e deputet\u00ebve kan\u00eb qen\u00eb t\u00eb mir\u00eborganizuara dhe kan\u00eb p\u00ebrfshir\u00eb akte dhune dhe incidente t\u00eb r\u00ebnda.<\/p>\n<p>Sipas q\u00ebndrimit t\u00eb mazhoranc\u00ebs, aktet e dhun\u00ebs nuk ishin spontane, por t\u00eb organizuara nga drejtues t\u00eb Partis\u00eb Demokratike, duke p\u00ebrfshir\u00eb Sali Berish\u00ebn, Flamur Nok\u00ebn dhe Gazment Bardhin.<\/p>\n<p>N\u00eb k\u00ebrkes\u00eb, mazhoranca k\u00ebrkon nd\u00ebshkime disiplinore q\u00eb variojn\u00eb nga 10 deri n\u00eb 60 dit\u00eb p\u00ebrjashtim nga seancat plenare dhe nga punimet e komisioneve parlamentare p\u00ebr deputet\u00ebt e p\u00ebrfshir\u00eb.<\/p>\n<p>Deputet\u00ebt p\u00ebr t\u00eb cil\u00ebt k\u00ebrkohen masa disiplinore:<\/p>\n<p>P\u00ebrjashtim p\u00ebr 60 dit\u00eb nga seancat plenare dhe komisionet parlamentare:<\/p>\n<p>1-Belind K\u00eblli\u00e7i<\/p>\n<p>2-Fidel Kreka<\/p>\n<p>3-Albana Vokshi<\/p>\n<p>4-Ledina Alolli<\/p>\n<p>5-Denisa Vata (p\u00ebr futje dhe p\u00ebrdorim t\u00eb l\u00ebnd\u00ebve piroteknike n\u00eb sall\u00ebn e Kuvendit)<\/p>\n<p>6-Klevis Balliu<\/p>\n<p>7-Flamur Noka (p\u00ebr moszbatim t\u00eb masave disiplinore, d\u00ebmtim t\u00eb pajisjeve t\u00eb Kuvendit dhe veprime t\u00eb dhunshme ndaj Gard\u00ebs s\u00eb Republik\u00ebs)<\/p>\n<p>P\u00ebrjashtim p\u00ebr 30 dit\u00eb nga seancat plenare dhe komisionet parlamentare:<\/p>\n<p>1-Elda Hoti (p\u00ebr d\u00ebmtim t\u00eb pajisjeve dhe mosrespektim t\u00eb Kodit t\u00eb Sjelljes)<\/p>\n<p>2-Gazment Bardhi<\/p>\n<p>3 Sali Berisha (p\u00ebr shkelje t\u00eb p\u00ebrs\u00ebritura t\u00eb rendit t\u00eb seanc\u00ebs, p\u00ebrdorim t\u00eb gjuh\u00ebs joparlamentare dhe pengim t\u00eb zhvillimit normal t\u00eb punimeve parlamentare)<\/p>\n<p>P\u00ebrjashtim p\u00ebr 10 dit\u00eb nga seancat plenare dhe komisionet parlamentare:<\/p>\n<p>1-Besart Xhaferri<\/p>\n<p>2-Xhelal Mziu<\/p>\n<p>3-Bledjon Nallbati<\/p>\n<p>4-Lu\u00e7iano Bo\u00e7i<\/p>\n<p>5-Saimir Korreshi (p\u00ebr pengim t\u00eb zhvillimit t\u00eb seanc\u00ebs dhe akte dhune)<\/p>\n<p>6-Edi Paloka<\/p>\n<p>7-Ina Zhupa<\/p>\n<p>8-Klodiana \u00c7apja<\/p>\n<p>9-Oerd Bylykbashi<\/p>\n<p>10-Enno Bozdo<\/p>\n<p>11-Tomorr Alizoti<\/p>\n<p>12-Ivi Kaso<\/p>\n<p>13-Gent Strazimiri<\/p>\n<p>14-Luan Ba\u00e7i<\/p>\n<p>15-Bledi Him\u00e7i<\/p>\n<p>16-Greta Bardeli<\/p>\n<p>17-Manjola Luku<\/p>\n<p>18-Flamur Hoxha<\/p>\n<p>19-Kliti Hoti<\/p>\n<\/div>\n<\/div>\n","protected":false},"excerpt":{"rendered":"<p>Mbledhja e Sekretariatit t\u00eb Etik\u00ebs, aty ku do t\u00eb shqyrtohet k\u00ebrkesa e Partis\u00eb Socialiste p\u00ebr masa disiplinore ndaj 29 deputet\u00ebve t\u00eb partis\u00eb demokratike, \u00ebsht\u00eb shoq\u00ebruar me tensione. Gjat\u00eb mbledhjes \u00ebsht\u00eb shfaqur videoja nga seanca kur u ndez\u00ebn flakadan\u00eb n\u00eb Kuvend, nd\u00ebrkoh\u00eb q\u00eb deputet\u00ebt e opozit\u00ebs kan\u00eb kund\u00ebrshtuar duke th\u00ebn\u00eb se k\u00ebto sjellje jan\u00eb b\u00ebr\u00eb p\u00ebr &hellip;<\/p>\n","protected":false},"author":4,"featured_media":131846,"comment_status":"closed","ping_status":"closed","sticky":false,"template":"","format":"standard","meta":{"footnotes":""},"categories":[134],"tags":[],"class_list":["post-131850","post","type-post","status-publish","format-standard","has-post-thumbnail","","category-news"],"_links":{"self":[{"href":"https:\/\/rdnews.al\/index.php\/wp-json\/wp\/v2\/posts\/131850","targetHints":{"allow":["GET"]}}],"collection":[{"href":"https:\/\/rdnews.al\/index.php\/wp-json\/wp\/v2\/posts"}],"about":[{"href":"https:\/\/rdnews.al\/index.php\/wp-json\/wp\/v2\/types\/post"}],"author":[{"embeddable":true,"href":"https:\/\/rdnews.al\/index.php\/wp-json\/wp\/v2\/users\/4"}],"replies":[{"embeddable":true,"href":"https:\/\/rdnews.al\/index.php\/wp-json\/wp\/v2\/comments?post=131850"}],"version-history":[{"count":1,"href":"https:\/\/rdnews.al\/index.php\/wp-json\/wp\/v2\/posts\/131850\/revisions"}],"predecessor-version":[{"id":131851,"href":"https:\/\/rdnews.al\/index.php\/wp-json\/wp\/v2\/posts\/131850\/revisions\/131851"}],"wp:featuredmedia":[{"embeddable":true,"href":"https:\/\/rdnews.al\/index.php\/wp-json\/wp\/v2\/media\/131846"}],"wp:attachment":[{"href":"https:\/\/rdnews.al\/index.php\/wp-json\/wp\/v2\/media?parent=131850"}],"wp:term":[{"taxonomy":"category","embeddable":true,"href":"https:\/\/rdnews.al\/index.php\/wp-json\/wp\/v2\/categories?post=131850"},{"taxonomy":"post_tag","embeddable":true,"href":"https:\/\/rdnews.al\/index.php\/wp-json\/wp\/v2\/tags?post=131850"}],"curies":[{"name":"wp","href":"https:\/\/api.w.org\/{rel}","templated":true}]}}