{"id":131868,"date":"2025-12-23T11:11:13","date_gmt":"2025-12-23T11:11:13","guid":{"rendered":"https:\/\/rdnews.al\/?p=131868"},"modified":"2025-12-23T11:11:44","modified_gmt":"2025-12-23T11:11:44","slug":"xhacka-del-nga-spak-pas-dy-oresh-kyc-gojen-para-gazetareve","status":"publish","type":"post","link":"https:\/\/rdnews.al\/index.php\/2025\/12\/23\/xhacka-del-nga-spak-pas-dy-oresh-kyc-gojen-para-gazetareve\/","title":{"rendered":"Xha\u00e7ka del nga SPAK pas dy or\u00ebsh e shp\u00ebrfytyruar, ky\u00e7 goj\u00ebn para gazetar\u00ebve"},"content":{"rendered":"<p>Ka dal\u00eb nga ambjentet e Prokuroris\u00eb s\u00eb Posa\u00e7me, ish-ministrja e Jashtme dhe Mbrojtjes, Olta Xha\u00e7ka, aty ku u paraqit m\u00ebngjesin e k\u00ebsaj t\u00eb marte.<\/p>\n<p>Xha\u00e7ka ka dal\u00eb nga SPAK, nd\u00ebrsa ka refuzuar t\u00eb flas\u00eb p\u00ebr gazetar\u00ebt duke mos dh\u00ebn\u00eb asnj\u00eb koment mbi arsyet p\u00ebrse \u00ebsht\u00eb paraqitur n\u00eb institucionin e drejt\u00ebsis\u00eb.<\/p>\n<p>Nd\u00ebrkoh\u00eb sipas raportimeve, thuhet se Xha\u00e7ka \u00ebsht\u00eb thirrur n\u00eb SPAK p\u00ebr hetimet mbi Portin e Limionit.<\/p>\n<p>Hetimi nisi pas kall\u00ebzimit n\u00eb SPAK nga ish-z\u00ebvend\u00ebskomandanti i Forc\u00ebs Detare, Artur Me\u00e7ollari n\u00eb vitin 2021 kund\u00ebr vendimit t\u00eb K\u00ebshillit t\u00eb Ministrave, q\u00eb m\u00eb 1 korrik 2020 vendosi q\u00eb Baza Detare Limion me nj\u00eb sip\u00ebrfaqe t\u00eb p\u00ebrgjithshme mbi 265 mij\u00eb metra katror\u00eb, t\u2019i jepej me qira p\u00ebr 20 vjet me tarif\u00ebn simbolike 1 euro bashkimit t\u00eb 2 shoq\u00ebrive.<\/p>\n<p>Baza detare e Sarand\u00ebs do t\u00eb q\u00ebndroj\u00eb e sekuestruar derisa Prokuroria e Posa\u00e7me t\u00eb dal\u00eb me nj\u00eb vendim p\u00ebr hetimin e nisur lidhur me procedurat e ndjekura p\u00ebr dh\u00ebnien me qira te privati t\u00eb pron\u00ebs s\u00eb ushtris\u00eb.<\/p>\n<p>Kujtojm\u00eb gjithashtu se ndaj ish-ministres Olta Xha\u00e7ka dhe bashk\u00ebshortit t\u00eb saj Artan Aga\u00e7i, jan\u00eb ngritur edhe akuza lidhur me privatizimin e tokave n\u00eb Himar\u00eb ku do nd\u00ebrtohej resort turistik, dhe mbi t\u00eb cil\u00ebn mor\u00ebn statusin e investitorit strategjik nga Edi Rama.<\/p>\n","protected":false},"excerpt":{"rendered":"<p>Ka dal\u00eb nga ambjentet e Prokuroris\u00eb s\u00eb Posa\u00e7me, ish-ministrja e Jashtme dhe Mbrojtjes, Olta Xha\u00e7ka, aty ku u paraqit m\u00ebngjesin e k\u00ebsaj t\u00eb marte. Xha\u00e7ka ka dal\u00eb nga SPAK, nd\u00ebrsa ka refuzuar t\u00eb flas\u00eb p\u00ebr gazetar\u00ebt duke mos dh\u00ebn\u00eb asnj\u00eb koment mbi arsyet p\u00ebrse \u00ebsht\u00eb paraqitur n\u00eb institucionin e drejt\u00ebsis\u00eb. Nd\u00ebrkoh\u00eb sipas raportimeve, thuhet se &hellip;<\/p>\n","protected":false},"author":4,"featured_media":131869,"comment_status":"closed","ping_status":"closed","sticky":false,"template":"","format":"standard","meta":{"footnotes":""},"categories":[37],"tags":[],"class_list":["post-131868","post","type-post","status-publish","format-standard","has-post-thumbnail","","category-politike"],"_links":{"self":[{"href":"https:\/\/rdnews.al\/index.php\/wp-json\/wp\/v2\/posts\/131868","targetHints":{"allow":["GET"]}}],"collection":[{"href":"https:\/\/rdnews.al\/index.php\/wp-json\/wp\/v2\/posts"}],"about":[{"href":"https:\/\/rdnews.al\/index.php\/wp-json\/wp\/v2\/types\/post"}],"author":[{"embeddable":true,"href":"https:\/\/rdnews.al\/index.php\/wp-json\/wp\/v2\/users\/4"}],"replies":[{"embeddable":true,"href":"https:\/\/rdnews.al\/index.php\/wp-json\/wp\/v2\/comments?post=131868"}],"version-history":[{"count":2,"href":"https:\/\/rdnews.al\/index.php\/wp-json\/wp\/v2\/posts\/131868\/revisions"}],"predecessor-version":[{"id":131871,"href":"https:\/\/rdnews.al\/index.php\/wp-json\/wp\/v2\/posts\/131868\/revisions\/131871"}],"wp:featuredmedia":[{"embeddable":true,"href":"https:\/\/rdnews.al\/index.php\/wp-json\/wp\/v2\/media\/131869"}],"wp:attachment":[{"href":"https:\/\/rdnews.al\/index.php\/wp-json\/wp\/v2\/media?parent=131868"}],"wp:term":[{"taxonomy":"category","embeddable":true,"href":"https:\/\/rdnews.al\/index.php\/wp-json\/wp\/v2\/categories?post=131868"},{"taxonomy":"post_tag","embeddable":true,"href":"https:\/\/rdnews.al\/index.php\/wp-json\/wp\/v2\/tags?post=131868"}],"curies":[{"name":"wp","href":"https:\/\/api.w.org\/{rel}","templated":true}]}}