{"id":131876,"date":"2025-12-23T12:30:54","date_gmt":"2025-12-23T12:30:54","guid":{"rendered":"https:\/\/rdnews.al\/?p=131876"},"modified":"2025-12-23T21:43:09","modified_gmt":"2025-12-23T21:43:09","slug":"berisha-protestuesit-inauguruan-dje-misionin-e-ri-per-shpetimin-e-shqiperise-i-falenderoj-per-permbajtjen-e-zemerimit","status":"publish","type":"post","link":"https:\/\/rdnews.al\/index.php\/2025\/12\/23\/berisha-protestuesit-inauguruan-dje-misionin-e-ri-per-shpetimin-e-shqiperise-i-falenderoj-per-permbajtjen-e-zemerimit\/","title":{"rendered":"Berisha: Protestuesit inauguruan dje misionin e ri p\u00ebr shp\u00ebtimin e Shqip\u00ebris\u00eb! I fal\u00ebnderoj p\u00ebr p\u00ebrmbajtjen e zem\u00ebrimit"},"content":{"rendered":"<p>Kryetari i PD, Sali Berisha, n\u00eb konferenc\u00ebn p\u00ebr media e p\u00ebrshkroi si nj\u00eb moment historik protest\u00ebn e djeshme n\u00eb bulevardin \u201cD\u00ebshmor\u00ebt e Kombit\u201d, duke e cil\u00ebsuar at\u00eb si inaugurimin e misionit t\u00eb ri t\u00eb opozit\u00ebs p\u00ebr shp\u00ebtimin e Shqip\u00ebris\u00eb.<br \/>\nBerisha fal\u00ebnderoi qytetar\u00ebt p\u00ebr pjes\u00ebmarrjen e tyre masive, disiplin\u00ebn dhe p\u00ebrmbajtjen e zem\u00ebrimit ndaj qeveris\u00eb, duke theksuar se kjo \u00ebsht\u00eb nj\u00eb betej\u00eb n\u00eb vazhdim p\u00ebr demokracin\u00eb, familjen dhe t\u00eb ardhmen e vendit.<\/p>\n<p><strong>Berisha:<\/strong> Mir\u00ebdita!<br \/>\nS\u00eb pari, d\u00ebshiroj t\u00eb shpreh mir\u00ebnjohjen m\u00eb t\u00eb thell\u00eb, nderimin m\u00eb t\u00eb madh p\u00ebr t\u00eb gjith\u00eb ata qytetar\u00eb dhe qytetare, t\u00eb rinj, t\u00eb moshuar t\u00eb Tiran\u00ebs dhe mbar\u00eb Shqip\u00ebris\u00eb q\u00eb mbush\u00ebn dje bulevardin \u2018D\u00ebshmor\u00ebt e Kombit\u2019 n\u00eb protest\u00ebn m\u00eb t\u00eb fuqishmte paq\u00ebsore q\u00eb mbahet mend ndonj\u00ebher\u00eb.<br \/>\nQ\u00eb inauguruan dje me pranin\u00eb e tyre misionin e ri t\u00eb opozit\u00ebs shqiptare, shp\u00ebtimin e demokracis\u00eb, shp\u00ebtimin e familjes shqiptare, shp\u00ebtimin e Shqip\u00ebris\u00eb.<br \/>\nSecili pjes\u00ebmarr\u00ebs firmosi dje kontrat\u00ebn me demokracin\u00eb, me familjen dhe me Shqip\u00ebrin\u00eb p\u00ebr t\u2019u dal\u00eb zot gjer n\u00eb fitoren e plot\u00eb dhe p\u00ebrfundimtare mbi k\u00ebt\u00eb regjim.<br \/>\nDuhet t\u2019i fal\u00ebnderoj p\u00ebr p\u00ebrmbajtjen e zem\u00ebrimit dhe urrejtjes s\u00eb tyre t\u00eb pakufishme q\u00eb kan\u00eb ndaj k\u00ebsaj narkoqeverie.<br \/>\nUn\u00eb e kuptoj q\u00eb ai ishte nj\u00eb mundim i veccant\u00eb, por kjo \u00ebsht\u00eb nj\u00eb betej\u00eb n\u00eb vazhdim.<br \/>\nKy ishte nj\u00eb inaugurim me nj\u00eb r\u00ebnd\u00ebsi t\u00eb jasht\u00ebzakonshme dhe mesazhin m\u00eb t\u00eb fuqish\u00ebm p\u00ebr Edi Ram\u00ebn, narkoqeverin\u00eb e tij, ky mesazh p\u00ebrmblidhe me nj\u00eb fjal\u00eb t\u00eb vetme: largohuni!<br \/>\nLargohuni!<br \/>\nNuk mund t\u00eb ket\u00eb fjal\u00eb q\u00eb mund t\u00eb shpreh\u00eb ata q\u00eb ndjej p\u00ebr ata qytetar\u00eb q\u00eb erdh\u00ebn, p\u00ebr at\u00eb disiplin\u00eb q\u00eb treguan, p\u00ebr at\u00eb p\u00ebrkushtim q\u00eb treguan.<\/p>\n","protected":false},"excerpt":{"rendered":"<p>Kryetari i PD, Sali Berisha, n\u00eb konferenc\u00ebn p\u00ebr media e p\u00ebrshkroi si nj\u00eb moment historik protest\u00ebn e djeshme n\u00eb bulevardin \u201cD\u00ebshmor\u00ebt e Kombit\u201d, duke e cil\u00ebsuar at\u00eb si inaugurimin e misionit t\u00eb ri t\u00eb opozit\u00ebs p\u00ebr shp\u00ebtimin e Shqip\u00ebris\u00eb. Berisha fal\u00ebnderoi qytetar\u00ebt p\u00ebr pjes\u00ebmarrjen e tyre masive, disiplin\u00ebn dhe p\u00ebrmbajtjen e zem\u00ebrimit ndaj qeveris\u00eb, duke &hellip;<\/p>\n","protected":false},"author":4,"featured_media":131877,"comment_status":"closed","ping_status":"closed","sticky":false,"template":"","format":"standard","meta":{"footnotes":""},"categories":[134],"tags":[],"class_list":["post-131876","post","type-post","status-publish","format-standard","has-post-thumbnail","","category-news"],"_links":{"self":[{"href":"https:\/\/rdnews.al\/index.php\/wp-json\/wp\/v2\/posts\/131876","targetHints":{"allow":["GET"]}}],"collection":[{"href":"https:\/\/rdnews.al\/index.php\/wp-json\/wp\/v2\/posts"}],"about":[{"href":"https:\/\/rdnews.al\/index.php\/wp-json\/wp\/v2\/types\/post"}],"author":[{"embeddable":true,"href":"https:\/\/rdnews.al\/index.php\/wp-json\/wp\/v2\/users\/4"}],"replies":[{"embeddable":true,"href":"https:\/\/rdnews.al\/index.php\/wp-json\/wp\/v2\/comments?post=131876"}],"version-history":[{"count":1,"href":"https:\/\/rdnews.al\/index.php\/wp-json\/wp\/v2\/posts\/131876\/revisions"}],"predecessor-version":[{"id":131878,"href":"https:\/\/rdnews.al\/index.php\/wp-json\/wp\/v2\/posts\/131876\/revisions\/131878"}],"wp:featuredmedia":[{"embeddable":true,"href":"https:\/\/rdnews.al\/index.php\/wp-json\/wp\/v2\/media\/131877"}],"wp:attachment":[{"href":"https:\/\/rdnews.al\/index.php\/wp-json\/wp\/v2\/media?parent=131876"}],"wp:term":[{"taxonomy":"category","embeddable":true,"href":"https:\/\/rdnews.al\/index.php\/wp-json\/wp\/v2\/categories?post=131876"},{"taxonomy":"post_tag","embeddable":true,"href":"https:\/\/rdnews.al\/index.php\/wp-json\/wp\/v2\/tags?post=131876"}],"curies":[{"name":"wp","href":"https:\/\/api.w.org\/{rel}","templated":true}]}}