{"id":131885,"date":"2025-12-23T12:43:44","date_gmt":"2025-12-23T12:43:44","guid":{"rendered":"https:\/\/rdnews.al\/?p=131885"},"modified":"2025-12-23T21:42:26","modified_gmt":"2025-12-23T21:42:26","slug":"berisha-misioni-yne-eshte-largimi-i-kesaj-qeverisje-qeveri-teknike-dhe-zgjedhje-te-lira","status":"publish","type":"post","link":"https:\/\/rdnews.al\/index.php\/2025\/12\/23\/berisha-misioni-yne-eshte-largimi-i-kesaj-qeverisje-qeveri-teknike-dhe-zgjedhje-te-lira\/","title":{"rendered":"Berisha: Misioni yn\u00eb \u00ebsht\u00eb largimi i k\u00ebsaj qeverisje, qeveri teknike dhe zgjedhje t\u00eb lira!"},"content":{"rendered":"<p>Kryetari i PD, Sali Berisha deklaroi n\u00eb konferenc\u00ebn p\u00ebr media se beteja e opozit\u00ebs do t\u00eb vijoj\u00eb pa ndales\u00eb deri n\u00eb p\u00ebrmbushjen e plot\u00eb t\u00eb misionit politik, duke theksuar se largimi i qeverisjes aktuale \u00ebsht\u00eb i pashmangsh\u00ebm.<br \/>\nBerisha tha se, Edi Rama po p\u00ebrpiqet t\u00eb mbrohet duke p\u00ebrdorur mandatet si instrumente force, por vendimmarrja tashm\u00eb \u00ebsht\u00eb n\u00eb duart e qytetar\u00ebve. Ai e cil\u00ebsoi Ram\u00ebn t\u00eb shkarkuar de facto p\u00ebrpara opinionit publik dhe nd\u00ebrkomb\u00ebtar.<\/p>\n<p><strong>Berisha:<\/strong> Ndaj dhe beteja jon\u00eb vazhdon deri n\u00eb fitore dhe ne do e fitojm\u00eb k\u00ebt\u00eb betej\u00eb.<br \/>\nEdi Rama mendon t\u00eb p\u00ebrdor\u00eb mandatet si bajoneta krimi p\u00ebr t\u00eb mbrojtur veten e tij.<br \/>\nGabohet shum\u00eb r\u00ebnd\u00eb.<br \/>\nGjith\u00e7ka \u00ebsht\u00eb n\u00eb dor\u00eb t\u00eb qytetar\u00ebve tani.<br \/>\nMbr\u00ebm\u00eb, ai u shkarkua nga detyra de facto. Para t\u00eb gjith\u00eb bot\u00ebs \u00ebsht\u00eb nj\u00eb kapoband\u00eb nuk \u00ebsht\u00eb asgj\u00eb m\u00eb shum\u00eb.<br \/>\nNj\u00eb avokat mjeran q\u00eb fshihet pas Lubi Ballukut, pas Ergys Agasit etj me radh\u00eb.<br \/>\nDuke fal\u00ebnderuar edhe nj\u00ebher\u00eb me mir\u00ebnjohjen m\u00eb t\u00eb madhe t\u00eb gjith\u00eb ata t\u00eb rinj, t\u00eb reja, burra, gra, t\u00eb moshuar, pensionist\u00eb q\u00eb lan\u00eb \u00e7do gj\u00eb dhe mbush\u00ebn sheshin, i ftoj t\u00eb jen\u00eb t\u00eb gatsh\u00ebm t\u00eb p\u00ebrshkall\u00ebzojm\u00eb luft\u00ebn, betej\u00ebn ton\u00eb gjer n\u00eb p\u00ebrmbushjen e misionit.<br \/>\nMisioni yn\u00eb \u00ebsht\u00eb largimi i k\u00ebsaj qeverisje, qeveri teknike, zgjedhje t\u00eb lira. Opozita n\u00eb pushtet n\u00eb m\u00ebnyr\u00eb t\u00eb pashmangshme.<\/p>\n","protected":false},"excerpt":{"rendered":"<p>Kryetari i PD, Sali Berisha deklaroi n\u00eb konferenc\u00ebn p\u00ebr media se beteja e opozit\u00ebs do t\u00eb vijoj\u00eb pa ndales\u00eb deri n\u00eb p\u00ebrmbushjen e plot\u00eb t\u00eb misionit politik, duke theksuar se largimi i qeverisjes aktuale \u00ebsht\u00eb i pashmangsh\u00ebm. Berisha tha se, Edi Rama po p\u00ebrpiqet t\u00eb mbrohet duke p\u00ebrdorur mandatet si instrumente force, por vendimmarrja tashm\u00eb &hellip;<\/p>\n","protected":false},"author":4,"featured_media":131886,"comment_status":"closed","ping_status":"closed","sticky":false,"template":"","format":"standard","meta":{"footnotes":""},"categories":[134],"tags":[],"class_list":["post-131885","post","type-post","status-publish","format-standard","has-post-thumbnail","","category-news"],"_links":{"self":[{"href":"https:\/\/rdnews.al\/index.php\/wp-json\/wp\/v2\/posts\/131885","targetHints":{"allow":["GET"]}}],"collection":[{"href":"https:\/\/rdnews.al\/index.php\/wp-json\/wp\/v2\/posts"}],"about":[{"href":"https:\/\/rdnews.al\/index.php\/wp-json\/wp\/v2\/types\/post"}],"author":[{"embeddable":true,"href":"https:\/\/rdnews.al\/index.php\/wp-json\/wp\/v2\/users\/4"}],"replies":[{"embeddable":true,"href":"https:\/\/rdnews.al\/index.php\/wp-json\/wp\/v2\/comments?post=131885"}],"version-history":[{"count":1,"href":"https:\/\/rdnews.al\/index.php\/wp-json\/wp\/v2\/posts\/131885\/revisions"}],"predecessor-version":[{"id":131887,"href":"https:\/\/rdnews.al\/index.php\/wp-json\/wp\/v2\/posts\/131885\/revisions\/131887"}],"wp:featuredmedia":[{"embeddable":true,"href":"https:\/\/rdnews.al\/index.php\/wp-json\/wp\/v2\/media\/131886"}],"wp:attachment":[{"href":"https:\/\/rdnews.al\/index.php\/wp-json\/wp\/v2\/media?parent=131885"}],"wp:term":[{"taxonomy":"category","embeddable":true,"href":"https:\/\/rdnews.al\/index.php\/wp-json\/wp\/v2\/categories?post=131885"},{"taxonomy":"post_tag","embeddable":true,"href":"https:\/\/rdnews.al\/index.php\/wp-json\/wp\/v2\/tags?post=131885"}],"curies":[{"name":"wp","href":"https:\/\/api.w.org\/{rel}","templated":true}]}}