{"id":131906,"date":"2025-12-23T17:08:12","date_gmt":"2025-12-23T17:08:12","guid":{"rendered":"https:\/\/rdnews.al\/?p=131906"},"modified":"2025-12-23T21:40:51","modified_gmt":"2025-12-23T21:40:51","slug":"merret-i-pandehur-ish-drejtori-i-burgjeve-agim-ismaili","status":"publish","type":"post","link":"https:\/\/rdnews.al\/index.php\/2025\/12\/23\/merret-i-pandehur-ish-drejtori-i-burgjeve-agim-ismaili\/","title":{"rendered":"Merret i pandehur ish-drejtori i burgjeve Agim Ismaili\u00a0"},"content":{"rendered":"<p>Ish-drejtori i P\u00ebrgjithsh\u00ebm i Burgjeve, Agim Ismaili, \u00ebsht\u00eb marr\u00eb zyrtarisht i pandehur nga SPAK n\u00eb lidhje me \u00e7\u00ebshtjen e hakerimit t\u00eb t\u00eb dh\u00ebnave t\u00eb Prokuroris\u00eb s\u00eb Posa\u00e7me.<\/p>\n<p>Sipas burimeve, Ismaili akuzohet p\u00ebr p\u00ebrgjim t\u00eb paligjsh\u00ebm t\u00eb t\u00eb dh\u00ebnave kompjuterike, pjes\u00ebmarrje n\u00eb grup t\u00eb strukturuar kriminal dhe kryerje t\u00eb veprave penale n\u00eb kuad\u00ebr t\u00eb grupit kriminal.<\/p>\n<p>N\u00eb t\u00eb nj\u00ebjt\u00ebn dosje jan\u00eb marr\u00eb t\u00eb pandehur edhe Arnold Rrokaj dhe Zambak Gjoni, t\u00eb cil\u00ebt ndodhen tashm\u00eb n\u00ebn masa sigurie.<\/p>\n<p>Ismaili u paraqit k\u00ebt\u00eb t\u00eb mart\u00eb n\u00eb ambientet e SPAK, ku q\u00ebndroi p\u00ebr rreth dy or\u00eb, nd\u00ebrsa hetimet p\u00ebr \u00e7\u00ebshtjen vijojn\u00eb.<\/p>\n<p>Sipas njoftimit zyrtar t\u00eb Prokuroris\u00eb s\u00eb Posa\u00e7me, m\u00eb 12 mars 2025 SPAK ka marr\u00eb informacion se adresat e email-eve t\u00eb disa prokuror\u00ebve t\u00eb posa\u00e7\u00ebm ishin v\u00ebn\u00eb n\u00eb sh\u00ebnjest\u00ebr t\u00eb nj\u00eb nd\u00ebrhyrjeje t\u00eb paligjshme. Megjithat\u00eb, institucioni sqaron se nuk \u00ebsht\u00eb cenuar sistemi i brendsh\u00ebm i SPAK.<\/p>\n","protected":false},"excerpt":{"rendered":"<p>Ish-drejtori i P\u00ebrgjithsh\u00ebm i Burgjeve, Agim Ismaili, \u00ebsht\u00eb marr\u00eb zyrtarisht i pandehur nga SPAK n\u00eb lidhje me \u00e7\u00ebshtjen e hakerimit t\u00eb t\u00eb dh\u00ebnave t\u00eb Prokuroris\u00eb s\u00eb Posa\u00e7me. Sipas burimeve, Ismaili akuzohet p\u00ebr p\u00ebrgjim t\u00eb paligjsh\u00ebm t\u00eb t\u00eb dh\u00ebnave kompjuterike, pjes\u00ebmarrje n\u00eb grup t\u00eb strukturuar kriminal dhe kryerje t\u00eb veprave penale n\u00eb kuad\u00ebr t\u00eb grupit kriminal. &hellip;<\/p>\n","protected":false},"author":4,"featured_media":64024,"comment_status":"closed","ping_status":"closed","sticky":false,"template":"","format":"standard","meta":{"footnotes":""},"categories":[134],"tags":[],"class_list":["post-131906","post","type-post","status-publish","format-standard","has-post-thumbnail","","category-news"],"_links":{"self":[{"href":"https:\/\/rdnews.al\/index.php\/wp-json\/wp\/v2\/posts\/131906","targetHints":{"allow":["GET"]}}],"collection":[{"href":"https:\/\/rdnews.al\/index.php\/wp-json\/wp\/v2\/posts"}],"about":[{"href":"https:\/\/rdnews.al\/index.php\/wp-json\/wp\/v2\/types\/post"}],"author":[{"embeddable":true,"href":"https:\/\/rdnews.al\/index.php\/wp-json\/wp\/v2\/users\/4"}],"replies":[{"embeddable":true,"href":"https:\/\/rdnews.al\/index.php\/wp-json\/wp\/v2\/comments?post=131906"}],"version-history":[{"count":2,"href":"https:\/\/rdnews.al\/index.php\/wp-json\/wp\/v2\/posts\/131906\/revisions"}],"predecessor-version":[{"id":131908,"href":"https:\/\/rdnews.al\/index.php\/wp-json\/wp\/v2\/posts\/131906\/revisions\/131908"}],"wp:featuredmedia":[{"embeddable":true,"href":"https:\/\/rdnews.al\/index.php\/wp-json\/wp\/v2\/media\/64024"}],"wp:attachment":[{"href":"https:\/\/rdnews.al\/index.php\/wp-json\/wp\/v2\/media?parent=131906"}],"wp:term":[{"taxonomy":"category","embeddable":true,"href":"https:\/\/rdnews.al\/index.php\/wp-json\/wp\/v2\/categories?post=131906"},{"taxonomy":"post_tag","embeddable":true,"href":"https:\/\/rdnews.al\/index.php\/wp-json\/wp\/v2\/tags?post=131906"}],"curies":[{"name":"wp","href":"https:\/\/api.w.org\/{rel}","templated":true}]}}