{"id":131917,"date":"2025-12-23T19:20:43","date_gmt":"2025-12-23T19:20:43","guid":{"rendered":"https:\/\/rdnews.al\/?p=131917"},"modified":"2025-12-23T19:20:43","modified_gmt":"2025-12-23T19:20:43","slug":"de-telegraaf-shperthen-zemerimi-kunder-shtetit-mafioz-ne-shqiperi","status":"publish","type":"post","link":"https:\/\/rdnews.al\/index.php\/2025\/12\/23\/de-telegraaf-shperthen-zemerimi-kunder-shtetit-mafioz-ne-shqiperi\/","title":{"rendered":"\u201cDE TELEGRAAF\u201d: Shp\u00ebrthen zem\u00ebrimi kund\u00ebr shtetit mafioz n\u00eb Shqip\u00ebri!"},"content":{"rendered":"<p><strong>Shqip\u00ebria rr\u00ebshqiti t\u00eb h\u00ebn\u00ebn n\u00eb mbr\u00ebmje drejt kaosit. N\u00eb Tiran\u00eb, nj\u00eb protest\u00eb masive kund\u00ebr qeveris\u00eb u shnd\u00ebrrua n\u00eb nj\u00eb nat\u00eb t\u00eb mbushur me zjarr, tym dhe dhun\u00eb. Demonstruesit hodh\u00ebn bomba molotov drejt zyr\u00ebs s\u00eb kryeministrit Edi Rama, nd\u00ebrsa policia nd\u00ebrhyri ashp\u00ebr dhe rrug\u00ebt u kthyen n\u00eb nj\u00eb fush\u00eb beteje.<\/strong><\/p>\n<p><strong>Nga Nikki van Arenthals,\u00a0<a href=\"https:\/\/www.telegraaf.nl\/buitenland\/woede-om-corruptie-in-maffiastaat-albanie-massaprotesten-in-tirana-premierskantoor-aangevallen\/117940264.html\" target=\"_blank\" rel=\"noopener\">DE TELEGRAAF<\/a><\/strong><\/p>\n<p>Ajo q\u00eb nisi si nj\u00eb protest\u00eb n\u00eb dukje e rregullt kund\u00ebr korrupsionit n\u00eb majat e pushtetit, degjeneroi n\u00eb kaos t\u00eb plot\u00eb. Kokteje molotov fluturonin n\u00eb aj\u00ebr, sirenat ul\u00ebrinin n\u00ebp\u00ebr rrug\u00eb dhe re t\u00eb dendura tymi t\u00eb zi u ngrit\u00ebn mbi kompleksin qeveritar.<\/p>\n<p>Kat\u00ebr demonstrues u arrestuan, nd\u00ebrsa shtat\u00eb t\u00eb tjer\u00eb jan\u00eb ende n\u00ebn hetim. Dy polic\u00eb u plagos\u00ebn. Nj\u00eb protestues p\u00ebsoi djegie t\u00eb r\u00ebnda, pasi i vuri aksidentalisht flak\u00ebn vetes.<\/p>\n<p><strong>Skandal korrupsioni<\/strong><\/p>\n<p>Shkaku i shp\u00ebrthimit t\u00eb zem\u00ebrimit rezulton t\u00eb jet\u00eb nj\u00eb skandal i r\u00ebnd\u00eb korrupsioni rreth z\u00ebvend\u00ebskryeministres dhe ministres s\u00eb Infrastruktur\u00ebs Belinda Balluku \u2013 nj\u00eb nga bashk\u00ebpun\u00ebtoret m\u00eb t\u00eb af\u00ebrta t\u00eb kryeministrit Rama dhe nj\u00eb nga grat\u00eb m\u00eb t\u00eb fuqishme t\u00eb vendit.<\/p>\n<p>Sipas prokuror\u00ebve t\u00eb SPAK, nj\u00ebsis\u00eb speciale kund\u00ebr korrupsionit, Balluku ka vepruar si nyja qendrore e nj\u00eb rrjeti, q\u00eb p\u00ebrmes tender\u00ebve t\u00eb manipuluar, dyshohet se ka devijuar miliona euro para publike. Jo shuma t\u00eb vogla, por projekte gjigante. Dyshimet prekin disa nga projektet infrastrukturore m\u00eb t\u00eb shtrenjta dhe m\u00eb prestigjioze t\u00eb Shqip\u00ebris\u00eb.<\/p>\n<p>N\u00eb sh\u00ebnjest\u00ebr jan\u00eb Loti 4 i Unaz\u00ebs s\u00eb Madhe t\u00eb Tiran\u00ebs dhe tuneli fam\u00ebkeq i Llogaras\u00eb, nj\u00eb projekt \u201cprestigji\u201d me vler\u00eb 190 milion\u00eb euro \u2013 nj\u00eb tunel q\u00eb tashm\u00eb njihet m\u00eb shum\u00eb p\u00ebr vonesat shum\u00ebvje\u00e7are, kostot e fryra dhe procedura t\u00eb mbuluara m\u00eb shum\u00eb nga hija sesa nga transparenca.<\/p>\n<p>Sipas SPAK, tender\u00ebt ishin nd\u00ebrtuar n\u00eb m\u00ebnyr\u00eb t\u00eb till\u00eb q\u00eb kompanit\u00eb e paracaktuara t\u00eb fitonin gjithmon\u00eb. Konkurrent\u00ebt ose pengoheshin aktivisht, ose nxirreshin jasht\u00eb loje. Afatet ndryshoheshin sipas d\u00ebshir\u00ebs, dokumentet p\u00ebrshtateshin dhe rregullat rishkruheshin sa her\u00eb q\u00eb i sh\u00ebrbente interesit politik.<\/p>\n<p>Balluku \u00ebsht\u00eb shpallur zyrtarisht e dyshuar, \u00ebsht\u00eb pezulluar nga detyra nga gjykata speciale kund\u00ebr korrupsionit dhe i \u00ebsht\u00eb ndaluar largimi nga vendi.<\/p>\n<p><strong>\u201cShtet mafioz\u201d<\/strong><\/p>\n<p>Megjithat\u00eb, arrestim nuk ka. Dhe pik\u00ebrisht kjo po ndez zem\u00ebrimin n\u00eb rrug\u00eb. Si deputete, Balluku g\u00ebzon imunitet parlamentar. Vet\u00ebm Kuvendi mund ta heq\u00eb at\u00eb mbrojtje \u2013 dhe ky Kuvend kontrollohet fort nga Partia Socialiste e Ram\u00ebs.<\/p>\n<p>Partia n\u00eb pushtet refuzon \u00e7do hap. P\u00ebr demonstruesit, p\u00ebrfundimi \u00ebsht\u00eb i qart\u00eb: p\u00ebr elit\u00ebn vlejn\u00eb rregulla t\u00eb tjera sesa p\u00ebr qytetar\u00ebt e zakonsh\u00ebm.<\/p>\n<p>Zjarri u p\u00ebrhap edhe m\u00eb shum\u00eb kur Gjykata Kushtetuese e riktheu p\u00ebrkoh\u00ebsisht Ballukun n\u00eb detyr\u00eb, pavar\u00ebsisht hetimit n\u00eb vazhdim. Kritik\u00ebt e quajn\u00eb k\u00ebt\u00eb nj\u00eb goditje ndaj shtetit t\u00eb s\u00eb drejt\u00ebs. N\u00eb rrjetet sociale, gjuha \u00ebsht\u00eb edhe m\u00eb e ashp\u00ebr: flitet hapur p\u00ebr nj\u00eb \u201cshtet mafioz\u201d dhe p\u00ebr nj\u00eb \u201cklik\u00eb politike q\u00eb mbron vet\u00ebm veten\u201d.<\/p>\n<p><strong>Ish-kryeministri n\u00eb krye t\u00eb protestave<\/strong><\/p>\n<p>Protestat udh\u00ebhiqen nga ish-kryeministri Sali Berisha, lideri i fort\u00eb i opozit\u00ebs, i pranish\u00ebm n\u00eb politik\u00ebn shqiptare prej dekadash. Me Partin\u00eb Demokratike, ai po e mban Ram\u00ebn prej muajsh n\u00ebn presion maksimal. Sipas Berish\u00ebs, dhuna n\u00eb rrug\u00eb nuk \u00ebsht\u00eb rast\u00ebsi, por pasoj\u00eb e pashmangshme e nj\u00eb \u201cshteti t\u00eb kapur\u201d.<\/p>\n<p>Edhe n\u00eb Kuvend, tensionet kishin shp\u00ebrthyer m\u00eb her\u00ebt. Jav\u00ebn e kaluar, nj\u00eb seanc\u00eb parlamentare u kthye n\u00eb kaos t\u00eb plot\u00eb, kur deputet\u00ebt e opozit\u00ebs hodh\u00ebn bomba tymuese dhe flakadan\u00eb n\u00eb sall\u00eb.<\/p>\n<p>U shty e u godit, mikrofonat u shkul\u00ebn nga vendi dhe shishe u hodh\u00ebn drejt kryesuesit. Shkak ishte nj\u00eb votim p\u00ebr Avokatin e Popullit, q\u00eb sipas opozit\u00ebs ishte vendosur paraprakisht, pa u zhvilluar fare proces real votimi.<\/p>\n<p>Berisha nuk e kursen Ram\u00ebn: \u201cNuk ka dhun\u00eb m\u00eb t\u00eb madhe se pla\u00e7kitja sistematike e popullit shqiptar nga Edi Rama dhe ministrat e tij,\u201d deklaroi ai p\u00ebr POLITICO.<\/p>\n<p>Sipas tij, qeveria ka humbur \u00e7do legjitimitet. Mesazhi i tij \u00ebsht\u00eb i drejtp\u00ebrdrejt\u00eb: \u201cAi duhet t\u00eb largohet. Sot\u201d.<\/p>\n<p><strong>Qeveria refuzon dor\u00ebheqjen<\/strong><\/p>\n<p>Kryeministri Rama e sheh ndryshe situat\u00ebn. Dor\u00ebheqje? As q\u00eb b\u00ebhet fjal\u00eb. Ai refuzon t\u00eb t\u00ebrhiqet, mban partin\u00eb t\u00eb disiplinuar dhe bllokon \u00e7do p\u00ebrpjekje p\u00ebr heqjen e imunitetit t\u00eb Ballukut. Sipas Ram\u00ebs, fillimisht duhet t\u00eb shprehet Gjykata Kushtetuese, nj\u00eb vendim q\u00eb pritet vet\u00ebm n\u00eb janar.<\/p>\n<p>Nd\u00ebrkoh\u00eb, ai sulmon ashp\u00ebr SPAK-un, duke e akuzuar p\u00ebr abuzim me pushtetin dhe madje p\u00ebr \u201carrestime pa proces\u201d. Sipas kryeministrit, institucioni \u00ebsht\u00eb kthyer n\u00eb nj\u00eb mekaniz\u00ebm t\u00eb pakontrolluar.<\/p>\n<p>Shefi i ri i SPAK, Klodian Braho, u paraqit s\u00eb fundmi n\u00eb Kryesin\u00eb e Kuvendit me nj\u00eb k\u00ebrkes\u00eb t\u00eb qart\u00eb: heqjen e imunitetit parlamentar t\u00eb Belinda Ballukut.<\/p>\n<p>Balluku, nga ana e saj, flet p\u00ebr \u201cgjysm\u00eb t\u00eb v\u00ebrteta dhe g\u00ebnjeshtra\u201d dhe k\u00ebmb\u00ebngul n\u00eb pafaj\u00ebsin\u00eb e saj, duke premtuar bashk\u00ebpunim t\u00eb plot\u00eb me hetimin. Por n\u00eb rrug\u00eb mbizot\u00ebron cinizmi: besimi \u00ebsht\u00eb shuar.<\/p>\n<p>P\u00ebr shum\u00eb shqiptar\u00eb, kjo \u00e7\u00ebshtje \u00ebsht\u00eb m\u00eb shum\u00eb se nj\u00eb skandal individual. Ajo simbolizon gjith\u00e7ka q\u00eb nuk shkon: nj\u00eb elit\u00eb politike q\u00eb pasurohet, fshihet pas imunitetit dhe ia faturon pa skrupuj koston popullit.<\/p>\n","protected":false},"excerpt":{"rendered":"<p>Shqip\u00ebria rr\u00ebshqiti t\u00eb h\u00ebn\u00ebn n\u00eb mbr\u00ebmje drejt kaosit. N\u00eb Tiran\u00eb, nj\u00eb protest\u00eb masive kund\u00ebr qeveris\u00eb u shnd\u00ebrrua n\u00eb nj\u00eb nat\u00eb t\u00eb mbushur me zjarr, tym dhe dhun\u00eb. Demonstruesit hodh\u00ebn bomba molotov drejt zyr\u00ebs s\u00eb kryeministrit Edi Rama, nd\u00ebrsa policia nd\u00ebrhyri ashp\u00ebr dhe rrug\u00ebt u kthyen n\u00eb nj\u00eb fush\u00eb beteje. Nga Nikki van Arenthals,\u00a0DE TELEGRAAF Ajo &hellip;<\/p>\n","protected":false},"author":4,"featured_media":131918,"comment_status":"closed","ping_status":"closed","sticky":false,"template":"","format":"standard","meta":{"footnotes":""},"categories":[37],"tags":[],"class_list":["post-131917","post","type-post","status-publish","format-standard","has-post-thumbnail","","category-politike"],"_links":{"self":[{"href":"https:\/\/rdnews.al\/index.php\/wp-json\/wp\/v2\/posts\/131917","targetHints":{"allow":["GET"]}}],"collection":[{"href":"https:\/\/rdnews.al\/index.php\/wp-json\/wp\/v2\/posts"}],"about":[{"href":"https:\/\/rdnews.al\/index.php\/wp-json\/wp\/v2\/types\/post"}],"author":[{"embeddable":true,"href":"https:\/\/rdnews.al\/index.php\/wp-json\/wp\/v2\/users\/4"}],"replies":[{"embeddable":true,"href":"https:\/\/rdnews.al\/index.php\/wp-json\/wp\/v2\/comments?post=131917"}],"version-history":[{"count":1,"href":"https:\/\/rdnews.al\/index.php\/wp-json\/wp\/v2\/posts\/131917\/revisions"}],"predecessor-version":[{"id":131919,"href":"https:\/\/rdnews.al\/index.php\/wp-json\/wp\/v2\/posts\/131917\/revisions\/131919"}],"wp:featuredmedia":[{"embeddable":true,"href":"https:\/\/rdnews.al\/index.php\/wp-json\/wp\/v2\/media\/131918"}],"wp:attachment":[{"href":"https:\/\/rdnews.al\/index.php\/wp-json\/wp\/v2\/media?parent=131917"}],"wp:term":[{"taxonomy":"category","embeddable":true,"href":"https:\/\/rdnews.al\/index.php\/wp-json\/wp\/v2\/categories?post=131917"},{"taxonomy":"post_tag","embeddable":true,"href":"https:\/\/rdnews.al\/index.php\/wp-json\/wp\/v2\/tags?post=131917"}],"curies":[{"name":"wp","href":"https:\/\/api.w.org\/{rel}","templated":true}]}}