{"id":131937,"date":"2025-12-23T21:56:14","date_gmt":"2025-12-23T21:56:14","guid":{"rendered":"https:\/\/rdnews.al\/?p=131937"},"modified":"2025-12-23T21:56:14","modified_gmt":"2025-12-23T21:56:14","slug":"beteja-per-milionat-e-aeroportit-te-vlores-pacolli-fiton-betejen-me-ballukun","status":"publish","type":"post","link":"https:\/\/rdnews.al\/index.php\/2025\/12\/23\/beteja-per-milionat-e-aeroportit-te-vlores-pacolli-fiton-betejen-me-ballukun\/","title":{"rendered":"Beteja p\u00ebr milionat e aeroportit t\u00eb Vlor\u00ebs\/ Pacolli fiton betej\u00ebn me Ballukun"},"content":{"rendered":"<p>Pas disa muajsh pezullim me vendim t\u00eb Prokuris\u00eb s\u00eb Tiran\u00ebs, miliarderi Behgjet Pacolli deklaron se prej dit\u00ebs s\u00eb sotme Aeroporti i Vlor\u00ebs i \u00ebsht\u00eb rikthyer normalitetit institucional dhe rendit ligjor.<\/p>\n<p>Me nj\u00eb status t\u00eb publikuar n\u00eb rrjete sociale, pronari i VIA-s thot\u00eb se operimi n\u00eb aeroport do t\u00eb vijoj\u00eb tashm\u00eb normalisht, duke l\u00ebn\u00eb t\u00eb kuptohet se drejt\u00ebsia \u00ebsht\u00eb shprehur dhe mesa duket nga p\u00ebrplasja me ortakun n\u00eb dyert e gjykatave, Pacolli ka dal\u00eb i fituar.<\/p>\n<div class=\"teads-inread teads-display-format\">\n<div><\/div>\n<\/div>\n<p>\u201cPo kthehet normaliteti me aeroportin e Vlor\u00ebs!<\/p>\n<p>Akti m\u00eb i lart\u00eb i p\u00ebrgjegj\u00ebsis\u00eb qytetare dhe patriotike \u00ebsht\u00eb kontributi ndaj familjes, shoq\u00ebris\u00eb dhe shtetit p\u00ebrmes pun\u00ebs s\u00eb ndershme, profesionale dhe respektimit t\u00eb parimeve t\u00eb drejt\u00ebsis\u00eb. Drejt\u00ebsia, ndon\u00ebse shpesh p\u00ebrballet me sfida dhe procese t\u00eb v\u00ebshtira, ajo mbetet universale dhe e pashmangshme n\u00eb zbatimin e saj.<\/p>\n<p>Esht\u00eb nj\u00eb ndjenj\u00eb krenarie p\u00ebr nj\u00eb qytetar kur drejt\u00ebsija n\u00eb v\u00ebndin e tij funksionon n\u00eb m\u00ebnyr\u00eb t\u00eb pavarur, t\u00eb pandikuar dhe t\u00eb q\u00ebndrueshme.<\/p>\n<p>Nga sot, n\u00eb Vlora International Airport, rikthehen normaliteti institucional, rendi ligjor dhe besimi duke i falenderuar drejtesise!\u201d shkruan Pacolli.<\/p>\n<p>Behgjet Pacolli, pronar i \u201cMabco Construction S.A.\u201d nisi nj\u00eb p\u00ebrplasje n\u00eb gjykata me ortakun e tij Valon Ademi pronar i 2A Grop dhe shkak ishte ndarja e aksioneve p\u00ebr aeroportin e Vlor\u00ebs.<\/p>\n<p>Valon Ademi p\u00ebrfaq\u00ebsues i kompanis\u00eb 2A Group, fillimisht ka pasur 2% t\u00eb aksioneve n\u00eb Aeroportin e Vlor\u00ebs. Nd\u00ebrkoh\u00eb pas t\u00ebrheqjes s\u00eb turq\u00ebve, Yda , t\u00eb cil\u00ebt i shit\u00ebn aksionet e tyre p\u00ebr 4200 euro, Ademi ka pretenduar se mes tij dhe Pacollit u firmos nj\u00eb kontrat\u00eb ku atij i kaluan 47% t\u00eb aksioneve.<\/p>\n<p>2A Group e Ademit k\u00ebrkoi t\u00eb njihet si 47% aksioner duke pasur n\u00eb dor\u00eb kontrat\u00ebn por edhe gjith\u00eb dokumentet e investimit gjat\u00eb k\u00ebtyre dy viteve, nd\u00ebrsa Mabco e Pacollit refuzon dhe ka marr\u00eb nj\u00eb vendim si aksioner kryesor q\u00eb t\u00eb mos lejohet ndryshimi i aksioneve.<\/p>\n","protected":false},"excerpt":{"rendered":"<p>Pas disa muajsh pezullim me vendim t\u00eb Prokuris\u00eb s\u00eb Tiran\u00ebs, miliarderi Behgjet Pacolli deklaron se prej dit\u00ebs s\u00eb sotme Aeroporti i Vlor\u00ebs i \u00ebsht\u00eb rikthyer normalitetit institucional dhe rendit ligjor. Me nj\u00eb status t\u00eb publikuar n\u00eb rrjete sociale, pronari i VIA-s thot\u00eb se operimi n\u00eb aeroport do t\u00eb vijoj\u00eb tashm\u00eb normalisht, duke l\u00ebn\u00eb t\u00eb kuptohet &hellip;<\/p>\n","protected":false},"author":3,"featured_media":126408,"comment_status":"closed","ping_status":"closed","sticky":false,"template":"","format":"standard","meta":{"footnotes":""},"categories":[46],"tags":[],"class_list":["post-131937","post","type-post","status-publish","format-standard","has-post-thumbnail","","category-ekonomi"],"_links":{"self":[{"href":"https:\/\/rdnews.al\/index.php\/wp-json\/wp\/v2\/posts\/131937","targetHints":{"allow":["GET"]}}],"collection":[{"href":"https:\/\/rdnews.al\/index.php\/wp-json\/wp\/v2\/posts"}],"about":[{"href":"https:\/\/rdnews.al\/index.php\/wp-json\/wp\/v2\/types\/post"}],"author":[{"embeddable":true,"href":"https:\/\/rdnews.al\/index.php\/wp-json\/wp\/v2\/users\/3"}],"replies":[{"embeddable":true,"href":"https:\/\/rdnews.al\/index.php\/wp-json\/wp\/v2\/comments?post=131937"}],"version-history":[{"count":1,"href":"https:\/\/rdnews.al\/index.php\/wp-json\/wp\/v2\/posts\/131937\/revisions"}],"predecessor-version":[{"id":131938,"href":"https:\/\/rdnews.al\/index.php\/wp-json\/wp\/v2\/posts\/131937\/revisions\/131938"}],"wp:featuredmedia":[{"embeddable":true,"href":"https:\/\/rdnews.al\/index.php\/wp-json\/wp\/v2\/media\/126408"}],"wp:attachment":[{"href":"https:\/\/rdnews.al\/index.php\/wp-json\/wp\/v2\/media?parent=131937"}],"wp:term":[{"taxonomy":"category","embeddable":true,"href":"https:\/\/rdnews.al\/index.php\/wp-json\/wp\/v2\/categories?post=131937"},{"taxonomy":"post_tag","embeddable":true,"href":"https:\/\/rdnews.al\/index.php\/wp-json\/wp\/v2\/tags?post=131937"}],"curies":[{"name":"wp","href":"https:\/\/api.w.org\/{rel}","templated":true}]}}