{"id":131941,"date":"2025-12-24T08:48:42","date_gmt":"2025-12-24T08:48:42","guid":{"rendered":"https:\/\/rdnews.al\/?p=131941"},"modified":"2025-12-24T08:48:42","modified_gmt":"2025-12-24T08:48:42","slug":"skandali-videot-e-agasit-kapin-edhe-vjedhjen-e-tims","status":"publish","type":"post","link":"https:\/\/rdnews.al\/index.php\/2025\/12\/24\/skandali-videot-e-agasit-kapin-edhe-vjedhjen-e-tims\/","title":{"rendered":"Skandali\/ Videot e Agasit kapin edhe vjedhjen e TIMS"},"content":{"rendered":"<p>Videot e Agasit kapin edhe vjedh\u00ebsit e TIMS<\/p>\n<p>Ferdinand Dervishi<\/p>\n<p>N\u00eb vendimin e Gjykat\u00ebs s\u00eb Posa\u00e7me p\u00ebr masat e arrestit t\u00eb t\u00eb akuzuarve p\u00ebr tenderat e AKSHI-t, ka t\u00eb pakt\u00ebn dy personazhe, t\u00eb cil\u00ebt akuzohen edhe si bashk\u00ebpun\u00ebtor\u00eb n\u00eb vjedhjen e databaz\u00ebs s\u00eb sistemit TIMS t\u00eb Policis\u00eb s\u00eb Shtetit &#8211; ngjarje e ndodhur m\u00eb 2 gusht 2023.<\/p>\n<p>E para, q\u00eb shfaqet, \u00ebsht\u00eb Ervina Gjana, Drejtore e Drejtoris\u00eb p\u00ebr Hetimet e Krimeve Kibernetike, e em\u00ebruar n\u00eb k\u00ebt\u00eb post pik\u00ebrisht m\u00eb 2 gusht 2023, pra n\u00eb dit\u00ebn e krimit.<\/p>\n<p>P\u00ebrfund nj\u00ebr\u00ebs nga fotot, q\u00eb gjenden n\u00eb vendimin e gjykat\u00ebs, shkruhet: Ergys Agasi: (flet ne telefon) O mo vlla, h\u00eb \u00e7a b\u00ebn mir\u00eb je ti&#8230; mir\u00eb, mir\u00eb. Shiko tashi, do t\u00eb vi ERVINA se do t\u00eb b\u00ebhet nj\u00eb aksion p\u00ebr disa falsifikime&#8230;\u201d<\/p>\n<p>Ervina u katapultua n\u00eb maj\u00eb t\u00eb Policis\u00eb s\u00eb Shtetit, n\u00eb postin e Drejtores p\u00ebr Hetimet e Krimeve Kibernetike, n\u00eb koh\u00ebn kur minist\u00ebr ishte Taulant Balla dhe Drejtor i P\u00ebrgjithsh\u00ebm, Muhamet Rrumbullaku.<\/p>\n<p>Sipas Taulant Ball\u00ebs, Ervina ishte pjes\u00eb e nj\u00eb \u201cekipi t\u00eb ri, brenda Drejtoris\u00eb s\u00eb P\u00ebrgjithshme t\u00eb Policis\u00eb, q\u00eb ka marr\u00eb p\u00ebrsip\u00ebr, nga qershori 2023, nj\u00eb ndryshim t\u00ebr\u00ebsor t\u00eb m\u00ebnyr\u00ebs s\u00eb administrimit teknik dhe t\u00eb siguris\u00eb\u2026\u201d<\/p>\n<p>Procedura e em\u00ebrimit t\u00eb Gjan\u00ebs ishte, fund e krye, n\u00eb shkelje t\u00eb ligjeve p\u00ebr em\u00ebrimet n\u00eb Policin\u00eb e Shtetit. Gjith\u00e7ka e shtypur me k\u00ebmb\u00eb, nisur nga kushti kryesor \u2013 ajo kishte p\u00ebrfunduar studimet p\u00ebr \u201cinxhinieri informatike\u201d, nd\u00ebrkoh\u00eb q\u00eb Drejtoria, p\u00ebr Hetimet e Krimeve Kibernetike, ishte nj\u00eb struktur\u00eb hetimore.<\/p>\n<p>N\u00eb kuad\u00ebr t\u00eb hetimit t\u00eb SPAK p\u00ebr tenderat e AKSHI-t, hetuesit e BKH-s\u00eb vendos\u00ebn t\u00eb kontrollonin banes\u00ebn e Ervina Gjan\u00ebs dhe bashk\u00ebshortit t\u00eb saj, Renato Hristi\u00e7. Ata kishin t\u00eb dh\u00ebna t\u00eb sakta se, bashk\u00ebshorti i Ervina Gjan\u00ebs, ishte lidhje e Ergys Agasit, her\u00eb n\u00eb rolin e shoferit personal, her\u00eb n\u00eb ndonj\u00eb rol tjet\u00ebr.<\/p>\n<p>Po k\u00ebshtu, hetuesit kan\u00eb dyshime se, i nj\u00ebjti personazh, pra Ergys Agasi, p\u00ebrmes Drejtores Gjana, vinte n\u00eb l\u00ebvizje strukturat e hetimit kibernetik p\u00ebr t\u00eb goditur biznese t\u00eb ligjshme apo grupe kriminale rivale, me q\u00ebllim largimin e tyre nga veprimtaria ku ai, apo miq t\u00eb tij, kishin interesa.<\/p>\n<p>P\u00ebr k\u00ebt\u00eb arsye hetuesit kan\u00eb ve\u00e7uar, apo zgjedhur, pjes\u00ebn e p\u00ebrftuar nga videot, q\u00eb Agasi i b\u00ebnte vetes, ku thuhet: \u201cShiko tashi, do t\u00eb vi ERVINA se do t\u00eb b\u00ebhet nj\u00eb aksion p\u00ebr disa falsifikime\u201d. Me vazhdimin, q\u00eb nuk \u00ebsht\u00eb n\u00eb foto: \u201c&#8230;dhe q\u00eb t\u00eb mos dali fjala, se dun me i plas mrena. Kupto ti, me kujdes&#8230;\u201d<\/p>\n<p>Pra, n\u00eb rastin m\u00eb t\u00eb mir\u00eb, ne jemi para nj\u00eb dekonspirimi t\u00eb v\u00ebrtetuar t\u00eb nj\u00eb aksioni policor, e dyta, jemi para rastit t\u00eb ndarjes me dik\u00eb tjet\u00ebr t\u00eb nj\u00eb sekreti policor, e treta, mund t\u00eb dyshohet se Agasi \u00ebsht\u00eb i interesuar t\u00eb goditet grupi, pasi mund t\u00eb ket\u00eb qen\u00eb rival i tij, apo lidhjeve t\u00eb tij n\u00eb bisnese t\u00eb pastra, apo t\u00eb pista.<\/p>\n<p>Personazhi i dyt\u00eb, i historis\u00eb s\u00eb vjedhjes s\u00eb databaz\u00ebs s\u00eb TIMS, q\u00eb shfaqet n\u00eb dosjen e tenderave t\u00eb AKSHI-t, \u00ebsht\u00eb Klodian Mazari, nj\u00ebri nga civil\u00ebt, t\u00eb cil\u00ebt, n\u00eb 2 gusht 2023, u fut\u00ebn n\u00eb brend\u00ebsi t\u00eb ambienteve t\u00eb Policis\u00eb s\u00eb Shtetit dhe operuan, gjat\u00eb e gjat\u00eb, p\u00ebr kopjimin e t\u00eb dh\u00ebnave t\u00eb sistemit TIMS.<\/p>\n<p>I njohur si lidhje e Ermal Beqirit &#8211; biznesmenit tjet\u00ebr t\u00eb shpallur n\u00eb k\u00ebrkim nga SPAK p\u00ebr tenderat e AKSHI-t &#8211; sipas t\u00eb dh\u00ebnave t\u00eb dosjes, faqe 131, Klodian Mazari shfaqet si Kryetar i Komisionit t\u00eb Shqyrtimit t\u00eb Ankesave (KSHA) pran\u00eb AKSHI-t.<\/p>\n<p>Sipas hetimit, Klodian Mazari dhe dy an\u00ebtar\u00eb t\u00eb tjer\u00eb t\u00eb k\u00ebtij komisioni, kan\u00eb marr\u00eb n\u00eb shqyrtim ankes\u00ebn e kompanis\u00eb \u201cAdvanced Business Solution\u201d t\u00eb bisnesmetit Gerond Me\u00e7e, t\u00eb nj\u00ebjtit q\u00eb u morr peng nga grupi kriminal q\u00eb kishte privatizuar tenderat e AKSHI-t.<\/p>\n<p>Po sipas hetimit, Klodian Mazari, dhe dy an\u00ebtar\u00ebt e tjer\u00eb t\u00eb Komisionit t\u00eb Shqyrtimit t\u00eb Ankesave, kan\u00eb sajuar nj\u00eb argument jo ligjor p\u00ebr t\u00eb hedhur n\u00eb kosh ankimimin e Kompanis\u00eb s\u00eb Gerond Me\u00e7es.<\/p>\n<p>Sakt\u00ebsisht \u201c\u2026arsyetimi ligjor i KSHA-s\u00eb \u00ebsht\u00eb haptazi i pabazuar, pasi nuk ka nj\u00eb baz\u00eb ligjore, apo referim n\u00eb ndonj\u00eb norm\u00eb ligjore konkrete\u2026\u201d<\/p>\n<p>P\u00ebrfundimisht mund t\u00eb thuhet se shfaqja, e k\u00ebtyre dy personazheve, n\u00eb hetimet p\u00ebr tenderat e AKSHI-t, jo vet\u00ebm q\u00eb b\u00ebn m\u00eb t\u00eb besueshme akuz\u00ebn se, njer\u00ebzit q\u00eb vodh\u00ebn databaz\u00ebs e sistemit TIMS kan\u00eb funksionuar si grup i strukturuar kriminal, por edhe faktin e dyshuar, se ata jan\u00eb pjes\u00eb e nj\u00eb organizate m\u00eb t\u00eb madhe, dhe m\u00eb t\u00eb rrezikshme, t\u00eb vjedhjes s\u00eb t\u00eb gjitha informacioneve, apo t\u00eb dh\u00ebnave sekrete, q\u00eb ruhen n\u00eb institucionet e shtetit ton\u00eb.<\/p>\n","protected":false},"excerpt":{"rendered":"<p>Videot e Agasit kapin edhe vjedh\u00ebsit e TIMS Ferdinand Dervishi N\u00eb vendimin e Gjykat\u00ebs s\u00eb Posa\u00e7me p\u00ebr masat e arrestit t\u00eb t\u00eb akuzuarve p\u00ebr tenderat e AKSHI-t, ka t\u00eb pakt\u00ebn dy personazhe, t\u00eb cil\u00ebt akuzohen edhe si bashk\u00ebpun\u00ebtor\u00eb n\u00eb vjedhjen e databaz\u00ebs s\u00eb sistemit TIMS t\u00eb Policis\u00eb s\u00eb Shtetit &#8211; ngjarje e ndodhur m\u00eb 2 &hellip;<\/p>\n","protected":false},"author":3,"featured_media":131942,"comment_status":"closed","ping_status":"closed","sticky":false,"template":"","format":"standard","meta":{"footnotes":""},"categories":[37],"tags":[],"class_list":["post-131941","post","type-post","status-publish","format-standard","has-post-thumbnail","","category-politike"],"_links":{"self":[{"href":"https:\/\/rdnews.al\/index.php\/wp-json\/wp\/v2\/posts\/131941","targetHints":{"allow":["GET"]}}],"collection":[{"href":"https:\/\/rdnews.al\/index.php\/wp-json\/wp\/v2\/posts"}],"about":[{"href":"https:\/\/rdnews.al\/index.php\/wp-json\/wp\/v2\/types\/post"}],"author":[{"embeddable":true,"href":"https:\/\/rdnews.al\/index.php\/wp-json\/wp\/v2\/users\/3"}],"replies":[{"embeddable":true,"href":"https:\/\/rdnews.al\/index.php\/wp-json\/wp\/v2\/comments?post=131941"}],"version-history":[{"count":1,"href":"https:\/\/rdnews.al\/index.php\/wp-json\/wp\/v2\/posts\/131941\/revisions"}],"predecessor-version":[{"id":131943,"href":"https:\/\/rdnews.al\/index.php\/wp-json\/wp\/v2\/posts\/131941\/revisions\/131943"}],"wp:featuredmedia":[{"embeddable":true,"href":"https:\/\/rdnews.al\/index.php\/wp-json\/wp\/v2\/media\/131942"}],"wp:attachment":[{"href":"https:\/\/rdnews.al\/index.php\/wp-json\/wp\/v2\/media?parent=131941"}],"wp:term":[{"taxonomy":"category","embeddable":true,"href":"https:\/\/rdnews.al\/index.php\/wp-json\/wp\/v2\/categories?post=131941"},{"taxonomy":"post_tag","embeddable":true,"href":"https:\/\/rdnews.al\/index.php\/wp-json\/wp\/v2\/tags?post=131941"}],"curies":[{"name":"wp","href":"https:\/\/api.w.org\/{rel}","templated":true}]}}