{"id":131949,"date":"2025-12-24T10:48:27","date_gmt":"2025-12-24T10:48:27","guid":{"rendered":"https:\/\/rdnews.al\/?p=131949"},"modified":"2025-12-24T22:18:31","modified_gmt":"2025-12-24T22:18:31","slug":"vokshi-rama-ka-rene-ne-hall-te-madh-nuk-po-mbron-ballukun-po-veten-e-tij","status":"publish","type":"post","link":"https:\/\/rdnews.al\/index.php\/2025\/12\/24\/vokshi-rama-ka-rene-ne-hall-te-madh-nuk-po-mbron-ballukun-po-veten-e-tij\/","title":{"rendered":"Vokshi: Rama ka r\u00ebn\u00eb n\u00eb hall t\u00eb madh, nuk po mbron Ballukun po veten e tij!"},"content":{"rendered":"<p>Deputetja e PD, Albana Vokshi ka komentuar dit\u00ebn e sotme, hetimet ndaj zv\/kryeministres Belinda Balluku dhe q\u00ebndrimin q\u00eb ka bajtur Edi Rama p\u00ebr \u00e7\u00ebshtjen.<\/p>\n<p>Sipas Vokshit, Edi Rama ka r\u00ebn\u00eb n\u00eb hall t\u00eb madh me Ballukun dhe nuk ja heq dot imunitetin pasi, ka frik\u00eb se kjo e fundit i zbulon bisedat dhe e merr me vete.<\/p>\n<p>Sipas Vokshit Edi Rama nuk po mbron Ballukun por veten e tij. Ajo e ka cil\u00ebsuar situat\u00ebn aktuale si nj\u00eb \u201cdeja vu\u201d, duke kujtuar periudhat e m\u00ebparshme t\u00eb protestave dhe p\u00ebrjashtimeve, ku PD k\u00ebrkonte komisione hetimore dhe interpelanca.<\/p>\n<p>\u201cEdi Rama e p\u00ebrs\u00ebriti historin\u00eb, por p\u00ebr fat t\u00eb keq ka filluar ta p\u00ebrs\u00ebrisi n\u00eb m\u00ebnyr\u00eb m\u00eb t\u00eb p\u00ebrkeq\u00ebsuar. Juve ju kujtohen, disa prej protestave q\u00eb ne kemi b\u00ebr\u00eb para rreth nj\u00eb viti e pak kur k\u00ebrkonim t\u00eb drejtat p\u00ebr t\u00eb folur, p\u00ebr komisione hetimore, p\u00ebr interpelanca e k\u00ebshtu me radh\u00eb. N\u00eb fakt n\u00eb, n\u00eb nisje t\u00eb k\u00ebtij sesioni t\u00eb ri, pavar\u00ebsisht se ky parlament nuk, \u00ebh, nuk p\u00ebrcjell pra vullnetin e qytetar\u00ebve, nuk personifikon vullnetin e votuesve, menduam q\u00eb duke pasur k\u00ebt\u00eb supermaxhoranc\u00eb, Edi Rama nuk do kishte nevoj\u00eb as p\u00ebr t\u00eb t\u00eb prer\u00eb fjal\u00ebn, as p\u00ebr, as p\u00ebr t\u00eb refuzuar interpelancat, as p\u00ebr t\u00eb refuzuar komisionet hetimore e k\u00ebshtu me radh\u00eb.<\/p>\n<p>Po p\u00ebrkundrazi, q\u00eb dit\u00ebn e par\u00eb, q\u00eb n\u00eb seanc\u00ebn e par\u00eb kur do kur do t\u00eb diskutohej programi i qeveris\u00eb dhe, p\u00ebrb\u00ebrja e qeverisjes, ju kujtohet q\u00eb na e hoqi t\u00eb drejt\u00ebn e fjal\u00ebve t\u00eb gjithve, nxori diell\u00ebn, n\u00eb m\u00ebnyr\u00eb antikushtetuese, antiproceduriale, duke u tall me t\u00eb gjith\u00eb deputet\u00ebt, duke u tall me t\u00eb gjith\u00eb qytetar\u00ebt, dhe e mbylli seanc\u00ebn p\u00ebr m\u00eb pak se gjys\u00ebm ore.<\/p>\n<p>Q\u00eb nga ai moment nuk ka pasur m\u00eb jet\u00eb normale parlamentare. Shto k\u00ebtu edhe skandalet e nj\u00ebpasnj\u00ebshme. Shto q\u00eb do me \u00e7do kusht ta mbroj\u00eb Belinda Ballukun, q\u00eb t\u00eb mos vij\u00eb pra p\u00ebr n\u00eb n\u00eb parlament p\u00ebr t\u2019u diskutuar heqja e imunitetit, sepse nuk e ka gjetur, ka r\u00ebn\u00eb n\u00eb hall t\u00eb madh. Nuk di si t\u2019ia b\u00ebj\u00eb Belind\u00ebs, sepse Belinda e merr me vete edhe Edi Ram\u00ebn.<\/p>\n<p>Pra, n\u00ebse Edi Rama po refuzon q\u00eb Belinda Balluku t\u00eb vij\u00eb n\u00eb parlament, t\u00eb b\u00ebj\u00eb transparenc\u00eb p\u00ebr gjith\u00eb vjedhjet e saj, t\u00eb t\u2019i heqi imunitetin e ta \u00e7oj\u00eb para drejt\u00ebsis\u00eb, ai nuk po e mbron Belind\u00ebn, ai po mbron veten e tij\u2026.\u201d, \u00ebsht\u00eb shprehur Vokshi n\u00eb Syri TV.<\/p>\n","protected":false},"excerpt":{"rendered":"<p>Deputetja e PD, Albana Vokshi ka komentuar dit\u00ebn e sotme, hetimet ndaj zv\/kryeministres Belinda Balluku dhe q\u00ebndrimin q\u00eb ka bajtur Edi Rama p\u00ebr \u00e7\u00ebshtjen. Sipas Vokshit, Edi Rama ka r\u00ebn\u00eb n\u00eb hall t\u00eb madh me Ballukun dhe nuk ja heq dot imunitetin pasi, ka frik\u00eb se kjo e fundit i zbulon bisedat dhe e merr &hellip;<\/p>\n","protected":false},"author":4,"featured_media":131547,"comment_status":"closed","ping_status":"closed","sticky":false,"template":"","format":"standard","meta":{"footnotes":""},"categories":[134],"tags":[],"class_list":["post-131949","post","type-post","status-publish","format-standard","has-post-thumbnail","","category-news"],"_links":{"self":[{"href":"https:\/\/rdnews.al\/index.php\/wp-json\/wp\/v2\/posts\/131949","targetHints":{"allow":["GET"]}}],"collection":[{"href":"https:\/\/rdnews.al\/index.php\/wp-json\/wp\/v2\/posts"}],"about":[{"href":"https:\/\/rdnews.al\/index.php\/wp-json\/wp\/v2\/types\/post"}],"author":[{"embeddable":true,"href":"https:\/\/rdnews.al\/index.php\/wp-json\/wp\/v2\/users\/4"}],"replies":[{"embeddable":true,"href":"https:\/\/rdnews.al\/index.php\/wp-json\/wp\/v2\/comments?post=131949"}],"version-history":[{"count":1,"href":"https:\/\/rdnews.al\/index.php\/wp-json\/wp\/v2\/posts\/131949\/revisions"}],"predecessor-version":[{"id":131950,"href":"https:\/\/rdnews.al\/index.php\/wp-json\/wp\/v2\/posts\/131949\/revisions\/131950"}],"wp:featuredmedia":[{"embeddable":true,"href":"https:\/\/rdnews.al\/index.php\/wp-json\/wp\/v2\/media\/131547"}],"wp:attachment":[{"href":"https:\/\/rdnews.al\/index.php\/wp-json\/wp\/v2\/media?parent=131949"}],"wp:term":[{"taxonomy":"category","embeddable":true,"href":"https:\/\/rdnews.al\/index.php\/wp-json\/wp\/v2\/categories?post=131949"},{"taxonomy":"post_tag","embeddable":true,"href":"https:\/\/rdnews.al\/index.php\/wp-json\/wp\/v2\/tags?post=131949"}],"curies":[{"name":"wp","href":"https:\/\/api.w.org\/{rel}","templated":true}]}}