{"id":131951,"date":"2025-12-24T11:04:35","date_gmt":"2025-12-24T11:04:35","guid":{"rendered":"https:\/\/rdnews.al\/?p=131951"},"modified":"2025-12-24T11:04:35","modified_gmt":"2025-12-24T11:04:35","slug":"rama-leje-per-4-kulla-deri-ne-30-kate-ne-qendren-historike-te-durresit","status":"publish","type":"post","link":"https:\/\/rdnews.al\/index.php\/2025\/12\/24\/rama-leje-per-4-kulla-deri-ne-30-kate-ne-qendren-historike-te-durresit\/","title":{"rendered":"Rama leje p\u00ebr 4 kulla deri n\u00eb 30 kate n\u00eb qendr\u00ebn historike t\u00eb Durr\u00ebsit!"},"content":{"rendered":"<p class=\"drop-cap\">Nj\u00eb projekt tjet\u00ebr kontrovers po zhvillohet n\u00eb qendr\u00ebn historike t\u00eb Durr\u00ebsit, shum\u00eb af\u00ebr monumenteve t\u00eb kultur\u00ebs. Qeveria ka dh\u00ebn\u00eb nj\u00eb super leje, p\u00ebr t\u00eb nd\u00ebrtuar ngjitur me nj\u00ebra tjetr\u00ebn jo 1 por plot 4 kulla, m\u00eb e larta nga t\u00eb cilat do t\u00eb jet\u00eb plot 30 kate.<\/p>\n<figure class=\"wp-block-gallery has-nested-images columns-default is-cropped wp-block-gallery-1 is-layout-flex wp-block-gallery-is-layout-flex\">\n<figure class=\"wp-block-image size-large\"><img loading=\"lazy\" decoding=\"async\" class=\"wp-image-251277\" src=\"https:\/\/prapaskena.com\/wp-content\/uploads\/2025\/12\/640-0-leja-e-qeverise-per-4-kullat-ne-qendren-historike-te-durresit1-1766509274.jpeg\" sizes=\"auto, (max-width: 640px) 100vw, 640px\" srcset=\"https:\/\/prapaskena.com\/wp-content\/uploads\/2025\/12\/640-0-leja-e-qeverise-per-4-kullat-ne-qendren-historike-te-durresit1-1766509274.jpeg 640w, https:\/\/prapaskena.com\/wp-content\/uploads\/2025\/12\/640-0-leja-e-qeverise-per-4-kullat-ne-qendren-historike-te-durresit1-1766509274-257x300.jpeg 257w\" alt=\"\" width=\"640\" height=\"748\" data-id=\"251277\" data-pin-no-hover=\"true\" \/><\/figure>\n<\/figure>\n<p>Nj\u00eb paradoks tep\u00ebr i madh, pasi nga nj\u00ebra an\u00eb promovohet historia e nga ana tjet\u00ebr kjo histori betonohet, duke ngritur mbi to pallate shum\u00ebkat\u00ebshe, pa asnj\u00eb plan urbanistik. Madje, n\u00ebse do t\u2019a shoh\u00ebsh projektin edhe vizualisht, duket nj\u00eb mori nd\u00ebrtimesh ngjitur me nj\u00ebra tjetr\u00ebn, q\u00eb p\u00ebrve\u00e7se nd\u00ebrtuesit as nuk i sh\u00ebrbejn\u00eb t\u00eb gjith\u00eb komunitetit.<\/p>\n<figure class=\"wp-block-gallery has-nested-images columns-default is-cropped wp-block-gallery-2 is-layout-flex wp-block-gallery-is-layout-flex\">\n<figure class=\"wp-block-image size-large\"><img loading=\"lazy\" decoding=\"async\" class=\"wp-image-251278\" src=\"https:\/\/prapaskena.com\/wp-content\/uploads\/2025\/12\/640-0-leja-e-qeverise-per-4-kullat-ne-qendren-historike-te-durresit-1766509275.jpeg\" sizes=\"auto, (max-width: 640px) 100vw, 640px\" srcset=\"https:\/\/prapaskena.com\/wp-content\/uploads\/2025\/12\/640-0-leja-e-qeverise-per-4-kullat-ne-qendren-historike-te-durresit-1766509275.jpeg 640w, https:\/\/prapaskena.com\/wp-content\/uploads\/2025\/12\/640-0-leja-e-qeverise-per-4-kullat-ne-qendren-historike-te-durresit-1766509275-300x218.jpeg 300w\" alt=\"\" width=\"640\" height=\"465\" data-id=\"251278\" data-pin-no-hover=\"true\" \/><\/figure>\n<\/figure>\n<p>Duke hulumtuar lejen e sapo zbardhur nga Agjencia e Zhvillimit t\u00eb Territorit, duket nj\u00eb \u201cmal\u201d i madh me beton, shum\u00eb af\u00ebr qendr\u00ebs, apo ngjitur edhe me monumentet e kultur\u00ebs.<\/p>\n<p>N\u00eb dokumente shkruhet se \u00ebsht\u00eb miratuar leja e zhvillimit p\u00ebr objektin \u201cDurr\u00ebsi Tower, objekt banimi dhe sh\u00ebrbimi me 8, 17, 24 dhe 30 kate mbi tok\u00eb dhe 3 kate n\u00ebntok\u00eb me vendndodhje n\u00eb Bashkin\u00eb Durr\u00ebs, me subjekt zhvillues shoq\u00ebrin\u00eb \u2018T &amp; xh\u2019 sh.p.k\u201d thuhet n\u00eb dokumente. Pas kompanis\u00eb, \u2018T &amp; xh\u2019 sh.p.k q\u00ebndron P\u00ebrparim Cena nga Gllava e Tepelen\u00ebs.<\/p>\n<figure class=\"wp-block-gallery has-nested-images columns-default is-cropped wp-block-gallery-3 is-layout-flex wp-block-gallery-is-layout-flex\">\n<figure class=\"wp-block-image size-large\"><img loading=\"lazy\" decoding=\"async\" class=\"wp-image-251280\" src=\"https:\/\/prapaskena.com\/wp-content\/uploads\/2025\/12\/Screenshot_20251223_202400_Lite.jpg\" sizes=\"auto, (max-width: 676px) 100vw, 676px\" srcset=\"https:\/\/prapaskena.com\/wp-content\/uploads\/2025\/12\/Screenshot_20251223_202400_Lite.jpg 676w, https:\/\/prapaskena.com\/wp-content\/uploads\/2025\/12\/Screenshot_20251223_202400_Lite-281x300.jpg 281w\" alt=\"\" width=\"676\" height=\"721\" data-id=\"251280\" data-pin-no-hover=\"true\" \/><\/figure>\n<\/figure>\n<figure class=\"wp-block-gallery has-nested-images columns-default is-cropped wp-block-gallery-4 is-layout-flex wp-block-gallery-is-layout-flex\">\n<figure class=\"wp-block-image size-large\"><img loading=\"lazy\" decoding=\"async\" class=\"wp-image-251279\" src=\"https:\/\/prapaskena.com\/wp-content\/uploads\/2025\/12\/Screenshot_20251223_201934_Chrome-763x1024.jpg\" sizes=\"auto, (max-width: 763px) 100vw, 763px\" srcset=\"https:\/\/prapaskena.com\/wp-content\/uploads\/2025\/12\/Screenshot_20251223_201934_Chrome-763x1024.jpg 763w, https:\/\/prapaskena.com\/wp-content\/uploads\/2025\/12\/Screenshot_20251223_201934_Chrome-224x300.jpg 224w, https:\/\/prapaskena.com\/wp-content\/uploads\/2025\/12\/Screenshot_20251223_201934_Chrome-768x1030.jpg 768w, https:\/\/prapaskena.com\/wp-content\/uploads\/2025\/12\/Screenshot_20251223_201934_Chrome.jpg 984w\" alt=\"\" width=\"763\" height=\"1024\" data-id=\"251279\" data-pin-no-hover=\"true\" \/><\/figure>\n<\/figure>\n<p>E nj\u00ebjta firm\u00eb ka fituar miliona euro nga tender\u00ebt, kryesisht nga Fondi Shqiptar i Zhvillimit dhe k\u00ebto para\u2019 duket se po investohen n\u00eb nd\u00ebrtim, n\u00eb kulla t\u00eb larta.<\/p>\n<figure class=\"wp-block-gallery has-nested-images columns-default is-cropped wp-block-gallery-5 is-layout-flex wp-block-gallery-is-layout-flex\">\n<figure class=\"wp-block-image size-large\"><img loading=\"lazy\" decoding=\"async\" class=\"wp-image-251281\" src=\"https:\/\/prapaskena.com\/wp-content\/uploads\/2025\/12\/Screenshot_20251224_064828_Chrome-851x1024.jpg\" sizes=\"auto, (max-width: 851px) 100vw, 851px\" srcset=\"https:\/\/prapaskena.com\/wp-content\/uploads\/2025\/12\/Screenshot_20251224_064828_Chrome-851x1024.jpg 851w, https:\/\/prapaskena.com\/wp-content\/uploads\/2025\/12\/Screenshot_20251224_064828_Chrome-249x300.jpg 249w, https:\/\/prapaskena.com\/wp-content\/uploads\/2025\/12\/Screenshot_20251224_064828_Chrome-768x924.jpg 768w, https:\/\/prapaskena.com\/wp-content\/uploads\/2025\/12\/Screenshot_20251224_064828_Chrome.jpg 1080w\" alt=\"\" width=\"851\" height=\"1024\" data-id=\"251281\" data-pin-no-hover=\"true\" \/><\/figure>\n<\/figure>\n<p>N\u00eb dokumente shkruhet se zona e studimit ndodhet n\u00eb Durr\u00ebs, n\u00eb hap\u00ebsir\u00ebn e Marin\u00ebs, n\u00eb nj\u00eb pozicion strategjik midis Portit dhe Sheshit Liria, p\u00ebrgjat\u00eb boshtit kryesor urban, Rrug\u00ebs Egnatia. \u201c<em>Kjo vendndodhje e b\u00ebn truallin nj\u00eb pik\u00eb lidh\u00ebse t\u00eb r\u00ebnd\u00ebsishme mes b\u00ebrtham\u00ebs historike dhe hap\u00ebsir\u00ebs detare, duke i dh\u00ebn\u00eb projektit nj\u00eb rol t\u00eb duksh\u00ebm n\u00eb struktur\u00ebn e qytetit. Sheshi \u00ebsht\u00eb i integruar n\u00eb nj\u00eb struktur\u00eb t\u00eb dendur urbane, n\u00eb planin e dyt\u00eb t\u00eb nd\u00ebrtesave t\u00eb dukshme nga porti<\/em>\u201d, thuhet n\u00eb dokumente.<\/p>\n<figure class=\"wp-caption alignnone\"><img loading=\"lazy\" decoding=\"async\" src=\"https:\/\/cdnimpuls.com\/voxnews.al\/media3\/-640-0-harta-ku-do-te-ndertohen-4-kullat-ne-durres-ne-rrugen-egnatia-shume-afer-godines-se-bashkise-1766509275.jpeg\" alt=\"Leje p\u00ebr 4 kulla deri n\u00eb 30 kate n\u00eb qendr\u00ebn historike\" width=\"640\" height=\"617\" data-pin-no-hover=\"true\" \/><figcaption class=\"wp-caption-text\">Faksimile: Harta ku do t\u00eb nd\u00ebrtohen 4 kullat n\u00eb Durr\u00ebs, n\u00eb rrug\u00ebn \u201cEgnatia\u201d, shum\u00eb af\u00ebr godin\u00ebs s\u00eb bashkis\u00eb<\/figcaption><\/figure>\n<p>Sipas saj, lart\u00ebsia maksimale e struktur\u00ebs, matur nga niveli i kuot\u00ebs s\u00eb sistemimit, \u00ebsht\u00eb 110 m, nd\u00ebrsa numri i kateve mbi tok\u00eb varion nga 8-17-24-30 kate, n\u00eb var\u00ebsi t\u00eb seksionit t\u00eb nd\u00ebrtes\u00ebs. Numri i kateve n\u00ebn tok\u00eb \u00ebsht\u00eb 3, t\u00eb destinuara kryesisht p\u00ebr parkim.<\/p>\n<figure class=\"wp-caption alignnone\"><img loading=\"lazy\" decoding=\"async\" src=\"https:\/\/cdnimpuls.com\/voxnews.al\/media3\/-640-0-projekti-i-4-kullave-ngjitura-me-njera-tjetren-me-e-larta-30-kate-dhe-e-larte-110-metra-1766509274.jpeg\" alt=\"Leje p\u00ebr 4 kulla deri n\u00eb 30 kate n\u00eb qendr\u00ebn historike\" width=\"640\" height=\"638\" data-pin-no-hover=\"true\" \/><figcaption class=\"wp-caption-text\">N\u00eb foto: Projekti i 4 kullave, ngjitura me nj\u00ebra-tjetr\u00ebn, m\u00eb e larta 30 kate dhe e lart\u00eb 110 metra<\/figcaption><\/figure>\n<p>Kullat do t\u00eb jen\u00eb tep\u00ebr t\u00eb larta, nd\u00ebrkoh\u00eb p\u00ebr t\u00eb siguruar lidhjen vertikale dhe qarkullimin e brendsh\u00ebm, nd\u00ebrtesa \u00ebsht\u00eb pajisur me nj\u00eb sistem t\u00eb integruar komunikimi q\u00eb p\u00ebrfshin 5 ashensor\u00eb t\u00eb shpejt\u00eb dhe dy shkall\u00eb n\u00eb katet n\u00ebntok\u00ebsore.<\/p>\n<p>Kati p\u00ebrdhe ka nj\u00eb sip\u00ebrfaqe prej 774.6 m2 dhe \u00ebsht\u00eb konceptuar si nj\u00eb zon\u00eb me karakter publik dhe komercial, ku jan\u00eb planifikuar hap\u00ebsira p\u00ebr dyqane, bare, restorante dhe sh\u00ebrbime t\u00eb tjera, q\u00eb do t\u00eb kontribuojn\u00eb ndjesh\u00ebm n\u00eb gjall\u00ebrimin e jet\u00ebs urbane p\u00ebrreth nd\u00ebrtes\u00ebs.<\/p>\n<p><em>\u201cKjo qasje b\u00ebn q\u00eb nd\u00ebrtesa t\u00eb mos funksionoj\u00eb vet\u00ebm si nj\u00eb nj\u00ebsi e izoluar banimi apo sh\u00ebrbimi, por t\u00eb shnd\u00ebrrohet n\u00eb nj\u00eb nyje t\u00eb gjall\u00eb t\u00eb komunitetit lokal. Nga pik\u00ebpamja dimensionale, lart\u00ebsia totale e nd\u00ebrtes\u00ebs arrin deri n\u00eb 30 kate, duke plot\u00ebsuar k\u00ebrkesat p\u00ebr sip\u00ebrfaqe nga investitori dhe duke garantuar nj\u00eb densitet t\u00eb p\u00ebrshtatsh\u00ebm p\u00ebr truallin. Ndarja e projektit n\u00eb kat\u00ebr v\u00ebllime t\u00eb ve\u00e7anta \u00ebsht\u00eb nj\u00eb zgjedhje volumetrike q\u00eb i jep ansamblit fleksibilitet vizual dhe nj\u00eb identitet unik\u201d,<\/em>\u00a0thuhet n\u00eb dokumente. \/ Vox News<\/p>\n","protected":false},"excerpt":{"rendered":"<p>Nj\u00eb projekt tjet\u00ebr kontrovers po zhvillohet n\u00eb qendr\u00ebn historike t\u00eb Durr\u00ebsit, shum\u00eb af\u00ebr monumenteve t\u00eb kultur\u00ebs. Qeveria ka dh\u00ebn\u00eb nj\u00eb super leje, p\u00ebr t\u00eb nd\u00ebrtuar ngjitur me nj\u00ebra tjetr\u00ebn jo 1 por plot 4 kulla, m\u00eb e larta nga t\u00eb cilat do t\u00eb jet\u00eb plot 30 kate. Nj\u00eb paradoks tep\u00ebr i madh, pasi nga nj\u00ebra &hellip;<\/p>\n","protected":false},"author":4,"featured_media":96677,"comment_status":"closed","ping_status":"closed","sticky":false,"template":"","format":"standard","meta":{"footnotes":""},"categories":[37],"tags":[],"class_list":["post-131951","post","type-post","status-publish","format-standard","has-post-thumbnail","","category-politike"],"_links":{"self":[{"href":"https:\/\/rdnews.al\/index.php\/wp-json\/wp\/v2\/posts\/131951","targetHints":{"allow":["GET"]}}],"collection":[{"href":"https:\/\/rdnews.al\/index.php\/wp-json\/wp\/v2\/posts"}],"about":[{"href":"https:\/\/rdnews.al\/index.php\/wp-json\/wp\/v2\/types\/post"}],"author":[{"embeddable":true,"href":"https:\/\/rdnews.al\/index.php\/wp-json\/wp\/v2\/users\/4"}],"replies":[{"embeddable":true,"href":"https:\/\/rdnews.al\/index.php\/wp-json\/wp\/v2\/comments?post=131951"}],"version-history":[{"count":1,"href":"https:\/\/rdnews.al\/index.php\/wp-json\/wp\/v2\/posts\/131951\/revisions"}],"predecessor-version":[{"id":131952,"href":"https:\/\/rdnews.al\/index.php\/wp-json\/wp\/v2\/posts\/131951\/revisions\/131952"}],"wp:featuredmedia":[{"embeddable":true,"href":"https:\/\/rdnews.al\/index.php\/wp-json\/wp\/v2\/media\/96677"}],"wp:attachment":[{"href":"https:\/\/rdnews.al\/index.php\/wp-json\/wp\/v2\/media?parent=131951"}],"wp:term":[{"taxonomy":"category","embeddable":true,"href":"https:\/\/rdnews.al\/index.php\/wp-json\/wp\/v2\/categories?post=131951"},{"taxonomy":"post_tag","embeddable":true,"href":"https:\/\/rdnews.al\/index.php\/wp-json\/wp\/v2\/tags?post=131951"}],"curies":[{"name":"wp","href":"https:\/\/api.w.org\/{rel}","templated":true}]}}