{"id":131953,"date":"2025-12-24T11:08:55","date_gmt":"2025-12-24T11:08:55","guid":{"rendered":"https:\/\/rdnews.al\/?p=131953"},"modified":"2025-12-24T11:38:39","modified_gmt":"2025-12-24T11:38:39","slug":"aeroporti-i-vlores-tentuan-tia-merrnin-rama-me-ballukun-behgjet-pacolli-fiton-gjyqin","status":"publish","type":"post","link":"https:\/\/rdnews.al\/index.php\/2025\/12\/24\/aeroporti-i-vlores-tentuan-tia-merrnin-rama-me-ballukun-behgjet-pacolli-fiton-gjyqin\/","title":{"rendered":"Aeroporti i Vlor\u00ebs\/ Tentuan t&#8217;ia &#8220;merrnin&#8221; Rama me Ballukun\/ Behgjet Pacolli fiton gjyqin"},"content":{"rendered":"<p>Biznesmeni Behgjet Pacolli ka l\u00ebn\u00eb t\u00eb kuptohet se ka fituar p\u00ebrballjen ligjore p\u00ebr aeroportin e Vlor\u00ebs ndaj ish-ortakut t\u00eb tij Valon Ademi, i cili e kishte paditur n\u00eb Gjykat\u00ebn e Tiran\u00ebs.<\/p>\n<p>N\u00eb nj\u00eb postim n\u00eb rrjetet sociale, Pacolli deklaron se nga dita e sotme Vlora International Airport i \u00ebsht\u00eb rikthyer normalitetit institucional dhe rendit ligjor, pas pezullimit t\u00eb m\u00ebparsh\u00ebm t\u00eb aksioneve nga Prokuroria e Tiran\u00ebs.<\/p>\n<p>Sipas Pacollit, operimi i aeroportit do t\u00eb vijoj\u00eb normalisht, duke n\u00ebnkuptuar se drejt\u00ebsia \u00ebsht\u00eb shprehur n\u00eb favorin e tij n\u00eb konfliktin me ish-ortakun.<\/p>\n<p>Konflikti mes Pacollit dhe Ademit ka qen\u00eb prej muajsh n\u00eb qend\u00ebr t\u00eb debatit publik dhe mediatik. Pacolli zot\u00ebronte 98% t\u00eb aksioneve, nd\u00ebrsa Ademi 2%, por ky i fundit pretendonte se kishte marr\u00ebveshje dhe investime q\u00eb e \u00e7onin n\u00eb kuot\u00ebn 49%.<\/p>\n<p>\u201cPo kthehet normaliteti me aeroportin e Vlor\u00ebs!<\/p>\n<p>Akti m\u00eb i lart\u00eb i p\u00ebrgjegj\u00ebsis\u00eb qytetare dhe patriotike \u00ebsht\u00eb kontributi ndaj familjes, shoq\u00ebris\u00eb dhe shtetit p\u00ebrmes pun\u00ebs s\u00eb ndershme, profesionale dhe respektimit t\u00eb parimeve t\u00eb drejt\u00ebsis\u00eb. Drejt\u00ebsia, ndon\u00ebse shpesh p\u00ebrballet me sfida dhe procese t\u00eb v\u00ebshtira, ajo mbetet universale dhe e pashmangshme n\u00eb zbatimin e saj.<\/p>\n<p>\u00cbsht\u00eb nj\u00eb ndjenj\u00eb krenarie p\u00ebr nj\u00eb qytetar kur drejt\u00ebsia n\u00eb vendin e tij funksionon n\u00eb m\u00ebnyr\u00eb t\u00eb pavarur, t\u00eb pandikuar dhe t\u00eb q\u00ebndrueshme.<\/p>\n<p>Nga sot, n\u00eb Vlora International Airport, rikthehen normaliteti institucional, rendi ligjor dhe besimi duke i falenderuar drejt\u00ebsis\u00eb!\u201d shkruan Pacolli.<\/p>\n<p>Kujtojm\u00eb se n\u00eb media u p\u00ebrfol se Pacollit po i b\u00ebnte presion Belinda Balluku p\u00ebr t&#8217;ia marr\u00eb akzione p\u00ebrmes ortakut Valon Ademi, gj\u00eb t\u00eb cil\u00ebn e la t\u00eb kuptohet edhe vet\u00eb Pacolli n\u00eb disa dalje mediatike ku foli p\u00ebr nj\u00eb trajtim n\u00ebn\u00e7mues nga ana e z\u00ebvend\u00ebskryeministres ndaj tij n\u00eb takime me biznesmen\u00ebt turq.<\/p>\n<p><img decoding=\"async\" src=\"https:\/\/www.syri.net\/uploads\/syri.net\/images\/2025\/December\/23\/auto_f4a4f3dc-aed9-4ca4-9968-2107ace9f9691766525731.jpg\" alt=\"Image\" \/><\/p>\n","protected":false},"excerpt":{"rendered":"<p>Biznesmeni Behgjet Pacolli ka l\u00ebn\u00eb t\u00eb kuptohet se ka fituar p\u00ebrballjen ligjore p\u00ebr aeroportin e Vlor\u00ebs ndaj ish-ortakut t\u00eb tij Valon Ademi, i cili e kishte paditur n\u00eb Gjykat\u00ebn e Tiran\u00ebs. N\u00eb nj\u00eb postim n\u00eb rrjetet sociale, Pacolli deklaron se nga dita e sotme Vlora International Airport i \u00ebsht\u00eb rikthyer normalitetit institucional dhe rendit ligjor, &hellip;<\/p>\n","protected":false},"author":4,"featured_media":131954,"comment_status":"closed","ping_status":"closed","sticky":false,"template":"","format":"standard","meta":{"footnotes":""},"categories":[134],"tags":[],"class_list":["post-131953","post","type-post","status-publish","format-standard","has-post-thumbnail","","category-news"],"_links":{"self":[{"href":"https:\/\/rdnews.al\/index.php\/wp-json\/wp\/v2\/posts\/131953","targetHints":{"allow":["GET"]}}],"collection":[{"href":"https:\/\/rdnews.al\/index.php\/wp-json\/wp\/v2\/posts"}],"about":[{"href":"https:\/\/rdnews.al\/index.php\/wp-json\/wp\/v2\/types\/post"}],"author":[{"embeddable":true,"href":"https:\/\/rdnews.al\/index.php\/wp-json\/wp\/v2\/users\/4"}],"replies":[{"embeddable":true,"href":"https:\/\/rdnews.al\/index.php\/wp-json\/wp\/v2\/comments?post=131953"}],"version-history":[{"count":1,"href":"https:\/\/rdnews.al\/index.php\/wp-json\/wp\/v2\/posts\/131953\/revisions"}],"predecessor-version":[{"id":131955,"href":"https:\/\/rdnews.al\/index.php\/wp-json\/wp\/v2\/posts\/131953\/revisions\/131955"}],"wp:featuredmedia":[{"embeddable":true,"href":"https:\/\/rdnews.al\/index.php\/wp-json\/wp\/v2\/media\/131954"}],"wp:attachment":[{"href":"https:\/\/rdnews.al\/index.php\/wp-json\/wp\/v2\/media?parent=131953"}],"wp:term":[{"taxonomy":"category","embeddable":true,"href":"https:\/\/rdnews.al\/index.php\/wp-json\/wp\/v2\/categories?post=131953"},{"taxonomy":"post_tag","embeddable":true,"href":"https:\/\/rdnews.al\/index.php\/wp-json\/wp\/v2\/tags?post=131953"}],"curies":[{"name":"wp","href":"https:\/\/api.w.org\/{rel}","templated":true}]}}