{"id":131964,"date":"2025-12-24T12:15:12","date_gmt":"2025-12-24T12:15:12","guid":{"rendered":"https:\/\/rdnews.al\/?p=131964"},"modified":"2025-12-24T12:15:12","modified_gmt":"2025-12-24T12:15:12","slug":"berisha-publikon-pamjet-intim-agasi-levizte-me-eskorten-e-edi-rames-u-gjobit-pasi-parkoi-prane-shtepise-se-rames-ne-surrel","status":"publish","type":"post","link":"https:\/\/rdnews.al\/index.php\/2025\/12\/24\/berisha-publikon-pamjet-intim-agasi-levizte-me-eskorten-e-edi-rames-u-gjobit-pasi-parkoi-prane-shtepise-se-rames-ne-surrel\/","title":{"rendered":"Berisha publikon pamjet: Intim Agasi l\u00ebvizte me eskort\u00ebn e Edi Ram\u00ebs, u gjobit pasi parkoi pran\u00eb sht\u00ebpis\u00eb s\u00eb Ram\u00ebs n\u00eb Surrel"},"content":{"rendered":"<p>Kryetari i Partis\u00eb Demokratike, Sali Berisha, n\u00eb nj\u00eb konferenc\u00eb p\u00ebr mediat publikoi pamje q\u00eb tregojn\u00eb se, Ergys Agasi l\u00ebvizte me eskort\u00ebn e kryeministrit Edi Rama.<\/p>\n<p>Berisha u shpreh se, Agasi udh\u00ebtonte i mbrojtur brenda eskort\u00ebs dhe se dy automjete t\u00eb tij, p\u00ebrfshir\u00eb nj\u00eb Range Rover me targa 444, ishin pjes\u00eb e saj.<\/p>\n<p>Ai tha se, nj\u00eb nga k\u00ebto automjete \u00ebsht\u00eb gjobitur pasi ishte parkuar pran\u00eb banes\u00ebs s\u00eb Ram\u00ebs n\u00eb Surrel.<\/p>\n<p><strong>Berisha:<\/strong> Tani ju lutem disa element\u00eb.<\/p>\n<p>Intim Agasi, kjo \u00ebsht\u00eb eskorta e Edi Ram\u00ebs, pas tij shkon Intim Agasi, ja kjo \u00ebsht\u00eb Range Rover i Intim Agasit, brenda n\u00eb eskort\u00ebn e Edi Ram\u00ebs.<\/p>\n<p>E merr me vete ai, e keni parasysh ju.<\/p>\n<p>N\u00eb eskort\u00ebn e kryeministrit udh\u00ebton, i mbrojtur, i rrethuar, Intim Agasi.<\/p>\n<p>Vazhdojm\u00eb m\u00eb tutje.<\/p>\n<p>Ja tani se dalin m\u00eb qart\u00eb.<\/p>\n<p>Ja ku i keni targat 444. Jan\u00eb dy makina t\u00eb Intimit.<\/p>\n<p>T\u00eb dyja ishin n\u00eb eskort\u00eb.<\/p>\n<p>Tjet\u00ebr tani.<\/p>\n<p>Pak m\u00eb sip\u00ebr. Emri Agasi.<\/p>\n<p>Vazhdo m\u00eb sip\u00ebr. Shihni pak k\u00ebtu gjobat.<\/p>\n<p>Vendi i gjob\u00ebs s\u00eb targ\u00ebs 444AA \u00ebsht\u00eb atje ku duhet, ngjitur me sht\u00ebpin\u00eb e Edi Ram\u00ebs.<\/p>\n<p>Ka l\u00ebn\u00eb makin\u00ebn aty dhe \u00ebsht\u00eb futur me nj\u00eb mjet tjet\u00ebr ose n\u00eb k\u00ebmb\u00eb.<\/p>\n<p>\u00c7far\u00eb donte ky tek Elda Gas?<\/p>\n<p>Ka l\u00ebn\u00eb makin\u00ebn&#8230;<\/p>\n<p>Ka paguar 20 mij\u00eb lek\u00eb gjob\u00eb, kamat\u00eb nuk ka fare.<\/p>\n<p>Por \u00ebsht\u00eb kapur peng n\u00eb zon\u00ebn e krimit.<\/p>\n<p>Po, po, ua kam th\u00ebn\u00eb, Surreli \u00ebsht\u00eb zon\u00eb krimi sepse \u00e7do tull\u00eb \u00ebsht\u00eb vendosur aty mbi vjedhje t\u00eb past\u00ebr t\u00eb qytetar\u00ebve shqiptar\u00eb.<\/p>\n<p>\u00c7do met\u00ebr katror\u00eb aty \u00ebsht\u00eb e vjedhur.<\/p>\n<p>Ndaj dhe opozita e ka shpallur at\u00eb zon\u00eb krimi.<\/p>\n<p>Dhe ky tani, ja ku \u00ebsht\u00eb d\u00ebshmia, ka l\u00ebn\u00eb makin\u00ebn aty.<\/p>\n<p>Ia mor\u00ebn apo nuk ia mor\u00ebn me karrotrec, k\u00ebt\u00eb nuk mund t\u00eb them, por nj\u00eb gj\u00eb di t\u00eb sigurt, aty nuk lejohen parkimet se jan\u00eb sarajet e Surrelit. Askush nuk mund t\u00eb parkoj\u00eb.<\/p>\n<p><iframe loading=\"lazy\" class=\"rumble\" src=\"https:\/\/rumble.com\/embed\/v718ari\/?pub=1j3sut\" width=\"640\" height=\"360\" frameborder=\"0\" allowfullscreen=\"allowfullscreen\" data-mce-fragment=\"1\"><\/iframe><\/p>\n<div class=\"fotogaleri\">\n<div class=\"bx-wrapper\">\n<div class=\"bx-viewport\">\n<ul class=\"read-slider\">\n<li><a href=\"https:\/\/www.syri.net\/fotogaleria\/850081\/berisha-publikon-pamjet-intim-agasi-levizte-me-eskorten-e-edi-rames-u-gjobit-pasi-parkoi-prane-shtepise-se-rames-ne-surrel\/\" target=\"_blank\" rel=\"noopener\"><img decoding=\"async\" src=\"https:\/\/www.syri.net\/uploads\/syri.net\/images\/2025\/December\/24\/auto_WhatsApp_Image_2025-12-24_at_12.50.471766578015.jpeg\" \/><\/a><\/li>\n<\/ul>\n<\/div>\n<\/div>\n<\/div>\n<div class=\"fotogaleri\">\n<div class=\"bx-wrapper\">\n<div class=\"bx-viewport\"><\/div>\n<\/div>\n<\/div>\n","protected":false},"excerpt":{"rendered":"<p>Kryetari i Partis\u00eb Demokratike, Sali Berisha, n\u00eb nj\u00eb konferenc\u00eb p\u00ebr mediat publikoi pamje q\u00eb tregojn\u00eb se, Ergys Agasi l\u00ebvizte me eskort\u00ebn e kryeministrit Edi Rama. Berisha u shpreh se, Agasi udh\u00ebtonte i mbrojtur brenda eskort\u00ebs dhe se dy automjete t\u00eb tij, p\u00ebrfshir\u00eb nj\u00eb Range Rover me targa 444, ishin pjes\u00eb e saj. Ai tha se, &hellip;<\/p>\n","protected":false},"author":4,"featured_media":131966,"comment_status":"closed","ping_status":"closed","sticky":false,"template":"","format":"standard","meta":{"footnotes":""},"categories":[37],"tags":[],"class_list":["post-131964","post","type-post","status-publish","format-standard","has-post-thumbnail","","category-politike"],"_links":{"self":[{"href":"https:\/\/rdnews.al\/index.php\/wp-json\/wp\/v2\/posts\/131964","targetHints":{"allow":["GET"]}}],"collection":[{"href":"https:\/\/rdnews.al\/index.php\/wp-json\/wp\/v2\/posts"}],"about":[{"href":"https:\/\/rdnews.al\/index.php\/wp-json\/wp\/v2\/types\/post"}],"author":[{"embeddable":true,"href":"https:\/\/rdnews.al\/index.php\/wp-json\/wp\/v2\/users\/4"}],"replies":[{"embeddable":true,"href":"https:\/\/rdnews.al\/index.php\/wp-json\/wp\/v2\/comments?post=131964"}],"version-history":[{"count":1,"href":"https:\/\/rdnews.al\/index.php\/wp-json\/wp\/v2\/posts\/131964\/revisions"}],"predecessor-version":[{"id":131967,"href":"https:\/\/rdnews.al\/index.php\/wp-json\/wp\/v2\/posts\/131964\/revisions\/131967"}],"wp:featuredmedia":[{"embeddable":true,"href":"https:\/\/rdnews.al\/index.php\/wp-json\/wp\/v2\/media\/131966"}],"wp:attachment":[{"href":"https:\/\/rdnews.al\/index.php\/wp-json\/wp\/v2\/media?parent=131964"}],"wp:term":[{"taxonomy":"category","embeddable":true,"href":"https:\/\/rdnews.al\/index.php\/wp-json\/wp\/v2\/categories?post=131964"},{"taxonomy":"post_tag","embeddable":true,"href":"https:\/\/rdnews.al\/index.php\/wp-json\/wp\/v2\/tags?post=131964"}],"curies":[{"name":"wp","href":"https:\/\/api.w.org\/{rel}","templated":true}]}}