{"id":131965,"date":"2025-12-24T12:16:37","date_gmt":"2025-12-24T12:16:37","guid":{"rendered":"https:\/\/rdnews.al\/?p=131965"},"modified":"2025-12-24T12:16:37","modified_gmt":"2025-12-24T12:16:37","slug":"vjedhja-e-tmerrshme-brenda-tre-muajve-agasi-mori-234-milione-euro","status":"publish","type":"post","link":"https:\/\/rdnews.al\/index.php\/2025\/12\/24\/vjedhja-e-tmerrshme-brenda-tre-muajve-agasi-mori-234-milione-euro\/","title":{"rendered":"Vjedhja e tmerrshme\/ Brenda tre muajve Agasi mori 234 milion\u00eb euro"},"content":{"rendered":"<p>Kryetari i Partis\u00eb Demokratike, Sali Berisha, deklaroi se protagonisti kryesor n\u00eb dosjen e SPAK p\u00ebr Agjencin\u00eb Komb\u00ebtare t\u00eb Shoq\u00ebris\u00eb s\u00eb Informacionit (AKSHI) \u00ebsht\u00eb, sipas tij, baxhanaku i kryeministrit Edi Rama.<\/p>\n<p>Ai adresoi akuza edhe ndaj Ergys Agasit, p\u00ebr t\u00eb cilin SPAK ka l\u00ebshuar urdh\u00ebr arresti n\u00eb kuad\u00ebr t\u00eb hetimeve p\u00ebr skandalin e AKSHI-t.<\/p>\n<p>Duke e cil\u00ebsuar Agasin si nj\u00eb person me lidhje t\u00eb ngushta me zyrtar\u00eb t\u00eb lart\u00eb, Berisha theksoi se ky i fundit ka sh\u00ebnuar, sipas tij, rritje t\u00eb jasht\u00ebzakonshme financiare brenda pak muajsh, duke nisur nga nj\u00eb kapital fillestar prej vet\u00ebm 1 mij\u00eb eurosh.<\/p>\n<p>Ai shtoi se AKSHI \u00ebsht\u00eb nj\u00eb agjenci q\u00eb varet drejtp\u00ebrdrejt nga kryeministri dhe se, sipas tij, Ergys Agasi konsiderohet si nj\u00eb nga njer\u00ebzit m\u00eb t\u00eb af\u00ebrt t\u00eb pushtetit.<\/p>\n<div id=\"taboola-sponsored-mid-article\" class=\"trc_related_container tbl-trecs-container trc_spotlight_widget trc_elastic trc_elastic_sc-ma-balkanweb\" data-placement-name=\"Sponsored Mid Article\">\n<div id=\"vtaboola-sponsored-mid-article-video\">\n<div id=\"_cm-css-reset\" class=\"_cm-div\" data-tracked=\"true\">Berisha deklaroi se t\u00eb dh\u00ebnat financiare tregojn\u00eb fitime \u201cp\u00ebrrallore\u201d, duke pretenduar se brenda pes\u00eb muajve kapitali i kompanis\u00eb s\u00eb Agasit \u00ebsht\u00eb rritur miliona her\u00eb, nga 1 mij\u00eb euro n\u00eb mbi 200 milion\u00eb euro.<\/div>\n<\/div>\n<\/div>\n<p>\u201cS\u00eb dyti, duhet t\u2019u rr\u00ebfej k\u00ebtu se njeriu m\u00eb intim, p\u00ebrve\u00e7 baxhanakut i t\u00eb gjith\u00eb zyrtar\u00ebve n\u00eb Shqip\u00ebri, \u00ebsht\u00eb Ergys Agasi.<br \/>\nI faktuar. I faktuar. I faktuar.<br \/>\nNdaj dhe ky intim-Agasi na rezulton n\u00eb librat e shtetit me fitime p\u00ebrrallore q\u00eb nuk i ka njohur njeriu n\u00eb historin\u00eb e njer\u00ebzimit. Fitime t\u00eb cilat tejkalojn\u00eb brenda 5 muajve kapitalin fillestar 22 milion\u00eb her\u00eb.<br \/>\n\u00cbsht\u00eb futur n\u00eb 15 shtator me 1 mij\u00eb euro dhe ka dal\u00eb n\u00eb dhjetor me 234 milion\u00eb euro.<br \/>\nIntim-Agasi, ta quajm\u00eb k\u00ebt\u00eb mafioz p\u00ebr ta kuptuar njer\u00ebzit m\u00eb mir\u00eb se \u00e7far\u00eb ka ndodhur.<br \/>\nPra, ky Intim-Agasi ka v\u00ebn\u00eb aty 1 mij\u00eb euro dhe ka dal\u00eb n\u00eb dhjetor me 22 milion\u00eb her\u00eb m\u00eb shum\u00eb.<br \/>\nA mund t\u00eb kuptohet kjo?<br \/>\nA mund t\u00eb ndodh\u00eb kund n\u00eb bot\u00eb kjo p\u00ebrve\u00e7se me Intim-Agasin?<br \/>\nT\u00eb gjitha k\u00ebto para t\u00eb vjedhura qytetar\u00ebve shqiptar\u00eb n\u00eb kopshtin privat t\u00eb Edi Ram\u00ebs, p\u00ebr Edi Ram\u00ebn.<br \/>\nDhe mediat rrin\u00eb dhe merren me Ermal Beqirin, Gerond Me\u00e7en, Ervina Gjan\u00ebn q\u00eb shkoi drejtoresh\u00eb e kiber-hetimit, etj, etj.<br \/>\nPra, a mundet nj\u00eb njeri t\u00eb futet n\u00eb shtator me 1 mij\u00eb euro t\u00eb regjistroj\u00eb EA Solutions, se t\u00eb gjitha k\u00ebto t\u00eb Armand Frangut jan\u00eb me Solutions, se ky i ka zgjidhjet ky mafioz q\u00eb u ka rr\u00ebmbyer qindra e qindra milion\u00eb euro shqiptar\u00ebve.<br \/>\nMe k\u00ebto emra, me Ermal Beqirin, me Gerond Me\u00e7en, duke legalizuar nj\u00eb proces ultra-mafioz n\u00eb konkurrenc\u00eb.<br \/>\nDuke paraqitur oferta fake vet\u00ebm p\u00ebr t\u2019i \u00e7uar n\u00eb ankime, p\u00ebr t\u2019i anuluar n\u00ebse ndonj\u00ebri kishte sjell\u00eb ndonj\u00eb ofert\u00eb m\u00eb t\u00eb p\u00ebrshtatshme\u201d, tha Berisha.<\/p>\n","protected":false},"excerpt":{"rendered":"<p>Kryetari i Partis\u00eb Demokratike, Sali Berisha, deklaroi se protagonisti kryesor n\u00eb dosjen e SPAK p\u00ebr Agjencin\u00eb Komb\u00ebtare t\u00eb Shoq\u00ebris\u00eb s\u00eb Informacionit (AKSHI) \u00ebsht\u00eb, sipas tij, baxhanaku i kryeministrit Edi Rama. Ai adresoi akuza edhe ndaj Ergys Agasit, p\u00ebr t\u00eb cilin SPAK ka l\u00ebshuar urdh\u00ebr arresti n\u00eb kuad\u00ebr t\u00eb hetimeve p\u00ebr skandalin e AKSHI-t. Duke e &hellip;<\/p>\n","protected":false},"author":3,"featured_media":131968,"comment_status":"closed","ping_status":"closed","sticky":false,"template":"","format":"standard","meta":{"footnotes":""},"categories":[37],"tags":[],"class_list":["post-131965","post","type-post","status-publish","format-standard","has-post-thumbnail","","category-politike"],"_links":{"self":[{"href":"https:\/\/rdnews.al\/index.php\/wp-json\/wp\/v2\/posts\/131965","targetHints":{"allow":["GET"]}}],"collection":[{"href":"https:\/\/rdnews.al\/index.php\/wp-json\/wp\/v2\/posts"}],"about":[{"href":"https:\/\/rdnews.al\/index.php\/wp-json\/wp\/v2\/types\/post"}],"author":[{"embeddable":true,"href":"https:\/\/rdnews.al\/index.php\/wp-json\/wp\/v2\/users\/3"}],"replies":[{"embeddable":true,"href":"https:\/\/rdnews.al\/index.php\/wp-json\/wp\/v2\/comments?post=131965"}],"version-history":[{"count":1,"href":"https:\/\/rdnews.al\/index.php\/wp-json\/wp\/v2\/posts\/131965\/revisions"}],"predecessor-version":[{"id":131969,"href":"https:\/\/rdnews.al\/index.php\/wp-json\/wp\/v2\/posts\/131965\/revisions\/131969"}],"wp:featuredmedia":[{"embeddable":true,"href":"https:\/\/rdnews.al\/index.php\/wp-json\/wp\/v2\/media\/131968"}],"wp:attachment":[{"href":"https:\/\/rdnews.al\/index.php\/wp-json\/wp\/v2\/media?parent=131965"}],"wp:term":[{"taxonomy":"category","embeddable":true,"href":"https:\/\/rdnews.al\/index.php\/wp-json\/wp\/v2\/categories?post=131965"},{"taxonomy":"post_tag","embeddable":true,"href":"https:\/\/rdnews.al\/index.php\/wp-json\/wp\/v2\/tags?post=131965"}],"curies":[{"name":"wp","href":"https:\/\/api.w.org\/{rel}","templated":true}]}}