{"id":131988,"date":"2025-12-24T17:12:58","date_gmt":"2025-12-24T17:12:58","guid":{"rendered":"https:\/\/rdnews.al\/?p=131988"},"modified":"2025-12-24T17:12:58","modified_gmt":"2025-12-24T17:12:58","slug":"fijet-qe-e-lidhin-shefen-e-akshi-t-me-ramen","status":"publish","type":"post","link":"https:\/\/rdnews.al\/index.php\/2025\/12\/24\/fijet-qe-e-lidhin-shefen-e-akshi-t-me-ramen\/","title":{"rendered":"Fijet q\u00eb e lidhin shefen e AKSHI-t me Ram\u00ebn"},"content":{"rendered":"<h3 class=\"jeg_post_subtitle\">N\u00eb 2007 drejtoresh\u00eb n\u00eb Bashkin\u00eb Tiran\u00eb. N\u00eb 2013 shefe e AKSH. N\u00eb 2017 n\u00ebn vart\u00ebsin\u00eb direkte t\u00eb kryeministrit p\u00ebr t\u00eb menaxhuar nj\u00eb buxhet gjys\u00ebm miliardi euro. Nj\u00eb trajektore q\u00eb tregon shum\u00eb<\/h3>\n<p>Zyrtarja m\u00eb e lart\u00eb grua e shtetit shqiptar e arrestuar deri m\u00eb tani, Mirlinda Kar\u00e7anaj, ndon\u00ebse nj\u00eb nga njer\u00ebzit m\u00eb t\u00eb p\u00ebrfolur t\u00eb k\u00ebsaj qeverisjeje ka qen\u00eb nj\u00eb personazh me profil t\u00eb ul\u00ebt n\u00eb publik.<\/p>\n<p>P\u00ebrpara se t\u00eb parakalonte tek dera e SPAK-ut dhe me p\u00ebrjashtim t\u00eb nj\u00eb konference shtypi t\u00eb dh\u00ebn\u00eb n\u00eb krah t\u00eb kryeministrit Rama, shum\u00ebkush q\u00eb do t\u00eb k\u00ebmbehej me t\u00eb n\u00eb rrug\u00eb, zor se do ta njihte.<\/p>\n<p>E megjith\u00ebat\u00eb, emri i nj\u00eb prej grave m\u00eb jet\u00ebgjata t\u00eb pushtetit t\u00eb rilindjes ka qen\u00eb i lidhur me skandalin e vjedhjes s\u00eb t\u00eb dh\u00ebnave t\u00eb qytet\u00ebrve shqiptare, p\u00ebr ti p\u00ebrdorur patronazhist\u00ebt e PS n\u00eb zgjedhje, ai \u00ebsht\u00eb lakuar me r\u00ebnien e sistemit informatik t\u00eb vendit dhe vjedhjen e t\u00eb dh\u00ebnave nga hakerat iranian\u00eb, me rjedhjen e pagave t\u00eb qindra mijra pun\u00ebonj\u00ebsve, etj.<\/p>\n<p>Pyetja q\u00eb shtrohej p\u00ebr t\u00eb gjith\u00eb ata q\u00eb e njihnin, por dhe p\u00ebr t\u00eb tjer\u00ebt q\u00eb nuk ia identifikonin dot fytyr\u00ebn \u00ebsht\u00eb e nj\u00ebjt\u00eb: Si po rreziston kaq gjat\u00eb kjo grua?<\/p>\n<p>Disa e lidhnin mbijetes\u00ebn e saj me af\u00ebrsin\u00eb q\u00eb ajo kishte me bashk\u00ebshorten e kryeministrit. T\u00eb tjer\u00eb me tenderat q\u00eb i jepte kunatit t\u00eb Ram\u00ebs, Armand Frangu.<\/p>\n<p>Por, n\u00eb nj\u00eb far\u00eb m\u00ebnyre t\u00eb gjith\u00eb gabohen, pasi lidhja e saj daton shum\u00eb m\u00eb her\u00ebt, q\u00eb prej koh\u00ebs kur ajo punonte n\u00eb Bashkin\u00eb e Tiran\u00ebs. \u201cIshte e vetmja q\u00eb kur Rama ishte i nervozuar i hynte n\u00eb zyr\u00eb dhe arrinte ta qet\u00ebsonte\u201d, i tregoi Lapsit, nj\u00eb punonj\u00ebse e bashkis\u00eb, n\u00eb fillim t\u00eb viteve 2000, pra n\u00eb koh\u00ebn kur Kar\u00e7anaj punoi si drejtore e Teknologjis\u00eb s\u00eb Informacionit n\u00eb Bashkin\u00eb e Tiran\u00ebs, nga maji 2007 deri n\u00eb shtator 2011.<\/p>\n<p>Kur Ram\u00ebs i vodh\u00ebn ato dhjet\u00eb votat e famshme dhe e nxor\u00ebn nga bashkia, prej aty u largua edhe ajo, p\u00ebr tiu rikthyer p\u00ebrkoh\u00ebsisht zanatit t\u00eb saj si lektore n\u00eb Fakultetin e Ekonomis\u00eb. Por ky udh\u00ebtim n\u00eb shkret\u00ebtir\u00eb nuk zgjati shum\u00eb. Me ardhjen e Ram\u00ebs n\u00eb pushtet, ajo ishte nj\u00eb nga zyrtaret e para t\u00eb rikthyera n\u00eb administrat\u00eb q\u00eb n\u00eb vitin 2013.<\/p>\n<p>N\u00eb kat\u00ebr vitet e dyta t\u00eb pushtetit fuqia q\u00eb do i jepej asaj do t\u00eb zmadhohej tep\u00ebr. N\u00eb 2017, Agjensia Komb\u00ebtare e Shoq\u00ebris\u00eb s\u00eb Informacionit kaloi direkt n\u00ebn kontrollin e kryeministrit. Ironia e fatit: kjo l\u00ebvizje u b\u00eb n\u00eb em\u00ebr t\u00eb luft\u00ebs kund\u00ebr korrupsionit p\u00ebr t\u00eb mbledhur n\u00eb nj\u00eb dor\u00eb t\u00eb gjith\u00eb tenderat p\u00ebr t\u00eb dixhitalizuar sistemet dhe p\u00ebr t\u00eb zhdukur rryshfetet e vogla n\u00ebp\u00ebr sportelet e shtetit.<\/p>\n<p>Pas k\u00ebtij momenti AKSHI do t\u00eb kryente \u00e7do procedur\u00eb prokurimi q\u00eb lidhej me infrastruktur\u00ebn e IT p\u00ebr \u00e7do nj\u00ebsi t\u00eb qeveris\u00eb, q\u00eb nga blerja e kompjuter\u00ebve dhe deri te implementimi e mir\u00ebmbajtja e sistemeve. K\u00ebshtu dal\u00eb ngadal\u00eb, do t\u00eb krijohej ai q\u00eb m\u00eb pas Arben Ahmetaj do ta quante \u201ckopshti privat i kryeministrit\u201d.<\/p>\n<p>Q\u00eb kur ndodhi ndryshimi i vitit 2017, kjo agjensi, e drejtuar nga Mirlinda Kar\u00e7anaj, n\u00ebn vart\u00ebsi direkte nga Edi Rama ka menaxhuar mbi gjys\u00ebm miliardi Euro.<\/p>\n<p>Duke p\u00ebrshkruar k\u00ebt\u00eb hop marramend\u00ebs gazetarja Ola Xama ka v\u00ebn\u00eb re: \u201cN\u00eb 2017-n buxheti i AKSHI-t ishte 5 milion euro, nd\u00ebrsa p\u00ebr vitin 2026 planifikohet t\u00eb jet\u00eb 189 milion euro, rritje me 38 her\u00eb\u2026.\u201d. m\u00eb pas ajo ka komentuar: \u201d fabula \u00ebsht\u00eb kjo: nuk marrim m\u00eb 2 mij\u00eb lek\u00eb t\u00eb vjetra p\u00ebr t\u00eb l\u00ebshuar certifikat\u00ebn, por vjedhim miliona euro me tenderat e sistemeve q\u00eb do t\u00eb eliminojn\u00eb korrupsionin e administrat\u00ebs s\u00eb ul\u00ebt! Qytetar\u00ebt varf\u00ebrohen m\u00eb shum\u00eb, por ndihen m\u00eb pak t\u00eb vjedhur\u201d.<\/p>\n<p>Kjo para \u00ebsht\u00eb pak a shum\u00eb filozofia q\u00eb polli at\u00eb q\u00eb po p\u00ebrjetojm\u00eb sot duke par\u00eb fotot dhe p\u00ebrgjimet e ralizuara nga \u201ckordinatori i Ram\u00ebs me krimin\u201d, Ergys Agasi.<\/p>\n<p>Dosja e SPAK q\u00eb ka \u00e7uar n\u00eb arrest sht\u00ebpie Mirlinda Kar\u00e7anajn, p\u00ebr shkelje t\u00eb barazis\u00eb n\u00eb tendera dhe p\u00ebr pjesmarrje n\u00eb grup t\u00eb strukturuar kriminal tregon se si p\u00ebrdoreshin k\u00ebto qindra miliona euro: p\u00ebr tendera t\u00eb paracaktuar, p\u00ebr vendosje t\u00eb kritereve si\u00e7 i donin fituesit e percaktuar dhe p\u00ebr pengmarrje ndaj atyre q\u00eb ankoheshin. N\u00eb p\u00ebrgjime d\u00ebgjohen fraza t\u00eb tilla: \u201ctenderi realisht kushton 2 milion\u00eb euro, po do e b\u00ebjm\u00eb 4\u201d.<\/p>\n<p>Si rezultat i k\u00ebsaj skeme grabit\u00ebse, n\u00eb ngritur n\u00ebn hund\u00ebn dhe me bashk\u00ebpunimin e K\u00ebr\u00e7anajt, sipas llogaris\u00eb s\u00eb prokuror\u00ebve dyshohet se Ergys Agasi ka futur n\u00eb xhep rreth 29 milion\u00eb euro nga kompani q\u00eb fituan tendera t\u00eb AKSHI-t, nd\u00ebrsa partneri tj\u00ebt\u00ebr i tij Ermal Beqiri, me kompanin\u00eb SOFT &amp; SOLUTION, pati afro 18 milion\u00eb euro t\u00eb ardhura dhe pothuajse 11 milion\u00eb euro fitime n\u00eb vitin 2024.<\/p>\n<p>T\u00eb tre k\u00ebta personazhe rrezulton t\u00eb jen\u00eb takuar disa her\u00eb sipas filmimeve q\u00eb disponojn\u00eb prokuror\u00ebt. Ndon\u00ebse \u00ebsht\u00eb munduar ti relativizoj\u00eb k\u00ebto takime drejtoresha e AKSh-it nuk i ka mohuar ato n\u00eb d\u00ebshmin\u00eb e saj t\u00eb dh\u00ebn\u00eb p\u00ebr SPAK: \u201cAs nuk pi kafe dhe as nuk rri apo t\u00eb shoq\u00ebrohem me ndonj\u00eb operator ekonomik jasht\u00eb zyre. Ka patur nj\u00eb rast ku kam takuar nj\u00eb operator ekonomik t\u00eb cilin e kam takuar rast\u00ebsisht n\u00eb zyr\u00ebn e nj\u00eb t\u00eb njohuri tim, t\u00eb cilin e kisha takuar p\u00ebr nj\u00eb kafe n\u00eb zyr\u00ebn e tij, p\u00ebr shkak t\u00eb nj\u00eb konsulence private, konkretisht n\u00eb zyr\u00ebn e shtetasit Ergys Agasi, me t\u00eb cilin kam njohje t\u00eb vjetra, t\u00eb cilin e kam takuar disa her\u00eb n\u00eb zyr\u00ebn e tij, p\u00ebr \u00e7\u00ebshtje private. Ergysi do t\u00eb b\u00ebnte nj\u00eb partneritet q\u00eb donte t\u00eb b\u00ebnte me nj\u00eb kompani izraelite, dhe m\u00eb pyeti p\u00ebr nj\u00eb zgjidhje teknike. N\u00eb k\u00ebt\u00eb ambient ka qen\u00eb dhe shtetasi Ermal Beqiri, i cili rezultoi n\u00eb m\u00ebnyr\u00eb rast\u00ebsore prezent n\u00eb k\u00ebt\u00eb takim\u201d \u00ebsht\u00eb rrefyer ajo.<\/p>\n<p>Nd\u00ebrkoh\u00eb, duke lexuar mbi 200 faqet e dosjes t\u00eb detajuar t\u00eb SPAK me provat e k\u00ebsaj bande t\u00eb dyshuar si kriminale, t\u00eb lind nj\u00eb pyetje: Ku e gjenin ata guximin t\u00eb vidhnin dit\u00ebn p\u00ebr diell dhe t\u00eb shkonin deri aty sa t\u00eb rr\u00ebmbenin njer\u00ebz? Kush ia jepte fuqin\u00eb p\u00ebr t\u00eb p\u00ebrdorur si shantazhues oficer\u00eb t\u00eb lart\u00eb policie, apo pushtetin p\u00ebr t\u00eb kontrolluar aplikimet e tenderave p\u00ebrmes Komisionit t\u00eb Prokurimit Publik?<\/p>\n<p>Vet\u00ebm kur shtron k\u00ebt\u00eb pyetje e kupton ata q\u00eb nuk gjendet mes rreshtave t\u00eb dosjes s\u00eb SPAK. Erdys Agasi \u00ebsht\u00eb tashm\u00eb i njohur bot\u00ebrisht si eminenca gri e Edi Ram\u00ebs n\u00eb mbajtjen e lidhjeve me krimin. Ajo q\u00eb bashk\u00ebpunonte me Agasin, K\u00ebr\u00e7anaj qe njeriu q\u00eb u mor nga rama n\u00ebn vart\u00ebsin\u00eb e tij personale, p\u00ebr t\u00eb menaxhuar nj\u00eb fond 540 milion\u00eb euro (nga 2017 deri sot). Prandaj profili i drejtoresh\u00ebs s\u00eb AKSH, q\u00eb prej 2011 kur ajo filloi pun\u00eb n\u00eb bashkin\u00eb e Tiran\u00ebs sh\u00ebrben shum\u00eb p\u00ebr t\u00eb kuptuar gjenez\u00ebn e bat\u00ebrdis\u00eb q\u00eb na ka shp\u00ebrthyer sot para syve.\/Lapsi.al\/<\/p>\n","protected":false},"excerpt":{"rendered":"<p>N\u00eb 2007 drejtoresh\u00eb n\u00eb Bashkin\u00eb Tiran\u00eb. N\u00eb 2013 shefe e AKSH. N\u00eb 2017 n\u00ebn vart\u00ebsin\u00eb direkte t\u00eb kryeministrit p\u00ebr t\u00eb menaxhuar nj\u00eb buxhet gjys\u00ebm miliardi euro. Nj\u00eb trajektore q\u00eb tregon shum\u00eb Zyrtarja m\u00eb e lart\u00eb grua e shtetit shqiptar e arrestuar deri m\u00eb tani, Mirlinda Kar\u00e7anaj, ndon\u00ebse nj\u00eb nga njer\u00ebzit m\u00eb t\u00eb p\u00ebrfolur t\u00eb k\u00ebsaj &hellip;<\/p>\n","protected":false},"author":4,"featured_media":131989,"comment_status":"closed","ping_status":"closed","sticky":false,"template":"","format":"standard","meta":{"footnotes":""},"categories":[37],"tags":[],"class_list":["post-131988","post","type-post","status-publish","format-standard","has-post-thumbnail","","category-politike"],"_links":{"self":[{"href":"https:\/\/rdnews.al\/index.php\/wp-json\/wp\/v2\/posts\/131988","targetHints":{"allow":["GET"]}}],"collection":[{"href":"https:\/\/rdnews.al\/index.php\/wp-json\/wp\/v2\/posts"}],"about":[{"href":"https:\/\/rdnews.al\/index.php\/wp-json\/wp\/v2\/types\/post"}],"author":[{"embeddable":true,"href":"https:\/\/rdnews.al\/index.php\/wp-json\/wp\/v2\/users\/4"}],"replies":[{"embeddable":true,"href":"https:\/\/rdnews.al\/index.php\/wp-json\/wp\/v2\/comments?post=131988"}],"version-history":[{"count":1,"href":"https:\/\/rdnews.al\/index.php\/wp-json\/wp\/v2\/posts\/131988\/revisions"}],"predecessor-version":[{"id":131990,"href":"https:\/\/rdnews.al\/index.php\/wp-json\/wp\/v2\/posts\/131988\/revisions\/131990"}],"wp:featuredmedia":[{"embeddable":true,"href":"https:\/\/rdnews.al\/index.php\/wp-json\/wp\/v2\/media\/131989"}],"wp:attachment":[{"href":"https:\/\/rdnews.al\/index.php\/wp-json\/wp\/v2\/media?parent=131988"}],"wp:term":[{"taxonomy":"category","embeddable":true,"href":"https:\/\/rdnews.al\/index.php\/wp-json\/wp\/v2\/categories?post=131988"},{"taxonomy":"post_tag","embeddable":true,"href":"https:\/\/rdnews.al\/index.php\/wp-json\/wp\/v2\/tags?post=131988"}],"curies":[{"name":"wp","href":"https:\/\/api.w.org\/{rel}","templated":true}]}}