{"id":132023,"date":"2025-12-25T09:55:08","date_gmt":"2025-12-25T09:55:08","guid":{"rendered":"https:\/\/rdnews.al\/?p=132023"},"modified":"2025-12-25T09:55:08","modified_gmt":"2025-12-25T09:55:08","slug":"me-edvin-priftin-apo-me-belen-dhe-lalin","status":"publish","type":"post","link":"https:\/\/rdnews.al\/index.php\/2025\/12\/25\/me-edvin-priftin-apo-me-belen-dhe-lalin\/","title":{"rendered":"Me Edvin Priftin apo me Bel\u00ebn dhe Lalin?!"},"content":{"rendered":"<p><strong>Nga Erion DASHO<\/strong><\/p>\n<p>Edvin Prifti nuk \u00ebsht\u00eb nj\u00eb personazh q\u00eb mund t\u00eb p\u00ebrkulet leht\u00eb. Nuk mund t\u00eb b\u00ebsh vend midis eminencave bot\u00ebrore n\u00eb nj\u00eb fush\u00eb si kardiokirurgjia pa aft\u00ebsi, talent, karakter t\u00eb fort\u00eb dhe p\u00ebrkushtim total ndaj profesionit.<br \/>\nPersonalisht e vler\u00ebsoj si mik, ndon\u00ebse jav\u00ebt e fundit kemi patur debate n\u00eb distanc\u00eb p\u00ebr nj\u00eb fush\u00eb ku mendimet dhe q\u00ebndrimet nuk na p\u00ebrputhen, si\u00e7 \u00ebsht\u00eb pandemia e COVID-it.<br \/>\nPor kjo \u00ebsht\u00eb nj\u00eb \u00e7\u00ebshtje ku nuk &#8220;p\u00ebrplasem&#8221; ve\u00e7 un\u00eb e Prifti, madje Shqip\u00ebria mund t\u00eb quhet thjesht nj\u00eb cep periferik i debatit t\u00eb nxeht\u00eb nd\u00ebrkomb\u00ebtar mbi k\u00ebt\u00eb tem\u00eb.<br \/>\nNd\u00ebrkoh\u00eb sot raportohet se SPAK-u ka d\u00ebrguar p\u00ebr gjykim Prof. Priftin n\u00eb GJKKO!!!<br \/>\nN\u00eb lidhje me m\u00ebnyr\u00ebn se si \u00ebsht\u00eb trajtuar jo vet\u00ebm Edvini, por \u00e7do mjek tjet\u00ebr nga bi\u00e7im drejt\u00ebsia shqiptare, q\u00ebndrimi im ka q\u00ebn\u00eb gjithmon\u00eb i qart\u00eb dhe pa ekuivok.<br \/>\nN\u00eb nj\u00eb sistem sh\u00ebndet\u00ebsor:<br \/>\n\u300bt\u00eb shpartalluar gjat\u00eb 12 viteve t\u00eb qeverisjes s\u00eb rilindjes, ku deri edhe tregues si vdekshm\u00ebria foshnjore jan\u00eb p\u00ebrkeq\u00ebsuar,<br \/>\n\u300bku nj\u00eb minist\u00ebr sh\u00ebndet\u00ebsie i akuzuar si hajdut q\u00ebndron prej dy vitesh n\u00eb burg pa dal\u00eb n\u00eb gjyq,<br \/>\n\u300bku kat\u00ebr koncesione dyshohet se kan\u00eb futur duart n\u00eb xhepin e pacient\u00ebve p\u00ebr t\u00eb zhvatur gati gjysm\u00eb miliard\u00eb euro,<br \/>\nt\u00eb b\u00ebsh objekt t\u00eb SPAK-ut nj\u00eb mjek t\u00eb akuzuar p\u00ebr marrje paresh nga pacient\u00ebt, \u00ebsht\u00eb kulmi!<br \/>\nMund t\u00eb merret me k\u00ebt\u00eb rast Urdh\u00ebri i Mjekut, ndoshta mund t\u00eb merret edhe Gjykata e Tiran\u00ebs, por SPAK-u??!!<br \/>\nP\u00ebrse SPAK-u??!!<br \/>\nStruktura q\u00eb u kushton shqiptar\u00ebve dhjet\u00ebra milion\u00eb euro n\u00eb vit!!!<br \/>\nStruktura nga e cila shqiptar\u00ebt presin me padurim t\u00eb nd\u00ebshkoj\u00eb hajdut\u00ebt e &#8220;vegj\u00ebl&#8221; si Beqja i Boratit, p\u00ebr t\u00eb kaluar m\u00eb pas tek hajdut\u00ebt serioz\u00eb si Lali e Bela, dhe p\u00ebr ta p\u00ebrfunduar me &#8220;kapon&#8221; apo &#8220;palloshin&#8221; (n\u00eb var\u00ebsi se cilit p\u00ebrgjim i referohesh)!!!<br \/>\nPra kjo struktur\u00eb q\u00eb po zvarrit prej muajsh gjyqet e shum\u00eb t\u00eb akuzuarve duke u justifikuar me munges\u00ebn e kapaciteteve njer\u00ebzore, paska koh\u00eb t\u00eb merret me Prof. Edvin Priftin??!!<br \/>\nLe t\u00eb dalim p\u00ebr nj\u00eb moment nga parimi i shenjt\u00eb i prezumimit t\u00eb pafaj\u00ebsis\u00eb!<br \/>\nLe ta supozojm\u00eb se 500 mij\u00eb eurot q\u00eb jan\u00eb st\u00ebrp\u00ebrmendur n\u00eb media si t\u00eb &#8220;zbuluara&#8221; n\u00eb kasafort\u00ebn e Prof. Priftit nuk jan\u00eb as pare pronash t\u00eb shitura, as fitime t\u00eb realizuara n\u00eb struktura sh\u00ebndet\u00ebsore private dhe as premio nd\u00ebrkomb\u00ebtare q\u00eb rrall\u00ebkush nga mjek\u00ebt shqiptar\u00eb ka patur fatin edhe t&#8217;u qaset dhe jo m\u00eb t&#8217;i fitoj\u00eb.<br \/>\nPra le ta supozojm\u00eb se Edvini ka arritur t\u00eb grumbulloj\u00eb 500 mij\u00eb euro &#8220;t\u00eb pista&#8221;, pavar\u00ebsisht se pas tyre q\u00ebndrojn\u00eb qindra jet\u00eb t\u00eb shp\u00ebtuara.<br \/>\nSi q\u00ebndrojn\u00eb k\u00ebto 500 mij\u00eb euro n\u00eb raport me 50 milion\u00eb eurot e nj\u00eb tenderi t\u00eb vet\u00ebm t\u00eb Belind\u00ebs?!<br \/>\nP\u00ebr ata q\u00eb kan\u00eb v\u00ebshtir\u00ebsi me matematik\u00ebn, vet\u00ebm 1% e tenderit t\u00eb Belind\u00ebs jan\u00eb 500 mij\u00eb eurot e p\u00ebrfolura t\u00eb Edvin Priftit!!!<br \/>\n***<br \/>\nShqiptar\u00ebt sot presin q\u00eb SPAK t\u00eb p\u00ebrgatitet p\u00ebr betej\u00ebn e jet\u00ebs n\u00eb Gjykat\u00ebn Kushtetuese, ku ose Belinda, Lali dhe kapobanda pas tyre do t\u00eb dalin t\u00eb kulluar qelibar para shqiptar\u00ebve, ose SPAK-u do t\u00eb vazhdoj\u00eb rrug\u00ebn q\u00eb \u00e7eli me mund n\u00eb k\u00ebto gjasht\u00eb vjet.<br \/>\nN\u00ebse SPAK-u d\u00ebshton n\u00eb janar n\u00eb Kushtetuese kan\u00eb d\u00ebshtuar shqiptar\u00ebt, kan\u00eb d\u00ebshtuar edhe miqt\u00eb e Shqip\u00ebris\u00eb q\u00eb ngrit\u00ebn SPAK-un si struktur\u00eb shpres\u00ebdh\u00ebn\u00ebse, ndoshta nj\u00eb nga mund\u00ebsit\u00eb e fundit t\u00eb shqiptar\u00ebve p\u00ebr t&#8217;ju g\u00ebzuar sundimit t\u00eb ligjit dhe shtetit t\u00eb s\u00eb drejt\u00ebs.<br \/>\nPrandaj, zot\u00ebrinj t\u00eb SPAK-ut, shkoni merruni me Lalin, me Bel\u00ebn dhe, po t\u00eb keni k\u00ebllqe, me kapoband\u00ebn e tyre, Boratin!<br \/>\nL\u00ebreni Edvin Priftin t\u00eb b\u00ebj\u00eb betej\u00ebn e vet me institucionet t\u00eb cil\u00ebve u takon t\u00eb merren me k\u00ebto shkelje t\u00eb supozuara.<br \/>\nSepse nj\u00eb mjek i akuzuar se ka marr\u00eb pare prej pacient\u00ebve nuk ka b\u00ebr\u00eb as krim t\u00eb organizuar dhe as korrupsion t\u00eb atyre p\u00ebrmasave q\u00eb ka si objekt institucioni juaj!<br \/>\nMos i zhg\u00ebnjeni shqiptar\u00ebt, zot\u00ebrinj!<br \/>\nNe ende presim prej jush!<\/p>\n","protected":false},"excerpt":{"rendered":"<p>Nga Erion DASHO Edvin Prifti nuk \u00ebsht\u00eb nj\u00eb personazh q\u00eb mund t\u00eb p\u00ebrkulet leht\u00eb. Nuk mund t\u00eb b\u00ebsh vend midis eminencave bot\u00ebrore n\u00eb nj\u00eb fush\u00eb si kardiokirurgjia pa aft\u00ebsi, talent, karakter t\u00eb fort\u00eb dhe p\u00ebrkushtim total ndaj profesionit. Personalisht e vler\u00ebsoj si mik, ndon\u00ebse jav\u00ebt e fundit kemi patur debate n\u00eb distanc\u00eb p\u00ebr nj\u00eb fush\u00eb &hellip;<\/p>\n","protected":false},"author":4,"featured_media":132024,"comment_status":"closed","ping_status":"closed","sticky":false,"template":"","format":"standard","meta":{"footnotes":""},"categories":[44],"tags":[],"class_list":["post-132023","post","type-post","status-publish","format-standard","has-post-thumbnail","","category-editorial"],"_links":{"self":[{"href":"https:\/\/rdnews.al\/index.php\/wp-json\/wp\/v2\/posts\/132023","targetHints":{"allow":["GET"]}}],"collection":[{"href":"https:\/\/rdnews.al\/index.php\/wp-json\/wp\/v2\/posts"}],"about":[{"href":"https:\/\/rdnews.al\/index.php\/wp-json\/wp\/v2\/types\/post"}],"author":[{"embeddable":true,"href":"https:\/\/rdnews.al\/index.php\/wp-json\/wp\/v2\/users\/4"}],"replies":[{"embeddable":true,"href":"https:\/\/rdnews.al\/index.php\/wp-json\/wp\/v2\/comments?post=132023"}],"version-history":[{"count":1,"href":"https:\/\/rdnews.al\/index.php\/wp-json\/wp\/v2\/posts\/132023\/revisions"}],"predecessor-version":[{"id":132025,"href":"https:\/\/rdnews.al\/index.php\/wp-json\/wp\/v2\/posts\/132023\/revisions\/132025"}],"wp:featuredmedia":[{"embeddable":true,"href":"https:\/\/rdnews.al\/index.php\/wp-json\/wp\/v2\/media\/132024"}],"wp:attachment":[{"href":"https:\/\/rdnews.al\/index.php\/wp-json\/wp\/v2\/media?parent=132023"}],"wp:term":[{"taxonomy":"category","embeddable":true,"href":"https:\/\/rdnews.al\/index.php\/wp-json\/wp\/v2\/categories?post=132023"},{"taxonomy":"post_tag","embeddable":true,"href":"https:\/\/rdnews.al\/index.php\/wp-json\/wp\/v2\/tags?post=132023"}],"curies":[{"name":"wp","href":"https:\/\/api.w.org\/{rel}","templated":true}]}}