{"id":132029,"date":"2025-12-25T10:10:49","date_gmt":"2025-12-25T10:10:49","guid":{"rendered":"https:\/\/rdnews.al\/?p=132029"},"modified":"2025-12-25T10:10:49","modified_gmt":"2025-12-25T10:10:49","slug":"alarm-kombetar","status":"publish","type":"post","link":"https:\/\/rdnews.al\/index.php\/2025\/12\/25\/alarm-kombetar\/","title":{"rendered":"Alarm komb\u00ebtar&#8230;"},"content":{"rendered":"<p><strong>Nga Iva V.GRILLO<\/strong><\/p>\n<h3><strong>\u00cbsht\u00eb koha p\u00ebr rezistenc\u00eb qytetare e mosbindje civile n\u00eb \u00e7do qeliz\u00eb t\u00eb shoq\u00ebris\u00eb!<\/strong><\/h3>\n<p>Nx\u00ebn\u00ebsit ekselent\u00eb duke &#8220;marr\u00eb mend&#8221; nga njeriu dhe kryeministri m\u00eb i korruptuar n\u00eb Evrop\u00eb &#8230;ndoshta dhe m\u00eb tej.<\/p>\n<p>Prind\u00ebrit e m\u00ebsuesit e kan\u00eb p\u00ebr detyr\u00eb t\u00eb sigurohen q\u00eb nx\u00ebn\u00ebsit ekspozohen ndaj shembujve m\u00eb t\u00eb mir\u00eb r\u00eb virtutit, pun\u00ebs, disiplin\u00ebs dhe p\u00ebrgjegj\u00ebsis\u00eb publike.<\/p>\n<p>\u00c7far\u00eb ka p\u00ebr t&#8217;i m\u00ebsuar nx\u00ebn\u00ebsve (pik\u00ebrisht n\u00eb nj\u00eb moment si ky \ud83d\ude21)nj\u00eb kryeminist\u00ebr i zhytur n\u00eb skandale dhe i lidhur me grupet kriminale?!<\/p>\n<p>\u00cbsht\u00eb koha p\u00ebr rezistenc\u00eb qytetare e mosbindje civile n\u00eb \u00e7do qeliz\u00eb t\u00eb shoq\u00ebris\u00eb:<\/p>\n<p>Prind\u00ebr e m\u00ebsues!<\/p>\n<p>Keni p\u00ebr detyr\u00eb t\u00eb edukoni dhe mbroni f\u00ebmij\u00ebt shqiptar\u00eb dhe jo t&#8217;i \u00e7oni mendjet e tyre t\u00eb brishta si cjapi tek kasapi.<\/p>\n<p>Sikur nj\u00eb prind a m\u00ebsues t\u0113 filloj\u00eb k\u00ebt\u00eb rezistenc\u00eb, do t\u00eb jet\u00eb nj\u00eb hap p\u00ebrpara drejt rifitimit t\u00eb dinjitetit t\u00eb figur\u00ebs s\u00eb m\u00ebsuesit e prindit dhe rritjes s\u00eb nj\u00eb brezi t\u00eb ri q\u00eb e kupton se si dhe pse duhet t&#8217;a p\u00ebrdor\u00eb trurin&#8230;<\/p>\n","protected":false},"excerpt":{"rendered":"<p>Nga Iva V.GRILLO \u00cbsht\u00eb koha p\u00ebr rezistenc\u00eb qytetare e mosbindje civile n\u00eb \u00e7do qeliz\u00eb t\u00eb shoq\u00ebris\u00eb! Nx\u00ebn\u00ebsit ekselent\u00eb duke &#8220;marr\u00eb mend&#8221; nga njeriu dhe kryeministri m\u00eb i korruptuar n\u00eb Evrop\u00eb &#8230;ndoshta dhe m\u00eb tej. Prind\u00ebrit e m\u00ebsuesit e kan\u00eb p\u00ebr detyr\u00eb t\u00eb sigurohen q\u00eb nx\u00ebn\u00ebsit ekspozohen ndaj shembujve m\u00eb t\u00eb mir\u00eb r\u00eb virtutit, pun\u00ebs, disiplin\u00ebs &hellip;<\/p>\n","protected":false},"author":4,"featured_media":51216,"comment_status":"closed","ping_status":"closed","sticky":false,"template":"","format":"standard","meta":{"footnotes":""},"categories":[44],"tags":[],"class_list":["post-132029","post","type-post","status-publish","format-standard","has-post-thumbnail","","category-editorial"],"_links":{"self":[{"href":"https:\/\/rdnews.al\/index.php\/wp-json\/wp\/v2\/posts\/132029","targetHints":{"allow":["GET"]}}],"collection":[{"href":"https:\/\/rdnews.al\/index.php\/wp-json\/wp\/v2\/posts"}],"about":[{"href":"https:\/\/rdnews.al\/index.php\/wp-json\/wp\/v2\/types\/post"}],"author":[{"embeddable":true,"href":"https:\/\/rdnews.al\/index.php\/wp-json\/wp\/v2\/users\/4"}],"replies":[{"embeddable":true,"href":"https:\/\/rdnews.al\/index.php\/wp-json\/wp\/v2\/comments?post=132029"}],"version-history":[{"count":1,"href":"https:\/\/rdnews.al\/index.php\/wp-json\/wp\/v2\/posts\/132029\/revisions"}],"predecessor-version":[{"id":132030,"href":"https:\/\/rdnews.al\/index.php\/wp-json\/wp\/v2\/posts\/132029\/revisions\/132030"}],"wp:featuredmedia":[{"embeddable":true,"href":"https:\/\/rdnews.al\/index.php\/wp-json\/wp\/v2\/media\/51216"}],"wp:attachment":[{"href":"https:\/\/rdnews.al\/index.php\/wp-json\/wp\/v2\/media?parent=132029"}],"wp:term":[{"taxonomy":"category","embeddable":true,"href":"https:\/\/rdnews.al\/index.php\/wp-json\/wp\/v2\/categories?post=132029"},{"taxonomy":"post_tag","embeddable":true,"href":"https:\/\/rdnews.al\/index.php\/wp-json\/wp\/v2\/tags?post=132029"}],"curies":[{"name":"wp","href":"https:\/\/api.w.org\/{rel}","templated":true}]}}