{"id":132033,"date":"2025-12-25T10:35:06","date_gmt":"2025-12-25T10:35:06","guid":{"rendered":"https:\/\/rdnews.al\/?p=132033"},"modified":"2025-12-25T10:35:06","modified_gmt":"2025-12-25T10:35:06","slug":"non-grata-per-censure","status":"publish","type":"post","link":"https:\/\/rdnews.al\/index.php\/2025\/12\/25\/non-grata-per-censure\/","title":{"rendered":"\u201cNon grata\u201d p\u00ebr censur\u00eb"},"content":{"rendered":"<p>HateAid, nj\u00eb organizat\u00eb gjermane k\u00ebshillimi q\u00eb lufton gjuh\u00ebn e urrejtjes dhe nxitjen e urrejtjes n\u00eb internet, \u00ebsht\u00eb vendosur n\u00eb sh\u00ebnjest\u00ebr t\u00eb administrat\u00eb s\u00eb Presidentit t\u00eb SHBA-s\u00eb, Donald Trump. Dy drejtor\u00ebve t\u00eb organizat\u00ebs jofitimprur\u00ebse, s\u00eb bashku me tre evropian\u00eb t\u00eb tjer\u00eb, u \u00ebsht\u00eb ndaluar hyrja n\u00eb SHBA p\u00ebr dyshime censurimi t\u00eb platformave amerikane n\u00eb internet, si\u00e7 njoftoi Departamenti i Shtetit i SHBA-s\u00eb n\u00eb X.<\/p>\n<p>N\u00eb nj\u00eb deklarat\u00eb, dy drejtoreshat ekzekutive t\u00eb HateAid, Josephine Ballon dhe Anna-Lena von Hodenberg, than\u00eb se <em>\u201cnuk ishin t\u00eb befasuara\u201d. \u201c\u00cbsht\u00eb nj\u00eb akt represioni nga nj\u00eb qeveri q\u00eb shp\u00ebrfill gjithnj\u00eb e m\u00eb shum\u00eb sundimin e ligjit dhe p\u00ebrpiqet t\u2019i b\u00ebj\u00eb t\u00eb hesht\u00eb kritik\u00ebt me gjith\u00eb fuqin\u00eb e saj.\u201d<\/em><\/p>\n<div class=\"jeg_ad jeg_ad_article jnews_content_inline_2_ads  \">\n<div class=\"ads-wrapper align-center \">\n<div class=\"ads_code\">\n<div class=\"mobilee\" align=\"center\"><ins id=\"revive-0-3\" data-revive-zoneid=\"122\" data-revive-id=\"2581c650fb61ab0cf7e084114e7ddb41\" data-revive-seq=\"3\" data-revive-loaded=\"1\"><\/p>\n<div id=\"beacon_b66a3e3a27\"><strong>Rubio flet p\u00ebr \u201cideolog\u00eb n\u00eb Europ\u00eb\u201d<\/strong><\/div>\n<p><\/ins><\/div>\n<\/div>\n<\/div>\n<\/div>\n<p>Ndalimi i udh\u00ebtimit, sipas deklaratave zyrtare amerikane drejtohet kund\u00ebr <em>\u201caktivist\u00ebve radikal\u00eb\u201d<\/em> dhe organizatave joqeveritare q\u00eb kan\u00eb nxitur masa censure nga vende t\u00eb treta. <em>\u201cP\u00ebr nj\u00eb koh\u00eb shum\u00eb t\u00eb gjat\u00eb, ideolog\u00ebt n\u00eb Evrop\u00eb kan\u00eb udh\u00ebhequr p\u00ebrpjekje t\u00eb organizuara p\u00ebr t\u00eb detyruar platformat amerikane t\u00eb nd\u00ebshkojn\u00eb ato pik\u00ebpamje amerikane q\u00eb nuk u p\u00ebrshtaten atyre\u201d,<\/em> \u2013 shkroi Sekretari i Departamentit t\u00eb Shtetit, Marco Rubio n\u00eb X. Rubio k\u00ebrc\u00ebnoi me ndalime t\u00eb m\u00ebtejshme udh\u00ebtimi.<\/p>\n<p>Ndalimi i udh\u00ebtimit prek edhe ish-Komisionerin francez t\u00eb BE-s\u00eb Thierry Breton, i konsideruar si arkitekti i <em>\u201cDigital Services Act\u201d<\/em>, Aktit t\u00eb Sh\u00ebrbimeve Dixhitale, i cili rregullon platformat online n\u00eb BE. Legjislacioni dhe zbatimi i tij praktik kan\u00eb p\u00ebr q\u00ebllim t\u00eb parandalojn\u00eb shfaqjen e nj\u00eb hap\u00ebsire ku funksionon ligji n\u00eb internet.<\/p>\n<p>Rubio foli p\u00ebr nj\u00eb <em>\u201csulm ndaj t\u00eb gjitha platformave amerikane t\u00eb teknologjis\u00eb dhe popullit amerikan nga qeverit\u00eb e huaja\u201d.<\/em>Breton shkroi n\u00eb platform\u00ebn X: <em>\u201cP\u00ebr miqt\u00eb tan\u00eb amerikan\u00eb: Censura nuk po ndodh aty ku mendoni se po ndodh\u201d.<\/em>\u00a0Qeveria franceze reagoi gjithashtu me zem\u00ebrim.<\/p>\n<p>Qeveria amerikane vendosi gjithashtu sanksione ndaj Clare Melford, themelueses s\u00eb Indeksit Global t\u00eb Dezinformimit Britanik (GDI), dhe Imran Ahmed, themeluesit t\u00eb Qendr\u00ebs p\u00ebr Kund\u00ebrshtimin e Urrejtjes Dixhitale (CCDH), e cila vepron n\u00eb SHBA dhe Mbret\u00ebrin\u00eb e Bashkuar. Ahmed jeton n\u00eb Uashington dhe tani p\u00ebrballet me d\u00ebbim nga SHBA-ja. Pronari i X, Elon Musk, e kishte etiketuar Qendr\u00ebn p\u00ebr Kund\u00ebrshtimin e Urrejtjes Dixhitale si nj\u00eb <em>\u201corganizat\u00eb kriminale\u201d<\/em>vitin e kaluar. \/<a href=\"https:\/\/www.dw.com\/sq\/ndalimet-e-udh%C3%ABtimit-n%C3%AB-shba-shkaktojn%C3%AB-zem%C3%ABrim-n%C3%AB-europ%C3%AB\/a-75292061\" target=\"_blank\" rel=\"noopener\">DW<\/a><\/p>\n","protected":false},"excerpt":{"rendered":"<p>HateAid, nj\u00eb organizat\u00eb gjermane k\u00ebshillimi q\u00eb lufton gjuh\u00ebn e urrejtjes dhe nxitjen e urrejtjes n\u00eb internet, \u00ebsht\u00eb vendosur n\u00eb sh\u00ebnjest\u00ebr t\u00eb administrat\u00eb s\u00eb Presidentit t\u00eb SHBA-s\u00eb, Donald Trump. Dy drejtor\u00ebve t\u00eb organizat\u00ebs jofitimprur\u00ebse, s\u00eb bashku me tre evropian\u00eb t\u00eb tjer\u00eb, u \u00ebsht\u00eb ndaluar hyrja n\u00eb SHBA p\u00ebr dyshime censurimi t\u00eb platformave amerikane n\u00eb internet, si\u00e7 &hellip;<\/p>\n","protected":false},"author":3,"featured_media":95608,"comment_status":"closed","ping_status":"closed","sticky":false,"template":"","format":"standard","meta":{"footnotes":""},"categories":[38],"tags":[],"class_list":["post-132033","post","type-post","status-publish","format-standard","has-post-thumbnail","","category-bota"],"_links":{"self":[{"href":"https:\/\/rdnews.al\/index.php\/wp-json\/wp\/v2\/posts\/132033","targetHints":{"allow":["GET"]}}],"collection":[{"href":"https:\/\/rdnews.al\/index.php\/wp-json\/wp\/v2\/posts"}],"about":[{"href":"https:\/\/rdnews.al\/index.php\/wp-json\/wp\/v2\/types\/post"}],"author":[{"embeddable":true,"href":"https:\/\/rdnews.al\/index.php\/wp-json\/wp\/v2\/users\/3"}],"replies":[{"embeddable":true,"href":"https:\/\/rdnews.al\/index.php\/wp-json\/wp\/v2\/comments?post=132033"}],"version-history":[{"count":1,"href":"https:\/\/rdnews.al\/index.php\/wp-json\/wp\/v2\/posts\/132033\/revisions"}],"predecessor-version":[{"id":132034,"href":"https:\/\/rdnews.al\/index.php\/wp-json\/wp\/v2\/posts\/132033\/revisions\/132034"}],"wp:featuredmedia":[{"embeddable":true,"href":"https:\/\/rdnews.al\/index.php\/wp-json\/wp\/v2\/media\/95608"}],"wp:attachment":[{"href":"https:\/\/rdnews.al\/index.php\/wp-json\/wp\/v2\/media?parent=132033"}],"wp:term":[{"taxonomy":"category","embeddable":true,"href":"https:\/\/rdnews.al\/index.php\/wp-json\/wp\/v2\/categories?post=132033"},{"taxonomy":"post_tag","embeddable":true,"href":"https:\/\/rdnews.al\/index.php\/wp-json\/wp\/v2\/tags?post=132033"}],"curies":[{"name":"wp","href":"https:\/\/api.w.org\/{rel}","templated":true}]}}