{"id":132035,"date":"2025-12-25T11:15:15","date_gmt":"2025-12-25T11:15:15","guid":{"rendered":"https:\/\/rdnews.al\/?p=132035"},"modified":"2025-12-25T11:21:48","modified_gmt":"2025-12-25T11:21:48","slug":"berisha-uron-besimtaret-me-besim-dhe-shprese-per-krishtilindje-me-te-mira-vitin-e-ardhshem","status":"publish","type":"post","link":"https:\/\/rdnews.al\/index.php\/2025\/12\/25\/berisha-uron-besimtaret-me-besim-dhe-shprese-per-krishtilindje-me-te-mira-vitin-e-ardhshem\/","title":{"rendered":"Berisha uron besimtar\u00ebt: Me besim dhe shpres\u00eb p\u00ebr Krishtilindje m\u00eb t\u00eb mira vitin e ardhsh\u00ebm"},"content":{"rendered":"<div class=\"readmore-text-here\">\n<p>Kryetari i Partis\u00eb Demokratike, Sali Berisha ka vizituar Katedralen e Kish\u00ebs Orthodokse Autoqefal\u00eb me rastin e dit\u00ebs s\u00eb Krishtlindjes.<\/p>\n<p>N\u00eb mesazhin e tij dh\u00ebn\u00eb p\u00ebr besimtar\u00ebt, Berisha theksoi se kjo \u00ebsht\u00eb nj\u00eb dit\u00eb e madhe jo vet\u00ebm n\u00eb historin\u00eb e krisht\u00ebrimit por edhe n\u00eb historin\u00eb e qytet\u00ebrimit bot\u00ebror dhe qytet\u00ebrimit per\u00ebndimor n\u00eb ve\u00e7anti.<\/p>\n<p>&#8220;Erdha t\u00eb shpreh urimet e mia, nderimin tim m\u00eb t\u00eb madh p\u00ebr kryepeshkopin e Kish\u00ebs Autoqefale shqiptare, bashk\u00ebpun\u00ebtor\u00ebt e tij, besimtar\u00ebt ortodoks\u00eb n\u00eb Shqip\u00ebri dhe kudo q\u00eb jan\u00eb.<\/p>\n<p>Kjo \u00ebsht\u00eb nj\u00eb dit\u00eb e madhe jo vet\u00ebm n\u00eb historin\u00eb e krisht\u00ebrimit por edhe n\u00eb historin\u00eb e qytet\u00ebrimit bot\u00ebror dhe qytet\u00ebrimit per\u00ebndimor n\u00eb ve\u00e7anti. Uroj \u00e7do shqiptar q\u00eb k\u00ebt\u00eb dit\u00eb ta festoj\u00eb me besim dhe shpres\u00eb p\u00ebr Krishtilindje m\u00eb t\u00eb mira vitin e ardhsh\u00ebm&#8221;, u shpreh Berisha.<\/p>\n<p>G\u00ebzuar!<\/p>\n<p><img decoding=\"async\" src=\"https:\/\/www.syri.net\/uploads\/syri.net\/images\/2025\/December\/25\/auto_6ef140f6-5538-4cd0-a022-9103b28afb021766660944.jpg\" \/><\/p>\n<p><img decoding=\"async\" src=\"https:\/\/www.syri.net\/uploads\/syri.net\/images\/2025\/December\/25\/auto_09c17c38-8784-45a9-9660-f10ed784ccbf1766660946.jpg\" \/><\/p>\n<p><img decoding=\"async\" src=\"https:\/\/www.syri.net\/uploads\/syri.net\/images\/2025\/December\/25\/auto_0b541fdb-dd49-41b6-9df3-4f8bba08f9dd1766660946.jpg\" \/><\/p>\n<p><img decoding=\"async\" src=\"https:\/\/www.syri.net\/uploads\/syri.net\/images\/2025\/December\/25\/auto_788ee6bf-609d-4796-ab81-b76ce87338641766660945.jpg\" \/><\/p>\n<\/div>\n","protected":false},"excerpt":{"rendered":"<p>Kryetari i Partis\u00eb Demokratike, Sali Berisha ka vizituar Katedralen e Kish\u00ebs Orthodokse Autoqefal\u00eb me rastin e dit\u00ebs s\u00eb Krishtlindjes. N\u00eb mesazhin e tij dh\u00ebn\u00eb p\u00ebr besimtar\u00ebt, Berisha theksoi se kjo \u00ebsht\u00eb nj\u00eb dit\u00eb e madhe jo vet\u00ebm n\u00eb historin\u00eb e krisht\u00ebrimit por edhe n\u00eb historin\u00eb e qytet\u00ebrimit bot\u00ebror dhe qytet\u00ebrimit per\u00ebndimor n\u00eb ve\u00e7anti. &#8220;Erdha t\u00eb &hellip;<\/p>\n","protected":false},"author":4,"featured_media":132036,"comment_status":"closed","ping_status":"closed","sticky":false,"template":"","format":"standard","meta":{"footnotes":""},"categories":[37],"tags":[],"class_list":["post-132035","post","type-post","status-publish","format-standard","has-post-thumbnail","","category-politike"],"_links":{"self":[{"href":"https:\/\/rdnews.al\/index.php\/wp-json\/wp\/v2\/posts\/132035","targetHints":{"allow":["GET"]}}],"collection":[{"href":"https:\/\/rdnews.al\/index.php\/wp-json\/wp\/v2\/posts"}],"about":[{"href":"https:\/\/rdnews.al\/index.php\/wp-json\/wp\/v2\/types\/post"}],"author":[{"embeddable":true,"href":"https:\/\/rdnews.al\/index.php\/wp-json\/wp\/v2\/users\/4"}],"replies":[{"embeddable":true,"href":"https:\/\/rdnews.al\/index.php\/wp-json\/wp\/v2\/comments?post=132035"}],"version-history":[{"count":4,"href":"https:\/\/rdnews.al\/index.php\/wp-json\/wp\/v2\/posts\/132035\/revisions"}],"predecessor-version":[{"id":132040,"href":"https:\/\/rdnews.al\/index.php\/wp-json\/wp\/v2\/posts\/132035\/revisions\/132040"}],"wp:featuredmedia":[{"embeddable":true,"href":"https:\/\/rdnews.al\/index.php\/wp-json\/wp\/v2\/media\/132036"}],"wp:attachment":[{"href":"https:\/\/rdnews.al\/index.php\/wp-json\/wp\/v2\/media?parent=132035"}],"wp:term":[{"taxonomy":"category","embeddable":true,"href":"https:\/\/rdnews.al\/index.php\/wp-json\/wp\/v2\/categories?post=132035"},{"taxonomy":"post_tag","embeddable":true,"href":"https:\/\/rdnews.al\/index.php\/wp-json\/wp\/v2\/tags?post=132035"}],"curies":[{"name":"wp","href":"https:\/\/api.w.org\/{rel}","templated":true}]}}