{"id":132041,"date":"2025-12-25T18:06:49","date_gmt":"2025-12-25T18:06:49","guid":{"rendered":"https:\/\/rdnews.al\/?p=132041"},"modified":"2025-12-25T18:06:49","modified_gmt":"2025-12-25T18:06:49","slug":"pazari-per-tunelin-e-llogarane-erdogan-shperblen-ramen-i-dhuron-nje-avion-privat-airbus","status":"publish","type":"post","link":"https:\/\/rdnews.al\/index.php\/2025\/12\/25\/pazari-per-tunelin-e-llogarane-erdogan-shperblen-ramen-i-dhuron-nje-avion-privat-airbus\/","title":{"rendered":"Pazari p\u00ebr tunelin e Llogaran\u00eb, Erdogan shp\u00ebrblen Ram\u00ebn! I dhuron nj\u00eb avion privat \u201cAirbus\u201d"},"content":{"rendered":"<p>Presidenti i Turqis\u00eb, Recep Tayyip Erdogan, ka vendosur t\u2019i dhuroj\u00eb kryeministrit Edi Rama nj\u00eb avion privat tip \u201cAirbus\u201d.<\/p>\n<p>Sipas raportimit t\u00eb\u00a0<a href=\"https:\/\/www.turkiyetoday.com\/nation\/turkiye-gifts-119m-airbus-government-jet-to-albania-to-boost-diplomatic-ties-3211879?s=1\" target=\"_blank\" rel=\"noopener\"><strong style=\"font-style: inherit;\">mediave turke,<\/strong>\u00a0<\/a>kompania ajrore komb\u00ebtare, Turkish Airlines do t\u2019i transferoj\u00eb qeveris\u00eb shqiptare pron\u00ebsin\u00eb e avionit Airbus A319?115J, nj\u00eb avion i konfiguruar nga qeveria me vler\u00eb rreth\u00a0<strong style=\"font-style: inherit;\">11.9 milion\u00eb dollar\u00eb.<\/strong><\/p>\n<p><em style=\"font-weight: inherit;\">\u201dDhurata pasqyron angazhimin e p\u00ebrbashk\u00ebt t\u00eb dy vendeve p\u00ebr t\u00eb thelluar partneritetet institucionale n\u00eb aviacionin civil, logjistik\u00ebn e mbrojtjes dhe sektor\u00eb t\u00eb tjer\u00eb strategjik\u00eb m\u00eb t\u00eb gjer\u00eb, duke sh\u00ebrbyer nj\u00ebkoh\u00ebsisht edhe si nj\u00eb gjest simbolik i mb\u00ebshtetjes s\u00eb Turqis\u00eb p\u00ebr zhvillimin rajonal dhe p\u00ebrpjekjet integruese t\u00eb Shqip\u00ebris\u00eb. Avioni do t\u00eb dor\u00ebzohet pa asnj\u00eb detyrim financiar p\u00ebr pal\u00ebn p\u00ebrfituese, nd\u00ebrsa Turqia do t\u00eb mbuloj\u00eb t\u00eb gjitha kostot e transferimit\u201d,-<\/em>\u00a0thuhet n\u00eb artikullin e mediave turke, nd\u00ebrkoh\u00eb q\u00eb kjo dhurat\u00eb e Erdogan vjen n\u00eb nj\u00eb koh\u00eb kur qeveria e Ram\u00ebs \u00ebsht\u00eb e mbuluar nga hijet e skandaleve dhe korrupsionit.<\/p>\n<p>Vet\u00ebm pak dit\u00eb m\u00eb par\u00eb n\u00eb media qarkulluan p\u00ebrgjimet nga dosja hetimore e vart\u00ebses s\u00eb tij, Belinda Balluku n\u00eb t\u00eb cilat pretendohej se<a href=\"https:\/\/boldnews.al\/2025\/11\/13\/skandali-me-tenderat-si-i-fshehu-balluku-ankesat-e-kompanive-dhe-favorizoi-kompanite-turke\/\" target=\"_blank\" rel=\"noopener\">\u00a0favorizonte kompanit\u00eb turke<\/a>\u00a0p\u00ebr tenderat e nd\u00ebrtimit t\u00eb Tunelit t\u00eb Llogaras\u00eb.<\/p>\n<p>Sipas hetimeve, Balluku komunikonte intensivisht me p\u00ebrfaq\u00ebsuesit e tyre, duke i udh\u00ebzuar njer\u00ebzit e saj si t\u2019i prisnin, t\u2019i orientonin dhe t\u2019u hapnin rrug\u00ebn kompanive turke p\u00ebr tenderat.<\/p>\n<p><span style=\"font-style: inherit; font-weight: inherit;\">Sipas SPAK, Balluku b\u00ebnte favorizim t\u00eb hapur dhe nd\u00ebrhyrje t\u00eb drejtp\u00ebrdrejt\u00eb n\u00eb \u00e7do hap, vet\u00ebm q\u00eb tu \u00e7onte turqve fitoren n\u00eb xhep, shum\u00eb p\u00ebrpara se tenderi t\u00eb hapej zyrtarisht.<\/span><\/p>\n<p>Nisur nga k\u00ebto zhvillime, jan\u00eb ngritur dyshime mbi dhurat\u00ebn q\u00eb Erdogan ka vendosur ti b\u00ebj\u00eb Ram\u00ebs, ku thuhet se avioni do t\u00eb dor\u00ebzohet pa asnj\u00eb detyrim financiar p\u00ebr pal\u00ebn shqiptare dhe se Turqia do t\u00eb mbuloj\u00eb t\u00eb gjitha kostot e transferimit.<\/p>\n<p>Nuk dihet ende n\u00ebse ky \u00ebsht\u00eb nj\u00eb \u2018shp\u00ebrblim\u2019 q\u00eb Erdogan i ka b\u00ebr\u00eb Edi Ram\u00ebs, p\u00ebr t\u00eb cilin thuhet se ishte ky i fundit ai i cili i njihte kompanit\u00eb turke dhe se Balluku vet\u00ebm zbatonte urdh\u00ebrat e tij.<\/p>\n<p>Megjithat\u00eb mbetet p\u00ebr tu par\u00eb se p\u00ebr \u00e7far\u00eb do ta p\u00ebrdor\u00eb Edi Rama avionin, pasi kjo dhurat\u00eb vjen gjithashtu n\u00eb nj\u00eb koh\u00eb kur kompania e tij e besuar \u201cAir Albania\u201d ka shpallur falimentin duke mos siguruar m\u00eb udh\u00ebtime private p\u00ebr t\u00eb.<\/p>\n","protected":false},"excerpt":{"rendered":"<p>Presidenti i Turqis\u00eb, Recep Tayyip Erdogan, ka vendosur t\u2019i dhuroj\u00eb kryeministrit Edi Rama nj\u00eb avion privat tip \u201cAirbus\u201d. Sipas raportimit t\u00eb\u00a0mediave turke,\u00a0kompania ajrore komb\u00ebtare, Turkish Airlines do t\u2019i transferoj\u00eb qeveris\u00eb shqiptare pron\u00ebsin\u00eb e avionit Airbus A319?115J, nj\u00eb avion i konfiguruar nga qeveria me vler\u00eb rreth\u00a011.9 milion\u00eb dollar\u00eb. \u201dDhurata pasqyron angazhimin e p\u00ebrbashk\u00ebt t\u00eb dy vendeve &hellip;<\/p>\n","protected":false},"author":4,"featured_media":132042,"comment_status":"closed","ping_status":"closed","sticky":false,"template":"","format":"standard","meta":{"footnotes":""},"categories":[37],"tags":[],"class_list":["post-132041","post","type-post","status-publish","format-standard","has-post-thumbnail","","category-politike"],"_links":{"self":[{"href":"https:\/\/rdnews.al\/index.php\/wp-json\/wp\/v2\/posts\/132041","targetHints":{"allow":["GET"]}}],"collection":[{"href":"https:\/\/rdnews.al\/index.php\/wp-json\/wp\/v2\/posts"}],"about":[{"href":"https:\/\/rdnews.al\/index.php\/wp-json\/wp\/v2\/types\/post"}],"author":[{"embeddable":true,"href":"https:\/\/rdnews.al\/index.php\/wp-json\/wp\/v2\/users\/4"}],"replies":[{"embeddable":true,"href":"https:\/\/rdnews.al\/index.php\/wp-json\/wp\/v2\/comments?post=132041"}],"version-history":[{"count":1,"href":"https:\/\/rdnews.al\/index.php\/wp-json\/wp\/v2\/posts\/132041\/revisions"}],"predecessor-version":[{"id":132043,"href":"https:\/\/rdnews.al\/index.php\/wp-json\/wp\/v2\/posts\/132041\/revisions\/132043"}],"wp:featuredmedia":[{"embeddable":true,"href":"https:\/\/rdnews.al\/index.php\/wp-json\/wp\/v2\/media\/132042"}],"wp:attachment":[{"href":"https:\/\/rdnews.al\/index.php\/wp-json\/wp\/v2\/media?parent=132041"}],"wp:term":[{"taxonomy":"category","embeddable":true,"href":"https:\/\/rdnews.al\/index.php\/wp-json\/wp\/v2\/categories?post=132041"},{"taxonomy":"post_tag","embeddable":true,"href":"https:\/\/rdnews.al\/index.php\/wp-json\/wp\/v2\/tags?post=132041"}],"curies":[{"name":"wp","href":"https:\/\/api.w.org\/{rel}","templated":true}]}}