{"id":132044,"date":"2025-12-25T18:23:43","date_gmt":"2025-12-25T18:23:43","guid":{"rendered":"https:\/\/rdnews.al\/?p=132044"},"modified":"2025-12-25T21:25:25","modified_gmt":"2025-12-25T21:25:25","slug":"deshmia-e-varteses-se-ballukut-me-bene-presion-berberi-me-detyroi-te-firmosja-per-tunelin-e-llogarase","status":"publish","type":"post","link":"https:\/\/rdnews.al\/index.php\/2025\/12\/25\/deshmia-e-varteses-se-ballukut-me-bene-presion-berberi-me-detyroi-te-firmosja-per-tunelin-e-llogarase\/","title":{"rendered":"P\u00ebrgjimet-k\u00ebrc\u00ebnimi i Ballukut p\u00ebr vart\u00ebsen e saj\/ D\u00ebshmia e an\u00ebtares s\u00eb komisionit t\u00eb tenderit"},"content":{"rendered":"<p>Detaje t\u00eb reja kan\u00eb dal\u00eb n\u00eb drit\u00eb nga dosja hetimore e zv\/kryeministres Belinda Balluku, e marr\u00eb e pandehur nga SPAK p\u00ebr shkelje t\u00eb barazis\u00eb n\u00eb tendera.<\/p>\n<p>S\u00eb fundmi \u00ebsht\u00eb publikuar d\u00ebshmia e vart\u00ebses s\u00eb saj, Mirzeta Kashnica n\u00eb SPAK e cila \u00ebsht\u00eb shprehur para prokuror\u00ebve t\u00eb posa\u00e7\u00ebm se \u00ebsht\u00eb detyruar nga ish-kreu i ARRSH, Evis Berberi, q\u00eb t\u00eb firmos\u00eb p\u00ebr tenderin e nd\u00ebrtimit t\u00eb tunelit t\u00eb Llogaras\u00eb.<\/p>\n<p>Kashnica ka deklaruar se tek procedura e par\u00eb e prokurimit p\u00ebr nd\u00ebrtimin e tunelit t\u00eb Llogaras\u00eb, e cila \u00ebsht\u00eb anuluar, n\u00eb vler\u00ebsimin e saj si an\u00ebtare e Komisionit t\u00eb Vler\u00ebsimit t\u00eb Ofertave, operatori ekonomik \u201cGjoka Konstruksion\u201dsh.p.k, i p\u00ebrmbushte kriteret dhe duhej t\u00eb ishte shpallur fitues.<\/p>\n<p>Ajo deklaron se k\u00ebt\u00eb q\u00ebndrim ia ka derguar me email an\u00ebtar\u00ebve t\u00eb tjer\u00eb t\u00eb Komisionit t\u00eb Vler\u00ebsimit t\u00eb Ofertave dhe p\u00ebr dijeni ia ka d\u00ebrguar edhe Sekretares s\u00eb P\u00ebrgjithshme t\u00eb Ministris\u00eb. Por,\u00a0menj\u00ebher\u00eb sapo e ka d\u00ebrguar k\u00ebt\u00eb email, pa u mbyllur akoma vler\u00ebsimi i komisionit n\u00eb sistemin e Agjencis\u00eb s\u00eb Prokurimit Publik, ajo \u00ebsht\u00eb telefonuar nga shtetasi Evis Berberi, i cili i ka th\u00ebn\u00eb se nuk duhej t\u00eb shprehej me e-mail.<\/p>\n<p>\u201cE pandehura Mirzeta Kashnica deklaron se se menj\u00ebher\u00eb sapo e ka d\u00ebrguar k\u00ebt\u00eb email, n\u00eb or\u00ebn 17:05, pa u mbyllur akoma vler\u00ebsimi i komisionit n\u00eb sistemin e Agjencis\u00eb s\u00eb Prokurimit Publik, ajo\u00a0\u00ebsht\u00eb telefonuar nga shtetasi Evis Berberi, i cili i ka th\u00ebn\u00eb se nuk duhej t\u00eb shprehej me email\u201d, thuhet n\u00eb dosje.<\/p>\n<div class=\"jeg_ad jeg_ad_article jnews_content_inline_2_ads \">\n<div class=\"ads-wrapper align-center \">\n<div class=\"ads_code\">M\u00eb tej, SPAK thekson se Belinda Balluku ka ushtruar presion mbi vart\u00ebsen e saj dhe kjo sipas prokuroris\u00eb, provohet nga p\u00ebrgjimet.<\/div>\n<\/div>\n<\/div>\n<p>\u201cN\u00eb vijim t\u00eb hetimit, nga p\u00ebrdorimi i metodave speciale, kan\u00eb rezultuar t\u00eb dh\u00ebna se, nga ana e t\u00eb pandehur\u00ebs Belinda Balluku, gjat\u00eb koh\u00ebs q\u00eb ajo \u00ebsht\u00eb njohur me akuz\u00ebn nga organi procedues dhe ushtronte detyr\u00ebn si z\u00ebvend\u00ebskryeminist\u00ebr i Republik\u00ebs s\u00eb Shqip\u00ebris\u00eb dhe Minist\u00ebr i Infrastruktur\u00ebs dhe Energjis\u00eb, ka ushtruar presion n\u00eb forma t\u00eb ndryshme, ndaj personit t\u00eb pyetur n\u00eb k\u00ebt\u00eb procedim, konkretisht shtetases M.K.(vart\u00ebse e saj)\u201d,\u00a0thot\u00eb SPAK.<\/p>\n<p><strong>D\u00cbSHMIA E PLOT\u00cb<\/strong><\/p>\n<p>Dat\u00eb 10 n\u00ebntor 2025<\/p>\n<p>E pandehura Mirzeta Kashnica ka deklaruar se i kujtohet se tek procedura e par\u00eb e prokurimit p\u00ebr ndertimin e tunelit t\u00eb Llogaras\u00eb, e cila \u00ebsht\u00eb anuluar, n\u00eb vler\u00ebsimin e saj si an\u00ebtare e Komisionit t\u00eb Vler\u00ebsimit t\u00eb Ofertave, operatori ekonomik \u201cGjoka Konstruksion\u201dsh.p.k, i p\u00ebrmbushte kriteret dhe duhej t\u00eb ishte shpallur fitues.<\/p>\n<p>Ajo deklaron se k\u00ebt\u00eb q\u00ebndrim ia ka derguar me email an\u00ebtar\u00ebve t\u00eb tjer\u00eb t\u00eb Komisionit t\u00eb Vler\u00ebsimit t\u00eb Ofertave dhe p\u00ebr dijeni ia ka d\u00ebrguar edhe Sekretares s\u00eb P\u00ebrgjithshme t\u00eb Ministris\u00eb.<\/p>\n<p>Ajo deklaron se menj\u00ebher\u00eb sapo e ka d\u00ebrguar k\u00ebt\u00eb email, n\u00eb or\u00ebn 17:05, pa u mbyllur akoma vler\u00ebsimi i komisionit n\u00eb sistemin e Agjencis\u00eb s\u00eb Prokurimit Publik, ajo \u00ebsht\u00eb telefonuar nga shtetasi Evis Berberi, i cili i ka th\u00ebn\u00eb se nuk duhej t\u00eb shprehej me email.<\/p>\n<p>Pasi ai kishte folur dhe kjo procedur\u00eb ishte mbyllur, do t\u00eb anulohej, pasi nuk ishte asnj\u00ebri nga operator\u00ebt ekonomik n\u00eb rregull.<\/p>\n<p>E pandehura Mirzeta Kashnica deklaron se n\u00eb lidhje me procesverbalin e dat\u00ebs 18.03.2021, p\u00ebr vler\u00ebsimin e ofertave, ku jan\u00eb anuluar t\u00eb gjitha ofertat e paraqitura nga operator\u00ebt ekonomik\u00eb, ajo ka n\u00ebnshkruar, pasi \u00ebsht\u00eb trysnuar nga shtetasi Evis Berberi, q\u00eb t\u00eb vazhdonte me procedur\u00e8n.<\/p>\n<p>Ajo deklaron se shtetasi Evis Berberi ishte an\u00ebtar i komisionit, si dhe personi q\u00eb diktonte vendimmarrjen e komisionit. N\u00eb lidhje me procedur\u00ebn e prokurimit t\u00eb rishpallur me objekt \u201cNd\u00ebrtimi i tunelit t\u00eb Llogaras\u00eb\u201d ajo deklaron se sa her\u00eb mblidhej komisioni, an\u00ebtar\u00ebt e tjer\u00eb t\u00eb komisionit i kishin marr\u00eb vendimet me nj\u00ebri-tjetrin dhe e intimidonin at\u00eb n\u00eb lidhje me q\u00ebndrimet e saj.<\/p>\n<p>N\u00eb vijim t\u00eb hetimit, nga p\u00ebrdorimi i metodave speciale, kan\u00eb rezultuar t\u00eb dh\u00ebna se, nga ana e t\u00eb pandehur\u00ebs Belinda Balluku, gjat\u00eb koh\u00ebs q\u00eb ajo \u00ebsht\u00eb njohur me akuz\u00ebn nga organi procedues dhe ushtronte detyr\u00ebn si z\u00ebvend\u00ebskryeminist\u00ebr i Republik\u00ebs s\u00eb Shqip\u00ebris\u00eb dhe Minist\u00ebr i Infrastruktur\u00ebs dhe Energjis\u00eb, ka ushtruar presion n\u00eb forma t\u00eb ndryshme, ndaj personit t\u00eb pyetur n\u00eb k\u00ebt\u00eb procedim, konkretisht shtetases M.K.(vart\u00ebse e saj)\u201d.<\/p>\n","protected":false},"excerpt":{"rendered":"<p>Detaje t\u00eb reja kan\u00eb dal\u00eb n\u00eb drit\u00eb nga dosja hetimore e zv\/kryeministres Belinda Balluku, e marr\u00eb e pandehur nga SPAK p\u00ebr shkelje t\u00eb barazis\u00eb n\u00eb tendera. S\u00eb fundmi \u00ebsht\u00eb publikuar d\u00ebshmia e vart\u00ebses s\u00eb saj, Mirzeta Kashnica n\u00eb SPAK e cila \u00ebsht\u00eb shprehur para prokuror\u00ebve t\u00eb posa\u00e7\u00ebm se \u00ebsht\u00eb detyruar nga ish-kreu i ARRSH, Evis &hellip;<\/p>\n","protected":false},"author":4,"featured_media":132060,"comment_status":"closed","ping_status":"closed","sticky":false,"template":"","format":"standard","meta":{"footnotes":""},"categories":[37],"tags":[],"class_list":["post-132044","post","type-post","status-publish","format-standard","has-post-thumbnail","","category-politike"],"_links":{"self":[{"href":"https:\/\/rdnews.al\/index.php\/wp-json\/wp\/v2\/posts\/132044","targetHints":{"allow":["GET"]}}],"collection":[{"href":"https:\/\/rdnews.al\/index.php\/wp-json\/wp\/v2\/posts"}],"about":[{"href":"https:\/\/rdnews.al\/index.php\/wp-json\/wp\/v2\/types\/post"}],"author":[{"embeddable":true,"href":"https:\/\/rdnews.al\/index.php\/wp-json\/wp\/v2\/users\/4"}],"replies":[{"embeddable":true,"href":"https:\/\/rdnews.al\/index.php\/wp-json\/wp\/v2\/comments?post=132044"}],"version-history":[{"count":4,"href":"https:\/\/rdnews.al\/index.php\/wp-json\/wp\/v2\/posts\/132044\/revisions"}],"predecessor-version":[{"id":132062,"href":"https:\/\/rdnews.al\/index.php\/wp-json\/wp\/v2\/posts\/132044\/revisions\/132062"}],"wp:featuredmedia":[{"embeddable":true,"href":"https:\/\/rdnews.al\/index.php\/wp-json\/wp\/v2\/media\/132060"}],"wp:attachment":[{"href":"https:\/\/rdnews.al\/index.php\/wp-json\/wp\/v2\/media?parent=132044"}],"wp:term":[{"taxonomy":"category","embeddable":true,"href":"https:\/\/rdnews.al\/index.php\/wp-json\/wp\/v2\/categories?post=132044"},{"taxonomy":"post_tag","embeddable":true,"href":"https:\/\/rdnews.al\/index.php\/wp-json\/wp\/v2\/tags?post=132044"}],"curies":[{"name":"wp","href":"https:\/\/api.w.org\/{rel}","templated":true}]}}