{"id":132082,"date":"2025-12-26T09:41:23","date_gmt":"2025-12-26T09:41:23","guid":{"rendered":"https:\/\/rdnews.al\/?p=132082"},"modified":"2025-12-26T09:41:23","modified_gmt":"2025-12-26T09:41:23","slug":"kapua-i-regjimit-sot-eshte-i-mberthyer-ne-cark","status":"publish","type":"post","link":"https:\/\/rdnews.al\/index.php\/2025\/12\/26\/kapua-i-regjimit-sot-eshte-i-mberthyer-ne-cark\/","title":{"rendered":"Kapua i regjimit sot \u00ebsht\u00eb i mb\u00ebrthyer n\u00eb \u00e7ark"},"content":{"rendered":"<p><strong>Nga Ndri\u00e7im KULLA<\/strong><\/p>\n<p>Shikoni ndryshimin e \u00e7uditsh\u00ebm politik t\u00eb tij. Nga mb\u00ebshtet\u00ebs emocional i SPAK-ut, kur kund\u00ebrshtar\u00ebt e tij politik\u00eb p\u00ebrndiqeshin \u2013 si Enver Hoxha kur ia merrte k\u00ebng\u00ebs n\u00eb zyr\u00eb \u201cP\u00ebr ty, atdhe\u201d, nd\u00ebrsa Kadri Hazbiu po d\u00ebnohej me vdekje \u2013 sot ai kund\u00ebrshton vendimet e tij.<\/p>\n<p>Sepse tani ka r\u00ebn\u00eb vet\u00eb n\u00eb \u00e7ark.<\/p>\n<p>Le t\u00eb mos iu referohemi t\u00eb gjitha fakteve q\u00eb denoncuan fars\u00ebn e tij elektorale, sepse ato do t\u00eb p\u00ebrb\u00ebnin nj\u00eb rrug\u00ebtim t\u00eb gjat\u00eb dhe ndoshta do t\u00eb futeshim n\u00eb nj\u00eb cik\u00ebl q\u00eb nuk do t\u00eb mbaronte kurr\u00eb. Do t\u00eb ishte me vend t\u00eb fokusoheshim vet\u00ebm n\u00eb disa momente t\u00eb nxehta q\u00eb kan\u00eb t\u00eb b\u00ebjn\u00eb me skandalin korruptiv t\u00eb zv.kryeministres Belinda Balluku dhe me skandalin e sapozbuluar t\u00eb kopshtit privat t\u00eb kryeministrit me emrin AKSHI.<\/p>\n<p>Duke p\u00ebrdorur fuqin\u00eb e pushtetit dhe supermaxhoranc\u00ebn e fituar prej 83 mandatesh, t\u00eb kontestuara edhe nd\u00ebrkomb\u00ebtarisht, heqjen e imunitetit t\u00eb zv.kryeministres po e kthen n\u00eb nj\u00eb maraton\u00eb zvarritjesh, ku askush nuk mund t\u00eb b\u00ebj\u00eb nj\u00eb parashikim t\u00eb p\u00ebraf\u00ebrt se \u00e7far\u00eb synon t\u00eb arrij\u00eb me k\u00ebt\u00eb, kur \u00ebsht\u00eb vet\u00eb n\u00eb \u00e7ark.<\/p>\n<p>Shkel brutalisht ligjin, Kushtetut\u00ebn, rregullat, normat dhe arsyen politike, duke u shtr\u00ebnguar fort p\u00ebr t\u00eb na v\u00ebn\u00eb hapur p\u00ebrball\u00eb absurditetin e diktatur\u00ebs q\u00eb ka krijuar.<\/p>\n<p>\u201cN\u00ebse bie un\u00eb, do biesh edhe ti\u201d, e paralajm\u00ebron Belinda shefin e saj, q\u00eb \u00ebsht\u00eb edhe kreu i regjimit.<\/p>\n<p>Kjo ndodhi \u00ebsht\u00eb nj\u00eb cop\u00ebz e historive t\u00eb pafundme q\u00eb tregojn\u00eb se si po funksionon n\u00eb realitet \u201cShqip\u00ebria q\u00eb duam\u201d e fotografive dhe portaleve t\u00eb pafundme t\u00eb regjimit. Nuk njihet m\u00eb par\u00eb nj\u00eb fakt ku nj\u00eb bashk\u00ebpun\u00ebtor i sulltanit ta ket\u00eb k\u00ebrc\u00ebnuar Naltmadh\u00ebrin\u00eb e tij brenda mureve t\u00eb err\u00ebta t\u00eb Tabir Sarajit.<\/p>\n<p>Jan\u00eb kap\u00ebrcyer edhe shembujt m\u00eb ekstrem\u00eb t\u00eb historis\u00eb s\u00eb luft\u00ebs p\u00ebr para dhe grabitje brenda piramid\u00ebs s\u00eb pushtetit. Kjo, por shum\u00eb m\u00eb keq se kaq, \u00ebsht\u00eb Shqip\u00ebria \u201ce t\u00eb dashurit Edi\u201d t\u00eb presidentes s\u00eb Komisionit Europian, Ursula von der Leyen. Kjo \u00ebsht\u00eb Shqip\u00ebria e komisioneres Marta Kos p\u00ebr zgjerimin, e cila, s\u00eb bashku me Komisionin p\u00ebr Zgjerim, mezi pret Shqip\u00ebrin\u00eb p\u00ebr t\u00eb hapur negociatat e an\u00ebtar\u00ebsimit.<\/p>\n<p>Nuk \u00ebsht\u00eb hera e par\u00eb q\u00eb kryeministri shqiptar, me statusin e nj\u00eb sulltani, t\u00eb jet\u00eb k\u00ebrc\u00ebnuar edhe her\u00eb t\u00eb tjera, si nga ish-bashk\u00ebpun\u00ebtor\u00ebt e tij, por edhe nga faktor\u00eb t\u00eb tjer\u00eb shqiptar\u00eb dhe nd\u00ebrkomb\u00ebtar\u00eb, duke p\u00ebrfshir\u00eb edhe shtypin, i cili ka ofruar prova direkte mbi krimet dhe korrupsionin e tij. Por ai i ka shp\u00ebrfillur ato, duke u mb\u00ebshtetur n\u00eb imazhin e rrem\u00eb t\u00eb mbrojtjes nga nj\u00eb forc\u00eb mistike, fijet e s\u00eb cil\u00ebs sot po dalin nj\u00eb nga nj\u00eb n\u00eb drit\u00eb.<\/p>\n<p>Provat e pakund\u00ebrshtueshme t\u00eb Belind\u00ebs, zv.kryeministre n\u00eb bashk\u00ebpunim me t\u00eb, hap\u00ebn papritur humner\u00ebn p\u00ebrpara syve t\u00eb tij. P\u00ebr her\u00eb t\u00eb par\u00eb ai pa \u00e7arkun q\u00eb ka mb\u00ebrthyer trupin e tij. Edi Rama tani ndjen se kamera magjike e s\u00eb v\u00ebrtet\u00ebs, s\u00eb cil\u00ebs nuk i ka besuar kurr\u00eb, i ka b\u00ebr\u00eb filmim dixhital bot\u00ebs s\u00eb tij t\u00eb n\u00ebndheshme, t\u00eb frikshme, t\u00eb rrezikshme dhe t\u00eb paimagjinueshme.<\/p>\n<p>Nuk ka, fatmir\u00ebsisht p\u00ebr ne dhe fatkeq\u00ebsisht p\u00ebr t\u00eb, as ngjyra, as fjal\u00eb t\u00eb g\u00ebnjesht\u00ebrta, as shkarravina, e as p\u00ebrgjunjje alla Meloni n\u00eb labirintet e k\u00ebsaj bote t\u00eb err\u00ebt. \u00cbsht\u00eb nj\u00eb bot\u00eb e ndyr\u00eb grabitjesh, g\u00ebnjeshtrash, manipulimesh, k\u00ebrc\u00ebnimesh dhe pushteti.<\/p>\n<p>\u201cProjekti b\u00ebn 2 milion\u00eb euro, por ne do ta b\u00ebjm\u00eb kat\u00ebr\u201d, udh\u00ebzonte Ergys Agasi, eminenca gri e kryeministrit, i cili vendoste realisht p\u00ebr fatin e tenderave, duke sugjeruar se do t\u2019ia thoshte kapos. Po kush \u00ebsht\u00eb kapua? Nuk ka kapo virtual, sepse kapua virtual mund t\u00eb sh\u00ebrbej\u00eb vet\u00ebm si personazh humori, pasi nuk hedh firma dhe nuk rimburson parat\u00eb e vjedhura nga taksapaguesit shqiptar\u00eb. Ky \u00ebsht\u00eb kryeministri yn\u00eb, Edi Rama. Shum\u00eb tragjike!<\/p>\n<p>\u00c7udit\u00ebrisht, avokati i tij, Maks Haxhia, i mohon akuzat ndaj tij me pretendimin se nuk ka prova, nd\u00ebrkoh\u00eb q\u00eb jan\u00eb b\u00ebr\u00eb publike n\u00eb rrjetet sociale foto t\u00eb printuara t\u00eb takimit t\u00eb Agasit me drejtoresh\u00ebn e AKSHI-t. Mos g\u00ebnjejn\u00eb fotot dhe printimet?<\/p>\n<p>K\u00ebto jan\u00eb cop\u00ebza historish q\u00eb t\u00eb rr\u00ebnqethin mishin. Nga err\u00ebsira e thell\u00eb q\u00eb ka krijuar regjimi i kapos, ato jan\u00eb d\u00ebshmia e pakund\u00ebrshtueshme se si jan\u00eb vjedhur parat\u00eb tona, si jan\u00eb vjedhur zgjedhjet, si \u00ebsht\u00eb falimentuar arsimi, si \u00ebsht\u00eb varrosur kultura, si \u00ebsht\u00eb shkat\u00ebrruar sh\u00ebndet\u00ebsia dhe, n\u00eb fund, si \u00ebsht\u00eb shpopulluar Shqip\u00ebria. T\u00eb paimagjinueshme p\u00ebr t\u2019u besuar, por n\u00eb realitet kjo \u00ebsht\u00eb qeveria e kryeministrit ton\u00eb, q\u00eb i ka kthyer k\u00ebto n\u00eb t\u00eb v\u00ebrteta.<\/p>\n<p>Po kush e solli k\u00ebt\u00eb realitet t\u00eb shkretuar?<br \/>\nRegjimi i Kapos.<\/p>\n<p>Ose, m\u00eb sakt\u00eb, regjimi i nj\u00eb skizofreni narcist, p\u00ebr t\u00eb cilin \u2013 si\u00e7 thot\u00eb shkenc\u00ebrisht Vili Pasini, psikiatri italian me fam\u00eb bot\u00ebrore, n\u00eb librin \u201cBurrat\u201d \u2013 njer\u00ebzve t\u00eb till\u00eb duhet t\u2019u nd\u00ebrpritet me vigjilenc\u00eb t\u00eb lart\u00eb rruga drejt paradhomave t\u00eb pushtetit, e jo m\u00eb t\u2019u jepet pushtet i plot\u00eb dhe t\u00eb b\u00ebhen vendimmarr\u00ebs, sepse ata gjithmon\u00eb gjejn\u00eb m\u00ebnyr\u00ebn p\u00ebr t\u2019u shnd\u00ebrruar n\u00eb regjimtar\u00eb, ashtu si\u00e7 \u00ebsht\u00eb b\u00ebr\u00eb Edi Rama sot.<\/p>\n<p>Ky regjim ka b\u00ebr\u00eb gj\u00ebra t\u00eb pabesueshme p\u00ebr banor\u00ebt e v\u00ebrtet\u00eb t\u00eb bot\u00ebs demokratike. Po si \u00ebsht\u00eb e mundur? Gjithmon\u00eb \u00ebsht\u00eb me vend t\u00eb shtrohen edhe pyetje t\u00eb tilla, sepse historia gjen rrug\u00ebn e saj p\u00ebr t\u2019u p\u00ebrs\u00ebritur, edhe n\u00eb drejtim t\u00eb kthimeve mbrapa.<\/p>\n<p>\u00cbsht\u00eb shum\u00eb me vend t\u00eb kujtojm\u00eb indiferentizmin europian t\u00eb shekullit XIX n\u00eb lidhje me Shqip\u00ebrin\u00eb e sotme. \u00c7far\u00eb thoshte Eduard Gibbon, historiani dhe politikani anglez, kur Shqip\u00ebria sapo dilte nga Perandoria Osmane?<br \/>\n\u201c\u00cbsht\u00eb m\u00eb leht\u00eb t\u00eb dim\u00eb mbi fiset e pyjeve t\u00eb Amazon\u00ebs, sesa mbi shqiptar\u00ebt 100 milje larg kufirit t\u00eb Europ\u00ebs\u201d, thoshte Gibbon, duke iu referuar distanc\u00ebs Vlor\u00eb\u2013Bari.<\/p>\n<p>Fatkeq\u00ebsisht, n\u00eb k\u00ebt\u00eb zgrip ka zbritur edhe perceptimi i v\u00ebrtet\u00eb q\u00eb politika europiane e sotme ka p\u00ebr jet\u00ebn shoq\u00ebrore t\u00eb shqiptar\u00ebve. Nj\u00eb indiferentiz\u00ebm q\u00eb mund t\u00eb shpjegohet vet\u00ebm nga magjepsja e burokrat\u00ebve europian\u00eb ndaj teknologjis\u00eb manipuluese t\u00eb diktatorit shqiptar, ose nga korruptimi i mundsh\u00ebm prej mjeshtrit t\u00eb k\u00ebtij profesioni.<\/p>\n<p>Do t\u00eb mjaftonte vet\u00ebm nata e err\u00ebt e ringut t\u00eb kryeministrit me z\u00ebvend\u00ebsen e tij Belind\u00ebn n\u00eb zyr\u00ebn e tij \u2013 nj\u00eb p\u00ebrplasje q\u00eb doli jasht\u00eb mureve dhe mori dhen\u00eb \u2013 p\u00ebr t\u00eb kuptuar se \u00e7far\u00eb ndodh brenda pallatit t\u00eb korruptuar dhe t\u00eb mbushur me krim n\u00eb t\u00eb gjitha drejtimet.<\/p>\n<p>Regjimi i Kapos sot \u00ebsht\u00eb i mb\u00ebrthyer n\u00eb \u00e7ark. Majtas e djathtas, nga do q\u00eb t\u00eb shikoj\u00eb, loj\u00ebrat dhe dredhit\u00eb jan\u00eb \u00e7veshur. Gjurm\u00ebt e tmerrshme t\u00eb krimit t\u00eb tij korruptiv tashm\u00eb shihen me lup\u00eb dhe nuk do ta shp\u00ebtoj\u00eb m\u00eb imuniteti i mandatit t\u00eb vjedhur kryeministror.<\/p>\n<p>\u201cN\u00ebse v\u00ebrtet ke nd\u00ebrmend t\u00eb m\u00eb d\u00ebrgosh n\u00eb burg, at\u00ebher\u00eb p\u00ebrgatitu. Sepse, kur t\u00eb vij\u00eb dita e llogaris\u00eb, \u00ebsht\u00eb emri yt q\u00eb do t\u00eb b\u00ebrtitet m\u00eb fort se imi.\u201d<\/p>\n<p>Kjo kacafytje na sjell nd\u00ebr mend shpellat dhe bodrumet e mafies, e cila sot ka pushtuar dhe z\u00ebvend\u00ebsuar shtetin ton\u00eb. Grinden n\u00eb zyr\u00ebn e mbretit q\u00eb ka d\u00ebbuar demokracin\u00eb, lirin\u00eb dhe transparenc\u00ebn, p\u00ebr t\u2019ia hedhur nj\u00ebri-tjetrit provat e shumta t\u00eb m\u00ebkatit.<\/p>\n<p>N\u00eb librin me ese t\u00eb botuar n\u00eb vitin 1991, me bashkautor Ardian Klosin, Edi Rama shkruante me entuziaz\u00ebm se \u201cdiktaturat gjithmon\u00eb bien\u201d. R\u00ebnia e diktatur\u00ebs komuniste, n\u00eb fakt, po e provonte k\u00ebt\u00eb tez\u00eb.<\/p>\n<p>Po \u00e7far\u00eb ndodhi me vet\u00eb at\u00eb gjat\u00eb k\u00ebtyre 35 viteve t\u00eb tranzicionit pluralist? Ironia d\u00ebshmon se ai u transformua nga nj\u00eb i vet\u00ebquajtur idealist n\u00eb nj\u00eb personazh shekspirian t\u00eb koh\u00ebve moderne, ku gryk\u00ebsia p\u00ebr pushtet e b\u00ebri Makbeth: matrapaz, manipulator, k\u00ebrcimtar, prestidigjator, dizenjator, klloun \u2013 korruptues dhe i korruptuar.<\/p>\n<p>Por, sipas p\u00ebrfundimeve t\u00eb historis\u00eb, t\u00eb v\u00ebrtetat e k\u00ebsaj bote nuk mund t\u00eb fshihen gjithmon\u00eb, sidomos kur jan\u00eb shnd\u00ebrruar n\u00eb t\u00eb v\u00ebrteta t\u00eb tmerrshme.<\/p>\n","protected":false},"excerpt":{"rendered":"<p>Nga Ndri\u00e7im KULLA Shikoni ndryshimin e \u00e7uditsh\u00ebm politik t\u00eb tij. Nga mb\u00ebshtet\u00ebs emocional i SPAK-ut, kur kund\u00ebrshtar\u00ebt e tij politik\u00eb p\u00ebrndiqeshin \u2013 si Enver Hoxha kur ia merrte k\u00ebng\u00ebs n\u00eb zyr\u00eb \u201cP\u00ebr ty, atdhe\u201d, nd\u00ebrsa Kadri Hazbiu po d\u00ebnohej me vdekje \u2013 sot ai kund\u00ebrshton vendimet e tij. Sepse tani ka r\u00ebn\u00eb vet\u00eb n\u00eb \u00e7ark. &hellip;<\/p>\n","protected":false},"author":4,"featured_media":118436,"comment_status":"closed","ping_status":"closed","sticky":false,"template":"","format":"standard","meta":{"footnotes":""},"categories":[44],"tags":[],"class_list":["post-132082","post","type-post","status-publish","format-standard","has-post-thumbnail","","category-editorial"],"_links":{"self":[{"href":"https:\/\/rdnews.al\/index.php\/wp-json\/wp\/v2\/posts\/132082","targetHints":{"allow":["GET"]}}],"collection":[{"href":"https:\/\/rdnews.al\/index.php\/wp-json\/wp\/v2\/posts"}],"about":[{"href":"https:\/\/rdnews.al\/index.php\/wp-json\/wp\/v2\/types\/post"}],"author":[{"embeddable":true,"href":"https:\/\/rdnews.al\/index.php\/wp-json\/wp\/v2\/users\/4"}],"replies":[{"embeddable":true,"href":"https:\/\/rdnews.al\/index.php\/wp-json\/wp\/v2\/comments?post=132082"}],"version-history":[{"count":1,"href":"https:\/\/rdnews.al\/index.php\/wp-json\/wp\/v2\/posts\/132082\/revisions"}],"predecessor-version":[{"id":132083,"href":"https:\/\/rdnews.al\/index.php\/wp-json\/wp\/v2\/posts\/132082\/revisions\/132083"}],"wp:featuredmedia":[{"embeddable":true,"href":"https:\/\/rdnews.al\/index.php\/wp-json\/wp\/v2\/media\/118436"}],"wp:attachment":[{"href":"https:\/\/rdnews.al\/index.php\/wp-json\/wp\/v2\/media?parent=132082"}],"wp:term":[{"taxonomy":"category","embeddable":true,"href":"https:\/\/rdnews.al\/index.php\/wp-json\/wp\/v2\/categories?post=132082"},{"taxonomy":"post_tag","embeddable":true,"href":"https:\/\/rdnews.al\/index.php\/wp-json\/wp\/v2\/tags?post=132082"}],"curies":[{"name":"wp","href":"https:\/\/api.w.org\/{rel}","templated":true}]}}