{"id":132084,"date":"2025-12-26T10:17:09","date_gmt":"2025-12-26T10:17:09","guid":{"rendered":"https:\/\/rdnews.al\/?p=132084"},"modified":"2025-12-26T10:17:09","modified_gmt":"2025-12-26T10:17:09","slug":"stafa-qeveria-pushtet-i-krimit-qytetareve-u-ka-mbetur-vetem-perballja-ose-ikja-nga-vendi","status":"publish","type":"post","link":"https:\/\/rdnews.al\/index.php\/2025\/12\/26\/stafa-qeveria-pushtet-i-krimit-qytetareve-u-ka-mbetur-vetem-perballja-ose-ikja-nga-vendi\/","title":{"rendered":"Stafa: Qeveria, pushtet i krimit! Qytetar\u00ebve u ka mbetur vet\u00ebm p\u00ebrballja ose ikja nga vendi!"},"content":{"rendered":"<p>Gjat\u00eb nj\u00eb takim t\u00eb mbajtur n\u00eb Man\u00ebz t\u00eb qarkut Durr\u00ebs n\u00eb prani t\u00eb liderit historik Sali Berisha, kreu lokal i PD Osman Stafa ka mbajtur nj\u00eb fjalim t\u00eb ashp\u00ebr ku ka analizuar situat\u00ebn aktuale politike dhe shoq\u00ebrore n\u00eb vend, duke theksuar se p\u00ebr qytetar\u00ebt shqiptar\u00eb kan\u00eb mbetur vet\u00ebm dy alternativa: p\u00ebrballja me regjimin ose largimi nga vendi.<\/p>\n<p>Duke folur para an\u00ebtar\u00ebve dhe simpatizant\u00ebve Stafa tha se, Partia Demokratike dhe shoq\u00ebria po kalojn\u00eb momente nga m\u00eb t\u00eb v\u00ebshtirat, por k\u00ebto sfida po sh\u00ebrbejn\u00eb si nj\u00eb proces i \u201cpjekjes politike\u201d p\u00ebr forc\u00ebn opozitare. Ai akuzoi drejtp\u00ebrdrejt qeverin\u00eb, duke e quajtur at\u00eb \u201cpushteti i krimit\u201d, i cili, s\u00eb bashku me aktor\u00eb t\u00eb tjer\u00eb me ndikim, ka ushtruar nj\u00eb agresion t\u00eb pashoq ndaj Partis\u00eb Demokratike.<\/p>\n<p>&#8220;Un\u00eb do t\u00eb jem i qart\u00eb, i drejtp\u00ebrdrejt\u00eb n\u00eb fjal\u00ebn time.<\/p>\n<p>Duke ju uruar mir\u00ebseardhjen, doktor profesor Sali Berish\u00ebs, n\u00eb k\u00ebt\u00eb takim me ju.<\/p>\n<p>Do t\u00eb kem d\u00ebshir\u00eb t\u00eb b\u00ebj nj\u00eb p\u00ebrshkrim t\u00eb shkurt\u00ebr, konkret mbi situat\u00ebn reale ku gjendet sot shoq\u00ebria shqiptare, natyrisht dhe Partia Demokratike.<\/p>\n<p>Un\u00eb gjej rastin, sepse ky takim p\u00ebrkon edhe me dit\u00ebn e themelimit t\u00eb Partis\u00eb Demokratike dega Durr\u00ebs, me 27, pra q\u00eb i takon nes\u00ebr, por me 26 jan\u00eb mbledhur, kan\u00eb marr\u00eb vendimin komisioni nism\u00ebtar p\u00ebr krijimin dhe themelimin e deg\u00ebs s\u00eb Partis\u00eb Demokratike dega Durr\u00ebs. Mir\u00ebnjohje, respekt, themeluesve t\u00eb Partis\u00eb Demokratike t\u00eb Durr\u00ebsit.<\/p>\n<p>Ndaj dhe n\u00eb komentin tim do ta quaj si nj\u00eb kujtes\u00eb, si nj\u00eb reflektim, p\u00ebrgjegj\u00ebsi dhe angazhim. Kujtesa \u00ebsht\u00eb nj\u00eb domosdoshm\u00ebri p\u00ebr Partin\u00eb Demokratike.<\/p>\n<p>Jo pak her\u00eb ne kemi harruar nga dhe gjat\u00eb harres\u00ebs kemi b\u00ebr\u00eb dhe gabime. Por fal\u00eb aft\u00ebsis\u00eb son\u00eb, p\u00ebrgjegj\u00ebsis\u00eb dhe seriozitetit ton\u00eb, ne kemi ditur t\u00eb k\u00ebrkojm\u00eb falje, t\u00eb rekuperojm\u00eb veten dhe t\u00eb ecim p\u00ebrpara.<\/p>\n<p>P\u00ebr hir t\u00eb v\u00ebrtet\u00ebs, momentet q\u00eb po kalon sot Shqip\u00ebria dhe Partia Demokratike jan\u00eb nga m\u00eb t\u00eb v\u00ebshtirat. \u00cbsht\u00eb e v\u00ebrtet\u00eb q\u00eb Partia Demokratike sidomos kat\u00ebr vitet e fundit po kalon momente jasht\u00ebzakonisht t\u00eb v\u00ebshtira. Por, k\u00ebto jan\u00eb momentet m\u00eb t\u00eb mira q\u00eb po kalon, q\u00eb po kalojm\u00eb ne si forc\u00eb. K\u00ebto momente i po i sh\u00ebrbejn\u00eb si nj\u00eb pjekje politike e Partis\u00eb Demokratike.<\/p>\n<p>Sepse ne i mbijetuam nj\u00eb agresioni t\u00eb pashoq nga pushteti i krimit, faktor\u00eb dhe aktor\u00eb q\u00eb kan\u00eb patur nj\u00eb ndikim t\u00eb fuqish\u00ebm n\u00eb sken\u00ebn bot\u00ebrore, dhe sot un\u00eb kam k\u00ebnaq\u00ebsin\u00eb t&#8217;ju them, miqt\u00eb e mi, ju faleminderit, jeni heronj, ju jeni heronj t\u00eb gjall\u00eb t\u00eb demokracis\u00eb shqiptare.<\/p>\n<p>Kur un\u00eb them q\u00eb ne jemi t\u00eb gabuesh\u00ebm, \u00ebsht\u00eb normale sepse ne jemi njer\u00ebzor\u00eb. Aft\u00ebsia jon\u00eb \u00ebsht\u00eb t\u00eb rekuperojm\u00eb gabimet tona. Ne kemi dal\u00eb edhe p\u00ebr nj\u00eb arsye tjet\u00ebr.<\/p>\n<p>Sepse Partia Demokratike q\u00eb n\u00eb lindjen e saj ka patur disa q\u00ebllime principale t\u00eb cilat dhe n\u00eb momentet m\u00eb t\u00eb v\u00ebshtira t\u00eb saj nuk i ka cenuar. Si\u00e7 jan\u00eb liria dhe demokracia. Sot, p\u00ebr hir t\u00eb v\u00ebrtet\u00ebs dhe p\u00ebr fatin ton\u00eb t\u00eb keq, n\u00eb Shqip\u00ebri s&#8217;ka as demokraci dhe as liri. Dhe do t\u00eb thot\u00eb q\u00eb kur s&#8217;ka liri dhe demokraci, p\u00ebr qytetar\u00ebt, p\u00ebr qytetar\u00ebt e saj ka vet\u00ebm nj\u00eb alternativ\u00eb, p\u00ebrballja ose ikja.<\/p>\n<p>K\u00ebto jan\u00eb dy momente t\u00eb v\u00ebshtira kur nj\u00eb shoq\u00ebri duhet t\u00eb dij\u00eb t\u00eb vendos\u00eb, t\u00eb marr\u00eb vendimet e saj, shoq\u00ebrore dhe politike.<\/p>\n<p>P\u00ebr fatin e mir\u00eb, kjo pjes\u00ebmarrje \u00ebsht\u00eb palca e Partis\u00eb Demokratike.<\/p>\n<p>Ju jam mir\u00ebnjoh\u00ebs, sepse bashk\u00eb me ju kaluam 11 Majin. Nj\u00eb nga dit\u00ebt m\u00eb t\u00eb err\u00ebta t\u00eb t\u00eb demokracis\u00eb shqiptare. Ku n\u00eb biseda me ju, me miq, me doktor Berish\u00ebn dhe me ekipin e Partis\u00eb Demokratike, un\u00eb nuk i kam quajtur zgjedhje, po thjesht votime. Ku nj\u00eb kast\u00eb e krimit abuzoi me pushtetin, t\u00eb cil\u00ebt e ka kthyer pushtetin dhe shtetin n\u00eb nj\u00eb makineri elektorale. Ndaj jemi sot n\u00eb k\u00ebt\u00eb situat\u00eb ku jemi.<\/p>\n<p>Un\u00eb nuk do t\u00eb hyj n\u00eb detaje. Detajet i takojn\u00eb liderit t\u00eb Partis\u00eb Demokratike, p\u00ebr t&#8217;i trajtuar, p\u00ebr t&#8217;i shtjelluar. Por un\u00eb do t\u00eb kap dy-tre momente shum\u00eb t\u00eb r\u00ebnd\u00ebsishme p\u00ebr ekzistenc\u00ebn ton\u00eb. Ne e dim\u00eb mir\u00eb sot q\u00eb kush e shkruan historin\u00eb, manipulon opinionin.<\/p>\n<p>Si\u00e7 e dim\u00eb q\u00eb kush kontrollon mediat, p\u00ebr hir t\u00eb v\u00ebrtet\u00ebs, e mashtron opinionin. Shoq\u00ebria shqiptare n\u00eb t\u00eb dy rastet \u00ebsht\u00eb e mashtruar dhe e manipuluar. Dhe ne na takon detyra q\u00eb ta ringrejm\u00eb k\u00ebt\u00eb shoq\u00ebri. Dikush nga ju apo jasht\u00eb k\u00ebsaj salle, apo ato q\u00eb do t\u00eb na d\u00ebgjojn\u00eb apo na d\u00ebgjojn\u00eb, mund t\u00eb thot\u00eb, na jepni nj\u00eb arsye pse Partia Demokratike ju akoma vazhdoni ta trajtoni si shpres\u00eb. E trajtoj si shpres\u00eb, se ne kemi lindur n\u00eb mjedis t\u00eb guximit&#8221;, u shpreh Stafa.<\/p>\n","protected":false},"excerpt":{"rendered":"<p>Gjat\u00eb nj\u00eb takim t\u00eb mbajtur n\u00eb Man\u00ebz t\u00eb qarkut Durr\u00ebs n\u00eb prani t\u00eb liderit historik Sali Berisha, kreu lokal i PD Osman Stafa ka mbajtur nj\u00eb fjalim t\u00eb ashp\u00ebr ku ka analizuar situat\u00ebn aktuale politike dhe shoq\u00ebrore n\u00eb vend, duke theksuar se p\u00ebr qytetar\u00ebt shqiptar\u00eb kan\u00eb mbetur vet\u00ebm dy alternativa: p\u00ebrballja me regjimin ose largimi &hellip;<\/p>\n","protected":false},"author":4,"featured_media":132085,"comment_status":"closed","ping_status":"closed","sticky":false,"template":"","format":"standard","meta":{"footnotes":""},"categories":[37],"tags":[],"class_list":["post-132084","post","type-post","status-publish","format-standard","has-post-thumbnail","","category-politike"],"_links":{"self":[{"href":"https:\/\/rdnews.al\/index.php\/wp-json\/wp\/v2\/posts\/132084","targetHints":{"allow":["GET"]}}],"collection":[{"href":"https:\/\/rdnews.al\/index.php\/wp-json\/wp\/v2\/posts"}],"about":[{"href":"https:\/\/rdnews.al\/index.php\/wp-json\/wp\/v2\/types\/post"}],"author":[{"embeddable":true,"href":"https:\/\/rdnews.al\/index.php\/wp-json\/wp\/v2\/users\/4"}],"replies":[{"embeddable":true,"href":"https:\/\/rdnews.al\/index.php\/wp-json\/wp\/v2\/comments?post=132084"}],"version-history":[{"count":1,"href":"https:\/\/rdnews.al\/index.php\/wp-json\/wp\/v2\/posts\/132084\/revisions"}],"predecessor-version":[{"id":132086,"href":"https:\/\/rdnews.al\/index.php\/wp-json\/wp\/v2\/posts\/132084\/revisions\/132086"}],"wp:featuredmedia":[{"embeddable":true,"href":"https:\/\/rdnews.al\/index.php\/wp-json\/wp\/v2\/media\/132085"}],"wp:attachment":[{"href":"https:\/\/rdnews.al\/index.php\/wp-json\/wp\/v2\/media?parent=132084"}],"wp:term":[{"taxonomy":"category","embeddable":true,"href":"https:\/\/rdnews.al\/index.php\/wp-json\/wp\/v2\/categories?post=132084"},{"taxonomy":"post_tag","embeddable":true,"href":"https:\/\/rdnews.al\/index.php\/wp-json\/wp\/v2\/tags?post=132084"}],"curies":[{"name":"wp","href":"https:\/\/api.w.org\/{rel}","templated":true}]}}