{"id":132087,"date":"2025-12-26T10:21:13","date_gmt":"2025-12-26T10:21:13","guid":{"rendered":"https:\/\/rdnews.al\/?p=132087"},"modified":"2025-12-26T10:21:13","modified_gmt":"2025-12-26T10:21:13","slug":"luku-rama-fshihet-pas-fustanit-te-ballukut-ka-nisur-numerimi-mbrapsht-per-te","status":"publish","type":"post","link":"https:\/\/rdnews.al\/index.php\/2025\/12\/26\/luku-rama-fshihet-pas-fustanit-te-ballukut-ka-nisur-numerimi-mbrapsht-per-te\/","title":{"rendered":"Luku: Rama fshihet pas fustanit t\u00eb Ballukut, ka nisur num\u00ebrimi mbrapsht p\u00ebr t\u00eb!"},"content":{"rendered":"<p>Nga takimi i radh\u00ebs i \u201cFoltores\u201d n\u00eb Man\u00ebz, deputetja e PD p\u00ebr qarkun e Durr\u00ebsit, Manjola Luku u shpreh se, ciklit t\u00eb Edi Ram\u00ebs n\u00eb pushtet i ka ardhur fundi, duke e cil\u00ebsuar regjimin e tij si nj\u00eb \u201cnarkoregjim\u201d po aq t\u00eb rreziksh\u00ebm sa ai i Putinit.<\/p>\n<p>Gjat\u00eb fjal\u00ebs s\u00eb saj, deputetja theksoi se rezistenca e demokrat\u00ebve ka filluar t\u00eb jap\u00eb frytet e para dhe se ka nisur num\u00ebrimi mbrapsht p\u00ebr Edi Ram\u00ebn dhe band\u00ebn e tij, duke u shprehur se mjafton t\u00eb shoh\u00ebsh nj\u00eb kryeminist\u00ebr q\u00eb fshihet pas fustanit t\u00eb Belinda Ballukut p\u00ebr t\u00eb kuptuar fundin e nj\u00eb autokrati pa lavdi.<\/p>\n<p><strong>Luku:<\/strong> T\u00eb nderuar t\u00eb pranish\u00ebm, zonja dhe zot\u00ebrinj, t\u00eb rinj e t\u00eb reja t\u00eb zon\u00ebs son\u00eb. I nderuar profesor doktor Sali Berisha.<\/p>\n<p>N\u00eb em\u00ebr t\u00eb elektoratit t\u00eb k\u00ebsaj zone, ju falenderoj q\u00eb ndales\u00ebn e radh\u00ebs vendoset ta b\u00ebni sot n\u00eb Man\u00ebz.<\/p>\n<p>Sot jemi d\u00ebshmitar\u00eb se sa e nevojshme ishte jo vet\u00ebm p\u00ebr Partin\u00eb Demokratike, por p\u00ebr vet\u00eb Shqip\u00ebrin\u00eb, nj\u00eb foltore e re. Jo nj\u00eb foltore p\u00ebr nj\u00eb parti, por nj\u00eb foltore p\u00ebr Shqip\u00ebrin\u00eb. Demokrat\u00ebt e k\u00ebsaj zone meritojn\u00eb mir\u00ebnjohjen ton\u00eb t\u00eb plot\u00eb p\u00ebr rezistenc\u00ebn q\u00eb treguan dhe p\u00ebr fisnik\u00ebrin\u00eb q\u00eb vulos\u00ebn me vot\u00eb m\u00eb 11 maj, ndaj vlerave m\u00eb t\u00eb mira q\u00eb p\u00ebrfaq\u00ebson partia jon\u00eb.<\/p>\n<p>Ju doktor, e dini po aq mir\u00eb sa ne se me \u00e7far\u00eb presioni, shantazhi e deri te dhuna u p\u00ebrmball\u00ebn nga narkopartia q\u00eb kemi p\u00ebrball\u00eb. Por rezistenca juaj si lider ishte frym\u00ebzimi yn\u00eb. Betejat tuaja t\u00eb drejta u b\u00ebn\u00eb udh\u00ebrr\u00ebfyesi i nd\u00ebrgjegjes son\u00eb politike.<\/p>\n<p>T\u00eb nderuar miq, lajmi i mir\u00eb \u00ebsht\u00eb se ciklit t\u00eb Edi Ram\u00ebs n\u00eb pushtet i ka ardhur fundi. Narkoregjimi i tij \u00ebsht\u00eb plot nj\u00eb problem madhor i trajtuar nga Europa dhe Shtetet e Bashkuara t\u00eb Amerik\u00ebs po aq i rreziksh\u00ebm sa regjimi i i Putinit.<\/p>\n<p>Z\u00ebri i doktor Berish\u00ebs dhe q\u00ebndresa jon\u00eb kan\u00eb dh\u00ebn\u00eb frytet e veta. Ajo q\u00eb m\u00eb 11 maj dukej si disfat\u00eb, sot \u00ebsht\u00eb dita kur nisi num\u00ebrimi mbrapsht p\u00ebr Edi Ram\u00ebn dhe band\u00ebn e tij. Mjafton t\u00eb shikoni nj\u00eb kryeminist\u00ebr q\u00eb fshihet pas fustanit t\u00eb Belinda Ballukut p\u00ebr t\u00eb kuptuar fundin e nj\u00eb autokrati pa lavdi.<\/p>\n<p>Ora e Shqip\u00ebris\u00eb s\u00eb lir\u00eb, ora e Shqip\u00ebris\u00eb s\u00eb lir\u00eb nga pushteti i Edi Ram\u00ebs po troket. Ne q\u00eb nuk u tremb\u00ebm m\u00eb 11 maj, nuk mund t\u00eb trembemi sot nga nj\u00eb fantazm\u00eb politike si Edi Rama. A nuk jemi d\u00ebshmitar\u00eb se edhe bashk\u00ebpun\u00ebtor\u00ebt e tij po e braktisin?<\/p>\n<p>Edi Rama e z\u00ebvend\u00ebsoi korrupsionin me vjedhjen. Dhe p\u00ebr k\u00ebt\u00eb ne duhet t\u00eb zotohemi se n\u00eb vitin 2026, ai nuk do t\u00eb jet\u00eb m\u00eb kryeminist\u00ebr. Para se t\u00eb p\u00ebrballet me drejt\u00ebsin\u00eb, ai duhet t\u00eb p\u00ebrballet me akuzat e qytetar\u00ebve.<\/p>\n<p>Sot, ne e akuzojm\u00eb Edi Ram\u00ebn p\u00ebr shpopullimin m\u00eb masiv q\u00eb ka njohur kjo tok\u00eb. E akuzojm\u00eb p\u00ebr shkat\u00ebrrimin e sistemit sh\u00ebndet\u00ebsor. E akuzojm\u00eb p\u00ebr degradimin e e arsimit. E akuzojm\u00eb sepse ai i ka b\u00ebr\u00eb Shqip\u00ebris\u00eb at\u00eb q\u00eb pushtuesit m\u00eb mizor\u00eb nuk ja kan\u00eb b\u00ebr\u00eb kurr\u00eb.<\/p>\n<p>Prandaj, t\u00eb nderuar miq, si nj\u00eb ogur i mir\u00eb pas Krishtlindjes, le ta shohim k\u00ebt\u00eb aksion politik si thirrjen p\u00ebr betej\u00ebn finale kund\u00ebr armikut m\u00eb t\u00eb eg\u00ebr t\u00eb Partis\u00eb Demokratike dhe Shqip\u00ebris\u00eb, Edi Rama.<\/p>\n<p>Doktor Berisha, ne q\u00eb jemi sot k\u00ebtu, qytetar\u00eb t\u00eb lir\u00eb t\u00eb k\u00ebtij vendi, e kemi marr\u00eb vendimin ton\u00eb. Edi Rama duhet t\u00eb shkarkohet! T\u00eb gjith\u00eb bashk\u00eb, t\u00eb gjith\u00eb t\u00eb vendosur, ju e dini rrug\u00ebn. Fitore!<\/p>\n<p>Ju falenderoj t\u00eb gjith\u00ebve dhe m\u00eb keni b\u00ebr\u00eb surpriz\u00eb shum\u00eb t\u00eb madhe.<\/p>\n","protected":false},"excerpt":{"rendered":"<p>Nga takimi i radh\u00ebs i \u201cFoltores\u201d n\u00eb Man\u00ebz, deputetja e PD p\u00ebr qarkun e Durr\u00ebsit, Manjola Luku u shpreh se, ciklit t\u00eb Edi Ram\u00ebs n\u00eb pushtet i ka ardhur fundi, duke e cil\u00ebsuar regjimin e tij si nj\u00eb \u201cnarkoregjim\u201d po aq t\u00eb rreziksh\u00ebm sa ai i Putinit. Gjat\u00eb fjal\u00ebs s\u00eb saj, deputetja theksoi se rezistenca &hellip;<\/p>\n","protected":false},"author":4,"featured_media":132088,"comment_status":"closed","ping_status":"closed","sticky":false,"template":"","format":"standard","meta":{"footnotes":""},"categories":[37],"tags":[],"class_list":["post-132087","post","type-post","status-publish","format-standard","has-post-thumbnail","","category-politike"],"_links":{"self":[{"href":"https:\/\/rdnews.al\/index.php\/wp-json\/wp\/v2\/posts\/132087","targetHints":{"allow":["GET"]}}],"collection":[{"href":"https:\/\/rdnews.al\/index.php\/wp-json\/wp\/v2\/posts"}],"about":[{"href":"https:\/\/rdnews.al\/index.php\/wp-json\/wp\/v2\/types\/post"}],"author":[{"embeddable":true,"href":"https:\/\/rdnews.al\/index.php\/wp-json\/wp\/v2\/users\/4"}],"replies":[{"embeddable":true,"href":"https:\/\/rdnews.al\/index.php\/wp-json\/wp\/v2\/comments?post=132087"}],"version-history":[{"count":1,"href":"https:\/\/rdnews.al\/index.php\/wp-json\/wp\/v2\/posts\/132087\/revisions"}],"predecessor-version":[{"id":132089,"href":"https:\/\/rdnews.al\/index.php\/wp-json\/wp\/v2\/posts\/132087\/revisions\/132089"}],"wp:featuredmedia":[{"embeddable":true,"href":"https:\/\/rdnews.al\/index.php\/wp-json\/wp\/v2\/media\/132088"}],"wp:attachment":[{"href":"https:\/\/rdnews.al\/index.php\/wp-json\/wp\/v2\/media?parent=132087"}],"wp:term":[{"taxonomy":"category","embeddable":true,"href":"https:\/\/rdnews.al\/index.php\/wp-json\/wp\/v2\/categories?post=132087"},{"taxonomy":"post_tag","embeddable":true,"href":"https:\/\/rdnews.al\/index.php\/wp-json\/wp\/v2\/tags?post=132087"}],"curies":[{"name":"wp","href":"https:\/\/api.w.org\/{rel}","templated":true}]}}