{"id":132092,"date":"2025-12-26T10:30:06","date_gmt":"2025-12-26T10:30:06","guid":{"rendered":"https:\/\/rdnews.al\/?p=132092"},"modified":"2025-12-26T10:30:52","modified_gmt":"2025-12-26T10:30:52","slug":"berisha-opozita-eshte-mbartesja-e-sovranitetit-mbartesja-e-vullnetit-te-zgjedhesve-qytetareve-te-lire","status":"publish","type":"post","link":"https:\/\/rdnews.al\/index.php\/2025\/12\/26\/berisha-opozita-eshte-mbartesja-e-sovranitetit-mbartesja-e-vullnetit-te-zgjedhesve-qytetareve-te-lire\/","title":{"rendered":"Berisha: Opozita \u00ebsht\u00eb mbart\u00ebsja e sovranitetit, e vullnetit t\u00eb zgjedh\u00ebsve, qytetar\u00ebve t\u00eb lir\u00eb&#8230;"},"content":{"rendered":"<p>Kryetari i PD, Sali Berisha, n\u00eb foltoren e mbajtur n\u00eb Manz\u00eb ka theksuar rolin jetik t\u00eb opozit\u00ebs n\u00eb nj\u00eb vend demokratik, duke e cil\u00ebsuar at\u00eb si mbart\u00ebsen e sovranitetit dhe t\u00eb vullnetit t\u00eb zgjedh\u00ebsve.<\/p>\n<p>N\u00eb fjal\u00ebn e tij, Berisha u shpreh se opozita e v\u00ebrtet\u00eb duhet t\u00eb jet\u00eb z\u00ebri i qytetar\u00ebve t\u00eb lir\u00eb, t\u00eb mbroj\u00eb interesat e tyre dhe t\u00eb mos shnd\u00ebrrohet n\u00eb nj\u00eb instrument t\u00eb pushtetit, nd\u00ebrsa n\u00ebnvizoi se p\u00ebrpjekjet p\u00ebr ta asgj\u00ebsuar opozit\u00ebn kan\u00eb d\u00ebshtuar p\u00ebrball\u00eb q\u00ebndres\u00ebs dhe mb\u00ebshtetjes qytetare.<\/p>\n<p><strong>Berisha:<\/strong> Nj\u00eb p\u00ebrsh\u00ebndetje v\u00ebllaz\u00ebrore shum\u00eb t\u00eb p\u00ebrzem\u00ebrt p\u00ebr t\u00eb gjith\u00eb ju, p\u00ebr t\u00eb gjith\u00eb banor\u00ebt e Manz\u00ebs, Sukthit, Durr\u00ebsit dhe mbar\u00eb Shqip\u00ebris\u00eb dhe nga zemra ju uroj fest\u00ebn e Vitit t\u00eb Ri, Krishtlindjet, uroj festa t\u00eb tjera, s\u00eb bashku t\u2019i festojm\u00eb, t\u2019i kremtojm\u00eb si\u00e7 e meritojm\u00eb.<\/p>\n<p>Kam ardhur sot tek ju, me k\u00ebt\u00eb Foltore q\u00eb po quhet Foltorja e 2-t\u00eb, dhe n\u00eb fat \u00ebsht\u00eb e dyta. N\u00eb qoft\u00eb se, Foltorja e Par\u00eb pati q\u00ebllimin m\u00eb kryesor q\u00eb ju, q\u00eb shqiptar\u00ebt t\u00eb ken\u00eb opozit\u00eb t\u00eb v\u00ebrtet\u00eb, dhe jo opozit\u00eb false, q\u00eb ju mashtron, jo opozit\u00eb q\u00eb nuk mbron idealet dhe interesat tuaja, jo opozit\u00eb q\u00eb synon t\u00eb pasurohet vet\u00eb, jo opozit\u00eb jesmene t\u00eb qeveris\u00eb, as dhe t\u00eb kurrkujt tjet\u00ebr.<\/p>\n<p>Opozit\u00eb, q\u00eb ju i besoni idealet, i besoni shpres\u00ebn dhe q\u00eb ajo ju q\u00ebndron besnik ju. Kjo \u00ebsht\u00eb e nj\u00eb r\u00ebnd\u00ebsie jetike p\u00ebr nj\u00eb vend dhe p\u00ebr nj\u00eb komb. Opozita \u00ebsht\u00eb mbart\u00ebsja e sovraniteti brenda vendit. N\u00eb \u00e7\u2019kuptim? \u00cbsht\u00eb mbart\u00ebsja e vullnetit t\u00eb zgjedh\u00ebsve, qytetar\u00ebve t\u00eb lir\u00eb, t\u00eb cil\u00ebt votojn\u00eb p\u00ebr opozit\u00ebn dhe ajo q\u00ebndron e pamposhtur n\u00eb mbrojtje t\u00eb interesave t\u00eb tyre.<\/p>\n<p>\u00c7far\u00eb nuk u b\u00eb t\u00eb na zhduknin ne? Jeni d\u00ebshmitar\u00eb. Aktet m\u00eb t\u00eb paimagjinueshme, akte q\u00eb nuk jan\u00eb regjistruar n\u00eb Europ\u00eb ndonj\u00ebher\u00eb kund\u00ebr ndonj\u00eb force demokrate. Pse? Sepse ne mbronim vet\u00ebm k\u00ebt\u00eb. Ne mbronim iden\u00eb q\u00eb ju duhet t\u00eb zgjidhni kryetarin tuaj, drejtuesit tuaj. Ata duhet t\u2019ju p\u00ebrfaq\u00ebsojn\u00eb ju dhe jo t\u00eb kontrollohen nga qeveria apo t\u00eb kontrollohen nga t\u00eb tjer\u00eb. Kaq ishte.<\/p>\n<p>Na sulmuan n\u00eb t\u00eb gjitha m\u00ebnyrat, por d\u00ebshtuan. U ngrit\u00ebt s\u00eb bashku, si vigan\u00eb, n\u00eb nj\u00eb akt t\u00eb pashembullt n\u00eb histori, rezistuam padrejt\u00ebsit\u00eb m\u00eb t\u00eb m\u00ebdha. Erdh\u00ebm n\u00eb zgjedhje, zhvilluam fushat\u00ebn elektorale m\u00eb t\u00eb bukur, programin m\u00eb t\u00eb shk\u00eblqyer q\u00eb ka njohur ky vend, ekspertiz\u00ebn, m\u00eb t\u00eb madhe. Un\u00eb, kisha deklaruar n\u00eb m\u00ebnyrat m\u00eb t\u00eb p\u00ebrs\u00ebritura se, me Eid Ram\u00ebn nuk ka zgjedhje. Sepse kur nj\u00eb kryeminist\u00ebr vendos t\u00eb mos dor\u00ebzoj\u00eb pushtetin, ai pastaj ka t\u00eb gjitha mjetet n\u00eb dor\u00eb p\u00ebr t\u00eb shtypur vot\u00ebn, p\u00ebr t\u00eb manipuluar vot\u00ebn, p\u00ebr t\u00eb bler\u00eb vot\u00ebn.<\/p>\n","protected":false},"excerpt":{"rendered":"<p>Kryetari i PD, Sali Berisha, n\u00eb foltoren e mbajtur n\u00eb Manz\u00eb ka theksuar rolin jetik t\u00eb opozit\u00ebs n\u00eb nj\u00eb vend demokratik, duke e cil\u00ebsuar at\u00eb si mbart\u00ebsen e sovranitetit dhe t\u00eb vullnetit t\u00eb zgjedh\u00ebsve. N\u00eb fjal\u00ebn e tij, Berisha u shpreh se opozita e v\u00ebrtet\u00eb duhet t\u00eb jet\u00eb z\u00ebri i qytetar\u00ebve t\u00eb lir\u00eb, t\u00eb mbroj\u00eb &hellip;<\/p>\n","protected":false},"author":4,"featured_media":132093,"comment_status":"closed","ping_status":"closed","sticky":false,"template":"","format":"standard","meta":{"footnotes":""},"categories":[37],"tags":[],"class_list":["post-132092","post","type-post","status-publish","format-standard","has-post-thumbnail","","category-politike"],"_links":{"self":[{"href":"https:\/\/rdnews.al\/index.php\/wp-json\/wp\/v2\/posts\/132092","targetHints":{"allow":["GET"]}}],"collection":[{"href":"https:\/\/rdnews.al\/index.php\/wp-json\/wp\/v2\/posts"}],"about":[{"href":"https:\/\/rdnews.al\/index.php\/wp-json\/wp\/v2\/types\/post"}],"author":[{"embeddable":true,"href":"https:\/\/rdnews.al\/index.php\/wp-json\/wp\/v2\/users\/4"}],"replies":[{"embeddable":true,"href":"https:\/\/rdnews.al\/index.php\/wp-json\/wp\/v2\/comments?post=132092"}],"version-history":[{"count":2,"href":"https:\/\/rdnews.al\/index.php\/wp-json\/wp\/v2\/posts\/132092\/revisions"}],"predecessor-version":[{"id":132095,"href":"https:\/\/rdnews.al\/index.php\/wp-json\/wp\/v2\/posts\/132092\/revisions\/132095"}],"wp:featuredmedia":[{"embeddable":true,"href":"https:\/\/rdnews.al\/index.php\/wp-json\/wp\/v2\/media\/132093"}],"wp:attachment":[{"href":"https:\/\/rdnews.al\/index.php\/wp-json\/wp\/v2\/media?parent=132092"}],"wp:term":[{"taxonomy":"category","embeddable":true,"href":"https:\/\/rdnews.al\/index.php\/wp-json\/wp\/v2\/categories?post=132092"},{"taxonomy":"post_tag","embeddable":true,"href":"https:\/\/rdnews.al\/index.php\/wp-json\/wp\/v2\/tags?post=132092"}],"curies":[{"name":"wp","href":"https:\/\/api.w.org\/{rel}","templated":true}]}}