{"id":132096,"date":"2025-12-26T10:34:23","date_gmt":"2025-12-26T10:34:23","guid":{"rendered":"https:\/\/rdnews.al\/?p=132096"},"modified":"2025-12-26T10:34:23","modified_gmt":"2025-12-26T10:34:23","slug":"dokumenti-avioni-i-erdogan-per-ramen-fature-1-miliarde-dollare-per-shqiptaret","status":"publish","type":"post","link":"https:\/\/rdnews.al\/index.php\/2025\/12\/26\/dokumenti-avioni-i-erdogan-per-ramen-fature-1-miliarde-dollare-per-shqiptaret\/","title":{"rendered":"Dokumenti\/ Avioni i Erdogan p\u00ebr Ram\u00ebn, fatur\u00eb 1 miliard\u00eb dollar\u00eb p\u00ebr shqiptar\u00ebt"},"content":{"rendered":"<p>Detaje t\u00eb reja kan\u00eb dal\u00eb n\u00eb drit\u00eb nga lajmi i publikuar nj\u00eb dit\u00eb m\u00eb par\u00eb n\u00eb media, se presidenti i Turqis\u00eb, Rexhep Taip Erdogan, i ka dhuruar nj\u00eb avion tip \u201cAirbus\u201d kryeministrit Edi Rama.<\/p>\n<p>Mediat turke kan\u00eb publikuar dit\u00ebn e sotme edhe dokumentet e k\u00ebsaj dhurat\u00eb t\u00eb beft\u00eb, q\u00eb mesa duket do t\u2019ju kushtoj\u00eb shtrenjt\u00eb taksapaguesve shqiptar\u00eb.<\/p>\n<p>Sipas dokumentit Shqip\u00ebria si p\u00ebrfitues i avionit detyrohet q\u00eb p\u00ebr nj\u00eb periudh\u00eb 24-mujore pas dor\u00ebzimit, ose deri n\u00eb kryerjen e rishikimit teknik t\u00eb par\u00eb, t\u00eb mbaj\u00eb n\u00eb fuqi sigurimin e p\u00ebrgjegj\u00ebsis\u00eb ligjore p\u00ebr avionin me kostot e veta.<\/p>\n<p>Pra, sigurimi i avionit do t\u00eb duhet t\u00eb mbuloj\u00eb nj\u00eb d\u00ebm deri n\u00eb 1 miliard dollar\u00eb, \u00e7ka do t\u00eb thot\u00eb se n\u00eb rast aksidenti, d\u00ebmi financiar ndaj pal\u00ebve t\u00eb treta mund t\u00eb d\u00ebmshp\u00ebrblehet deri n\u00eb k\u00ebt\u00eb shum\u00eb.<\/p>\n<p>\u201cKy sigurim do t\u00eb p\u00ebrfshij\u00eb dhuruesin dhe pal\u00ebt e mbrojtura nga p\u00ebrgjegj\u00ebsia si persona t\u00eb siguruar shtes\u00eb, me nj\u00eb limit t\u00eb vet\u00ebm t\u00eb kombinuar prej jo m\u00eb pak se 1.000.000.000 dollar\u00eb amerikan\u00eb (nj\u00eb miliard USD)\u201d, thekson nd\u00ebr t\u00eb tjera dokumenti.<\/p>\n<p>SPAK k\u00ebrkon arrestimin e Ballukut\/ A do t\u00eb mblidhet sot K\u00ebshilli i Mandateve?<br \/>\nMbetet p\u00ebr tu par\u00eb se p\u00ebr \u00e7far\u00eb do ta p\u00ebrdor\u00eb Edi Rama avionin, pasi kjo dhurat\u00eb vjen n\u00eb nj\u00eb koh\u00eb kur kompania e tij e besuar \u201cAir Albania\u201d ka shpallur falimentin duke mos siguruar m\u00eb udh\u00ebtime private p\u00ebr t\u00eb.<\/p>\n","protected":false},"excerpt":{"rendered":"<p>Detaje t\u00eb reja kan\u00eb dal\u00eb n\u00eb drit\u00eb nga lajmi i publikuar nj\u00eb dit\u00eb m\u00eb par\u00eb n\u00eb media, se presidenti i Turqis\u00eb, Rexhep Taip Erdogan, i ka dhuruar nj\u00eb avion tip \u201cAirbus\u201d kryeministrit Edi Rama. Mediat turke kan\u00eb publikuar dit\u00ebn e sotme edhe dokumentet e k\u00ebsaj dhurat\u00eb t\u00eb beft\u00eb, q\u00eb mesa duket do t\u2019ju kushtoj\u00eb shtrenjt\u00eb &hellip;<\/p>\n","protected":false},"author":4,"featured_media":132042,"comment_status":"closed","ping_status":"closed","sticky":false,"template":"","format":"standard","meta":{"footnotes":""},"categories":[37],"tags":[],"class_list":["post-132096","post","type-post","status-publish","format-standard","has-post-thumbnail","","category-politike"],"_links":{"self":[{"href":"https:\/\/rdnews.al\/index.php\/wp-json\/wp\/v2\/posts\/132096","targetHints":{"allow":["GET"]}}],"collection":[{"href":"https:\/\/rdnews.al\/index.php\/wp-json\/wp\/v2\/posts"}],"about":[{"href":"https:\/\/rdnews.al\/index.php\/wp-json\/wp\/v2\/types\/post"}],"author":[{"embeddable":true,"href":"https:\/\/rdnews.al\/index.php\/wp-json\/wp\/v2\/users\/4"}],"replies":[{"embeddable":true,"href":"https:\/\/rdnews.al\/index.php\/wp-json\/wp\/v2\/comments?post=132096"}],"version-history":[{"count":1,"href":"https:\/\/rdnews.al\/index.php\/wp-json\/wp\/v2\/posts\/132096\/revisions"}],"predecessor-version":[{"id":132097,"href":"https:\/\/rdnews.al\/index.php\/wp-json\/wp\/v2\/posts\/132096\/revisions\/132097"}],"wp:featuredmedia":[{"embeddable":true,"href":"https:\/\/rdnews.al\/index.php\/wp-json\/wp\/v2\/media\/132042"}],"wp:attachment":[{"href":"https:\/\/rdnews.al\/index.php\/wp-json\/wp\/v2\/media?parent=132096"}],"wp:term":[{"taxonomy":"category","embeddable":true,"href":"https:\/\/rdnews.al\/index.php\/wp-json\/wp\/v2\/categories?post=132096"},{"taxonomy":"post_tag","embeddable":true,"href":"https:\/\/rdnews.al\/index.php\/wp-json\/wp\/v2\/tags?post=132096"}],"curies":[{"name":"wp","href":"https:\/\/api.w.org\/{rel}","templated":true}]}}