{"id":132098,"date":"2025-12-26T10:39:34","date_gmt":"2025-12-26T10:39:34","guid":{"rendered":"https:\/\/rdnews.al\/?p=132098"},"modified":"2025-12-26T10:39:34","modified_gmt":"2025-12-26T10:39:34","slug":"berisha-zgjedhjet-nuk-u-fituan-nga-rama-u-grabiten-vota-u-ble-masivisht-me-parate-e-buxhetit-dhe-bandave-kriminale","status":"publish","type":"post","link":"https:\/\/rdnews.al\/index.php\/2025\/12\/26\/berisha-zgjedhjet-nuk-u-fituan-nga-rama-u-grabiten-vota-u-ble-masivisht-me-parate-e-buxhetit-dhe-bandave-kriminale\/","title":{"rendered":"Berisha: Zgjedhjet nuk u fituan nga Rama, u grabit\u00ebn! Vota u ble masivisht me parat\u00eb e buxhetit dhe bandave kriminale"},"content":{"rendered":"<p>Kryetari i PD, Sali Berisha, nga foltorja n\u00eb Man\u00ebz, deklaroi se zgjedhjet nuk u fituan nga kryeministri Edi Rama, por u grabit\u00ebn p\u00ebrmes blerjes masive t\u00eb vot\u00ebs, p\u00ebrdorimit t\u00eb parave publike dhe presionit t\u00eb bandave kriminale.<br \/>\nBerisha akuzoi qeverin\u00eb p\u00ebr shp\u00ebrndarje fondesh nga buxheti i shtetit, falje gjobash, aktivitete t\u00eb kushtueshme dhe p\u00ebrfshirje t\u00eb grupeve kriminale n\u00eb procesin zgjedhor, duke e cil\u00ebsuar procesin si nj\u00eb cenim t\u00eb r\u00ebnd\u00eb t\u00eb demokracis\u00eb dhe vullnetit t\u00eb lir\u00eb t\u00eb qytetar\u00ebve.<\/p>\n<p><strong>Berisha:<\/strong> T\u00eb dashur miq, zgjedhjet e vitit 2001 p\u00ebrs\u00ebri ai vodhi vot\u00ebn. Nuk i fitoi. Nuk i fitoi. Ai n\u00eb 2021-shin nuk arrestoi lider\u00ebt e opozit\u00ebs. Jo. Ai n\u00eb 2021-shin nuk fali 2 miliard\u00eb gjoba dy dit\u00eb para dhe kamata dy dit\u00eb para votimit. Ai n\u00eb 2021-shin nuk licencoi mbjelljen 28.000 hektar\u00ebve kanabis.<br \/>\nNuk shp\u00ebrndau 100 euro p\u00ebr pensionist\u00eb. E megjithat\u00eb, ai i grabiti zgjedhjet, sepse ai shp\u00ebrndau, si\u00e7 jeni ju d\u00ebshmitar\u00eb, 130 milion\u00eb euro n\u00eb Tiran\u00eb, Durr\u00ebs, Kurbin, Lezh\u00eb dhe Kavaj\u00eb, d\u00ebmtime nga t\u00ebrmeti, por n\u00eb ligjin dhe rregullat e zgjedhjeve, nj\u00eb akt i till\u00eb p\u00ebrb\u00ebn blerje masive vote dhe s&#8217;mund ta b\u00ebnte.<br \/>\nPor \u00e7far\u00eb ndodhi? Prandaj kthehemi prap\u00eb tek, \u00e7far\u00eb ndodhi? Ai q\u00eb na drejtonte ne e thirra i thash\u00eb, shiko, b\u00ebra nj\u00eb shkrim t\u00eb pasnes\u00ebrmen e zgjedhjeve. Vota vdiq pa hyr\u00eb n\u00eb kuti. Se n\u00eb qoft\u00eb se i jep ti 130 milion\u00eb euro n\u00eb zona me popullat\u00eb m\u00eb t\u00eb dendur, ti e blen vot\u00ebn masivisht aty, vet\u00ebkuptohet. Diku 10.000, diku 5.000, diku 3.000, diku 20.000 e me radh\u00eb e me radh\u00eb, i mbushi me kontot me lek\u00eb.<br \/>\nTani i them, duhet t\u00eb nisim betej\u00ebn p\u00ebr mbrojtjen e vot\u00ebs. Dhe ajo ishte jetike p\u00ebr ne. Pse ishte jetike p\u00ebr ne? Beteja t\u00eb padrejta nuk mund t\u00eb b\u00ebsh. Zgjedhjet jan\u00eb sa komb\u00ebtare, aq dhe nd\u00ebrkomb\u00ebtare. N\u00eb kuptimin q\u00eb, sa i vler\u00ebson ti, i vler\u00ebsojn\u00eb dhe ata q\u00eb vijn\u00eb nga mbar\u00eb bota n\u00eb em\u00ebr t\u00eb ligjit nd\u00ebrkomb\u00ebtar, marr\u00ebveshjeve q\u00eb ka firmosur Shqip\u00ebria p\u00ebr t&#8217;i v\u00ebzhguar ato.<br \/>\nIsh-kryetari, n\u00eb vend se t\u00eb merrej me grabitjen e vot\u00ebs q\u00eb b\u00ebri kryeministri, u mor me mua, u mor me partin\u00eb. sepse ishte n\u00eb marr\u00ebveshje me t\u00eb. Ishte n\u00eb marr\u00ebveshje me t\u00eb. Harroi<br \/>\n\u00e7far\u00eb b\u00ebri qeveria.<br \/>\nPastaj filloi, s&#8217;dua t\u00eb ndalem k\u00ebtu, periudha kalvari n\u00eb t\u00eb cil\u00ebn kaloi Partia Demokratike. Por Partia Demokratike me dat\u00ebn 11 maj nuk humbiste kurr\u00eb zgjedhjet. Kurr\u00eb! N\u00eb qoft\u00eb se Edi Rama s&#8217;do t\u00eb, s&#8217;do t\u00eb jepte dy, nuk do falte 2 miliard\u00eb euro gjoba dhe kamata dy dit\u00eb para zgjedhjeve. Nuk do organizonte 4533 veprimtari komb\u00ebtare dhe nd\u00ebrkomb\u00ebtare p\u00ebr t\u00eb ndikuar tek zgjedh\u00ebsit n\u00eb kund\u00ebrshtim me ligjin, t\u00eb cilat kan\u00eb patur kosto qindra e qindra miliona. Vet\u00ebm dit\u00ebn e zgjedhjeve, \u2018Giro d&#8217;Italia\u2019, dit\u00ebn e zgjedhjeve, 7 milion\u00eb euro, organizat\u00eb private.<br \/>\nPartia Demokratike do fitonte zgjedhjet, n\u00eb qoft\u00eb se Edi Rama nuk do shp\u00ebrndante 100 euro p\u00ebr 760.000 votues. N\u00eb qoft\u00eb se Edi Rama s&#8217;do mobilizonte rrog\u00ebtar\u00ebt e shtetit q\u00eb jan\u00eb sh\u00ebrb\u00ebtor\u00ebt tuaj, nuk do mobilizonte p\u00ebr t\u00eb grabitur votat tuaja, p\u00ebr t\u00eb k\u00ebrc\u00ebnuar ju.<br \/>\nPartia Demokratike do fitonte zgjedhjet, n\u00eb qoft\u00eb se bandat nd\u00ebr m\u00eb t\u00eb rrezikshmet n\u00eb Europ\u00eb, nd\u00ebr m\u00eb t\u00eb fuqishmet n\u00eb Europ\u00eb, kartel\u00ebt e drog\u00ebs, Troplin\u00ebt, Suel \u00c7ela, Bajr\u00ebt dhe me radh\u00eb nuk do nxirrnin hanxhar\u00ebt e krimit kund\u00ebr zgjedh\u00ebsve dhe t\u00eb diktonin atyre vot\u00ebn.<br \/>\nNuk do t\u00eb p\u00ebrdornin parat\u00eb e krimit p\u00ebr t\u00eb bler\u00eb vot\u00eb.<br \/>\nPor miq, 21-shi s&#8217;mund t\u00eb p\u00ebrs\u00ebritej m\u00eb. Jo. Ai b\u00ebri k\u00ebto dhe ne q\u00ebndruam me vendosm\u00ebri absolute. Ai b\u00ebri gjith\u00e7ka t\u00eb ndryshonte raportin e v\u00ebzhguesve nd\u00ebrkomb\u00ebtar\u00eb, raport i cili n\u00eb nj\u00eb far\u00eb m\u00ebnyre \u00ebsht\u00eb gjykimi, \u00ebsht\u00eb ligji nd\u00ebrkomb\u00ebtar p\u00ebr zgjedhjet e atij vendi ku zhvillohet. D\u00ebshtoi, i k\u00ebrc\u00ebnoi ata, p\u00ebrdori t\u00eb gjitha format, telefonata me kryeministra, me ministra e t\u00eb tjera e t\u00eb tjera me radh\u00eb, por ne gjithashtu b\u00ebm\u00eb gjith\u00e7ka dhe ne s&#8217;kishim asgj\u00eb tjet\u00ebr n\u00eb dor\u00eb p\u00ebrve\u00e7 fakteve t\u00eb v\u00ebrtetave q\u00eb sillnit ju p\u00ebr zgjedhjet. Ato ne i paraqit\u00ebm kudo.<br \/>\nAto ne i paraqit\u00ebm kudo dhe zgjedhjet u damkos\u00ebn me t\u00eb gjitha k\u00ebto q\u00eb un\u00eb ju thash\u00eb m\u00eb par\u00eb. Kjo kishte nj\u00eb r\u00ebnd\u00ebsi t\u00eb jasht\u00ebzakonshme p\u00ebr ne.<\/p>\n","protected":false},"excerpt":{"rendered":"<p>Kryetari i PD, Sali Berisha, nga foltorja n\u00eb Man\u00ebz, deklaroi se zgjedhjet nuk u fituan nga kryeministri Edi Rama, por u grabit\u00ebn p\u00ebrmes blerjes masive t\u00eb vot\u00ebs, p\u00ebrdorimit t\u00eb parave publike dhe presionit t\u00eb bandave kriminale. Berisha akuzoi qeverin\u00eb p\u00ebr shp\u00ebrndarje fondesh nga buxheti i shtetit, falje gjobash, aktivitete t\u00eb kushtueshme dhe p\u00ebrfshirje t\u00eb grupeve &hellip;<\/p>\n","protected":false},"author":4,"featured_media":132099,"comment_status":"closed","ping_status":"closed","sticky":false,"template":"","format":"standard","meta":{"footnotes":""},"categories":[37],"tags":[],"class_list":["post-132098","post","type-post","status-publish","format-standard","has-post-thumbnail","","category-politike"],"_links":{"self":[{"href":"https:\/\/rdnews.al\/index.php\/wp-json\/wp\/v2\/posts\/132098","targetHints":{"allow":["GET"]}}],"collection":[{"href":"https:\/\/rdnews.al\/index.php\/wp-json\/wp\/v2\/posts"}],"about":[{"href":"https:\/\/rdnews.al\/index.php\/wp-json\/wp\/v2\/types\/post"}],"author":[{"embeddable":true,"href":"https:\/\/rdnews.al\/index.php\/wp-json\/wp\/v2\/users\/4"}],"replies":[{"embeddable":true,"href":"https:\/\/rdnews.al\/index.php\/wp-json\/wp\/v2\/comments?post=132098"}],"version-history":[{"count":1,"href":"https:\/\/rdnews.al\/index.php\/wp-json\/wp\/v2\/posts\/132098\/revisions"}],"predecessor-version":[{"id":132100,"href":"https:\/\/rdnews.al\/index.php\/wp-json\/wp\/v2\/posts\/132098\/revisions\/132100"}],"wp:featuredmedia":[{"embeddable":true,"href":"https:\/\/rdnews.al\/index.php\/wp-json\/wp\/v2\/media\/132099"}],"wp:attachment":[{"href":"https:\/\/rdnews.al\/index.php\/wp-json\/wp\/v2\/media?parent=132098"}],"wp:term":[{"taxonomy":"category","embeddable":true,"href":"https:\/\/rdnews.al\/index.php\/wp-json\/wp\/v2\/categories?post=132098"},{"taxonomy":"post_tag","embeddable":true,"href":"https:\/\/rdnews.al\/index.php\/wp-json\/wp\/v2\/tags?post=132098"}],"curies":[{"name":"wp","href":"https:\/\/api.w.org\/{rel}","templated":true}]}}