{"id":132129,"date":"2025-12-26T11:56:39","date_gmt":"2025-12-26T11:56:39","guid":{"rendered":"https:\/\/rdnews.al\/?p=132129"},"modified":"2025-12-26T11:56:39","modified_gmt":"2025-12-26T11:56:39","slug":"bardhi-rama-dhe-peleshi-po-i-japin-kohe-ballukut-te-prishe-provat","status":"publish","type":"post","link":"https:\/\/rdnews.al\/index.php\/2025\/12\/26\/bardhi-rama-dhe-peleshi-po-i-japin-kohe-ballukut-te-prishe-provat\/","title":{"rendered":"Bardhi: Rama dhe Peleshi po i japin koh\u00eb Ballukut t\u00eb prish\u00eb provat!"},"content":{"rendered":"<p>Kreu i Grupit Parlamentar t\u00eb PD, Gazment Bardhi, n\u00eb nj\u00eb deklarat\u00eb p\u00ebr mediat tha se, shtyrja e mbledhjes s\u00eb K\u00ebshillit t\u00eb Mandateve nga mazhoranca nuk \u00ebsht\u00eb e rast\u00ebsishme.<\/p>\n<p>Ai akuzoi kryeministrin Edi Rama dhe kryetarin e Kuvendit, Niko Peleshi, se po p\u00ebrpiqen t\u2019i japin koh\u00eb Ballukut p\u00ebr t\u00eb ndikuar n\u00eb hetime, duke prishur prova dhe duke ushtruar presion mbi d\u00ebshmitar\u00ebt.<\/p>\n<p>\u201cMedia ka publikuar d\u00ebshmin\u00eb e vart\u00ebses s\u00eb Ballukut q\u00eb ka bashk\u00ebpunuar me SPAK p\u00ebr t\u00eb treguar se si \u00ebsht\u00eb zhvilluar procedura e tenderit t\u00eb tunelit t\u00eb Llogaras\u00eb. \u00cbsht\u00eb kjo vart\u00ebse q\u00eb \u00ebsht\u00eb intimiduar nga Balluku. Duke i dh\u00ebn\u00eb koh\u00eb Ballukut, po tentojn\u00eb t\u00eb prishin provat, t\u00eb intimidojn\u00eb d\u00ebshmitar\u00ebt dhe t\u00eb pengojn\u00eb drejt\u00ebsin\u00eb\u201d, tha Bardhi.<\/p>\n<p>N\u00eb Kryesin\u00eb e Kuvendit ka patur tensionim t\u00eb situat\u00ebs n\u00eb lidhje me k\u00ebrkes\u00ebn e SPAK p\u00ebr arrestimin e Belinda Ballukut.<\/p>\n<p>Pes\u00eb an\u00ebtar\u00ebt demokrat\u00eb t\u00eb K\u00ebshillit t\u00eb Mandateve jan\u00eb paraqitur n\u00eb kuvend pasi kan\u00eb k\u00ebrkuar q\u00eb mbledhja t\u00eb zhvillohet sot dhe t\u00eb shqyrtohet k\u00ebrkesa e SPAK p\u00ebr Ballukun, por pala socialiste nuk \u00ebsht\u00eb paraqitur.<\/p>\n<p>Niko Peleshi u ka mbyllur der\u00ebn deputet\u00ebve t\u00eb PD, duke penguar k\u00ebshtu zhvillimin e mbledhjes, nd\u00ebrsa kan\u00eb ngritur akuza se po k\u00ebrkohet koh\u00eb q\u00eb Balluku t\u00eb prish\u00eb provat.<\/p>\n<p>\u201cKuvendi \u00ebsht\u00eb bunkeri i Belinda ballukut ku mendojn\u00eb se do t\u00eb strehojn\u00eb \u00e7do t\u00eb korruptuar t\u00eb qeveris\u00eb, mendojn\u00eb se do t\u00eb marrin peng drejt\u00ebisn\u00eb dhe a pengojn\u00eb t\u00eb b\u00ebj\u00eb detyr\u00eb e saj. E kan\u00eb gabim. M\u00eb s\u00eb pari kryetarin e kuvendit q\u00eb kthehet n\u00eb zyrtarin e dyt\u00eb t\u00eb lart\u00eb t\u00eb shtetit, q\u00eb e ka shnd\u00ebrruar zyrin e tij n\u00eb zyr\u00eb avokatie p\u00ebr ballukun, duke zvarritur nj\u00eb k\u00ebrkes\u00eb t\u00eb ngutshme t\u00eb Prokuroris\u00eb. K\u00ebta po tentojn\u00eb, duke i dh\u00ebn\u00eb koh\u00eb Ballukut t\u00eb intimidoj\u00eb cdo d\u00ebshmitar, t\u00eb prish\u00eb provat dhe t\u00eb marr\u00eb peng drejt\u00ebsin\u00eb. Ka nisur Peleshi nj\u00eb shkres\u00eb e kemi lexuar 5 her\u00eb dhe se kemi kuptuar se cfar\u00eb ka shkruar. \u00cbsht\u00eb gjuh\u00eb korrupsioni\u201d, u shpreh Gazment Bardhi.<\/p>\n","protected":false},"excerpt":{"rendered":"<p>Kreu i Grupit Parlamentar t\u00eb PD, Gazment Bardhi, n\u00eb nj\u00eb deklarat\u00eb p\u00ebr mediat tha se, shtyrja e mbledhjes s\u00eb K\u00ebshillit t\u00eb Mandateve nga mazhoranca nuk \u00ebsht\u00eb e rast\u00ebsishme. Ai akuzoi kryeministrin Edi Rama dhe kryetarin e Kuvendit, Niko Peleshi, se po p\u00ebrpiqen t\u2019i japin koh\u00eb Ballukut p\u00ebr t\u00eb ndikuar n\u00eb hetime, duke prishur prova dhe &hellip;<\/p>\n","protected":false},"author":4,"featured_media":94825,"comment_status":"closed","ping_status":"closed","sticky":false,"template":"","format":"standard","meta":{"footnotes":""},"categories":[37],"tags":[],"class_list":["post-132129","post","type-post","status-publish","format-standard","has-post-thumbnail","","category-politike"],"_links":{"self":[{"href":"https:\/\/rdnews.al\/index.php\/wp-json\/wp\/v2\/posts\/132129","targetHints":{"allow":["GET"]}}],"collection":[{"href":"https:\/\/rdnews.al\/index.php\/wp-json\/wp\/v2\/posts"}],"about":[{"href":"https:\/\/rdnews.al\/index.php\/wp-json\/wp\/v2\/types\/post"}],"author":[{"embeddable":true,"href":"https:\/\/rdnews.al\/index.php\/wp-json\/wp\/v2\/users\/4"}],"replies":[{"embeddable":true,"href":"https:\/\/rdnews.al\/index.php\/wp-json\/wp\/v2\/comments?post=132129"}],"version-history":[{"count":1,"href":"https:\/\/rdnews.al\/index.php\/wp-json\/wp\/v2\/posts\/132129\/revisions"}],"predecessor-version":[{"id":132130,"href":"https:\/\/rdnews.al\/index.php\/wp-json\/wp\/v2\/posts\/132129\/revisions\/132130"}],"wp:featuredmedia":[{"embeddable":true,"href":"https:\/\/rdnews.al\/index.php\/wp-json\/wp\/v2\/media\/94825"}],"wp:attachment":[{"href":"https:\/\/rdnews.al\/index.php\/wp-json\/wp\/v2\/media?parent=132129"}],"wp:term":[{"taxonomy":"category","embeddable":true,"href":"https:\/\/rdnews.al\/index.php\/wp-json\/wp\/v2\/categories?post=132129"},{"taxonomy":"post_tag","embeddable":true,"href":"https:\/\/rdnews.al\/index.php\/wp-json\/wp\/v2\/tags?post=132129"}],"curies":[{"name":"wp","href":"https:\/\/api.w.org\/{rel}","templated":true}]}}