{"id":132159,"date":"2025-12-27T11:13:48","date_gmt":"2025-12-27T11:13:48","guid":{"rendered":"https:\/\/rdnews.al\/?p=132159"},"modified":"2025-12-27T11:13:48","modified_gmt":"2025-12-27T11:13:48","slug":"foltorja-berisha-sot-ne-ora-1800-ne-korce","status":"publish","type":"post","link":"https:\/\/rdnews.al\/index.php\/2025\/12\/27\/foltorja-berisha-sot-ne-ora-1800-ne-korce\/","title":{"rendered":"Foltorja\/ Berisha sot n\u00eb ora 18:00 n\u00eb Kor\u00e7\u00eb!"},"content":{"rendered":"<p>Kryetari i PD, Sali Berisha njoftoi se Foltorja do t\u00eb ndalet sot n\u00eb Kor\u00e7\u00eb. N\u00eb nj\u00eb postim online, Berisha shkruan se takimi do zhvillohet n\u00eb or\u00ebn 18:00.<\/p>\n<p>Nd\u00ebrkoh\u00eb, Berisha postoi edhe nj\u00eb mesazh nga foltorja e fundit.<\/p>\n<p>\u201cHyjm\u00eb n\u00eb vitin 2026 me nj\u00eb mision, si misionar\u00eb, si fatm\u00ebdhenj q\u00eb kemi mund\u00ebsi t\u00eb p\u00ebrmbysim nj\u00eb diktatur\u00eb t\u00eb dyt\u00eb n\u00eb Shqip\u00ebri\u201d, shkruan Berisha.<\/p>\n<p>&nbsp;<\/p>\n","protected":false},"excerpt":{"rendered":"<p>Kryetari i PD, Sali Berisha njoftoi se Foltorja do t\u00eb ndalet sot n\u00eb Kor\u00e7\u00eb. N\u00eb nj\u00eb postim online, Berisha shkruan se takimi do zhvillohet n\u00eb or\u00ebn 18:00. Nd\u00ebrkoh\u00eb, Berisha postoi edhe nj\u00eb mesazh nga foltorja e fundit. \u201cHyjm\u00eb n\u00eb vitin 2026 me nj\u00eb mision, si misionar\u00eb, si fatm\u00ebdhenj q\u00eb kemi mund\u00ebsi t\u00eb p\u00ebrmbysim nj\u00eb diktatur\u00eb &hellip;<\/p>\n","protected":false},"author":4,"featured_media":132105,"comment_status":"closed","ping_status":"closed","sticky":false,"template":"","format":"standard","meta":{"footnotes":""},"categories":[37],"tags":[],"class_list":["post-132159","post","type-post","status-publish","format-standard","has-post-thumbnail","","category-politike"],"_links":{"self":[{"href":"https:\/\/rdnews.al\/index.php\/wp-json\/wp\/v2\/posts\/132159","targetHints":{"allow":["GET"]}}],"collection":[{"href":"https:\/\/rdnews.al\/index.php\/wp-json\/wp\/v2\/posts"}],"about":[{"href":"https:\/\/rdnews.al\/index.php\/wp-json\/wp\/v2\/types\/post"}],"author":[{"embeddable":true,"href":"https:\/\/rdnews.al\/index.php\/wp-json\/wp\/v2\/users\/4"}],"replies":[{"embeddable":true,"href":"https:\/\/rdnews.al\/index.php\/wp-json\/wp\/v2\/comments?post=132159"}],"version-history":[{"count":1,"href":"https:\/\/rdnews.al\/index.php\/wp-json\/wp\/v2\/posts\/132159\/revisions"}],"predecessor-version":[{"id":132160,"href":"https:\/\/rdnews.al\/index.php\/wp-json\/wp\/v2\/posts\/132159\/revisions\/132160"}],"wp:featuredmedia":[{"embeddable":true,"href":"https:\/\/rdnews.al\/index.php\/wp-json\/wp\/v2\/media\/132105"}],"wp:attachment":[{"href":"https:\/\/rdnews.al\/index.php\/wp-json\/wp\/v2\/media?parent=132159"}],"wp:term":[{"taxonomy":"category","embeddable":true,"href":"https:\/\/rdnews.al\/index.php\/wp-json\/wp\/v2\/categories?post=132159"},{"taxonomy":"post_tag","embeddable":true,"href":"https:\/\/rdnews.al\/index.php\/wp-json\/wp\/v2\/tags?post=132159"}],"curies":[{"name":"wp","href":"https:\/\/api.w.org\/{rel}","templated":true}]}}