{"id":132190,"date":"2025-12-27T18:32:26","date_gmt":"2025-12-27T18:32:26","guid":{"rendered":"https:\/\/rdnews.al\/?p=132190"},"modified":"2025-12-27T18:32:44","modified_gmt":"2025-12-27T18:32:44","slug":"ivi-kaso-eshte-koha-per-te-permbysur-neo-diktaturen-dhe-per-te-rikthyer-shpresen","status":"publish","type":"post","link":"https:\/\/rdnews.al\/index.php\/2025\/12\/27\/ivi-kaso-eshte-koha-per-te-permbysur-neo-diktaturen-dhe-per-te-rikthyer-shpresen\/","title":{"rendered":"Ivi Kaso: Esht\u00eb koha p\u00ebr t\u00eb p\u00ebrmbysur neo-diktatur\u00ebn dhe p\u00ebr t\u00eb rikthyer shpres\u00ebn"},"content":{"rendered":"<p>Drejtuesi\u00a0demokrat i PD i qarkut t\u00eb Kor\u00e7\u00ebs, Ivi Kaso n\u00eb nj\u00eb fjalim t\u00eb mbajtur para an\u00ebtar\u00ebve dhe simpatizant\u00ebve, n\u00eb prani edhe t\u00eb liderit historik Sali Berisha, theksoi\u00a0se vendi ndodhet n\u00eb nj\u00eb udh\u00ebkryq kritik dhe se ka ardhur koha p\u00ebr &#8220;betej\u00ebn e fundit&#8221; p\u00ebr t\u00eb p\u00ebrmbysur &#8220;neo-diktatur\u00ebn&#8221;.<\/p>\n<p>N\u00eb foltoren e organizuar sot pasdite n\u00eb Kor\u00e7\u00eb, Kaso tha se Shqip\u00ebria ndodhet n\u00eb nj\u00eb situat\u00eb t\u00eb v\u00ebshtir\u00eb ku\u00a0&#8220;Krimi i organizuar ka kapur shtetin, zgjedhjet dhe t\u00eb gjitha institucionet dhe\u00a0\u00a0mbi 1 milion shqiptar\u00eb kan\u00eb l\u00ebn\u00eb vendin, nd\u00ebrsa varf\u00ebria dhe padrejt\u00ebsia i jan\u00eb b\u00ebr\u00eb pjes\u00eb e p\u00ebrditshm\u00ebris\u00eb. Prandaj,\u00a0PD-ja nuk mund t\u00eb rrij\u00eb duarkryq dhe \u00ebsht\u00eb\u00a0e vetmja shpres\u00eb dhe &#8220;instrumenti i vet\u00ebm politik dhe<\/p>\n<p><strong>Fjala e Ivi Kasos<\/strong><\/p>\n<p>T\u00eb nderuar demokrat\u00eb dhe themelues dhe funksionar\u00eb t\u00eb saj nd\u00ebr vite, t\u00eb dashur miq dhe qytetar\u00eb t\u00eb Kor\u00e7\u00ebs q\u00eb keni mbushur k\u00ebt\u00eb sall\u00eb plot.<\/p>\n<p>Jemi mbledhur sot k\u00ebtu p\u00ebr t\u00eb mir\u00ebpritur kryetarin e Partis\u00eb Demokratike doktor Berish\u00ebn, p\u00ebr t\u00eb bashk\u00ebbiseduar me t\u00eb p\u00ebr gjith\u00e7ka q\u00eb na mundon, por dhe na b\u00ebn bashk\u00eb dhe krenar\u00eb sot si demokrat\u00eb.<\/p>\n<p>N\u00eb nj\u00eb dit\u00eb q\u00eb \u00ebsht\u00eb e ve\u00e7ant\u00eb dhe simbolike p\u00ebr Partin\u00eb Demokratike t\u00eb deg\u00ebs s\u00eb Kor\u00e7\u00ebs, 27 dhjetorin q\u00eb p\u00ebrkon me 35 vjetorin e themelimit t\u00eb k\u00ebsaj dege.<\/p>\n<p>Mblidhemi pra sot bashkarisht, si\u00e7 jemi mbushur t\u00eb gjith\u00eb k\u00ebtu s\u00eb bashku n\u00eb k\u00ebt\u00eb sall\u00eb, p\u00ebr t\u00eb festuar nj\u00eb p\u00ebrvjetor t\u00eb jasht\u00ebzakonsh\u00ebm, nj\u00eb 35 vjetor n\u00eb nj\u00eb dit\u00eb si kjo kur 22 qytetar\u00eb kor\u00e7ar\u00eb me guxim dhe vizion, hodh\u00ebn themelet e nj\u00eb force politike q\u00eb do t\u00eb ndryshonte historin\u00eb e Shqip\u00ebris\u00eb.<\/p>\n<p>Ata nuk u bashkuan thjesht kund\u00ebr diktatur\u00ebs, por p\u00ebr nj\u00eb \u00ebnd\u00ebrr t\u00eb madhe, q\u00eb Shqip\u00ebria t\u00eb b\u00ebj\u00eb pjes\u00eb e Evrop\u00ebs s\u00eb vlerave, t\u00eb shtetit t\u00eb s\u00eb drejt\u00ebs, t\u00eb institucioneve q\u00eb funksionojn\u00eb dhe t\u00eb qytetar\u00ebve dinjitoz.<\/p>\n<p>Ky p\u00ebrvjetor \u00ebsht\u00eb nj\u00eb moment reflektimi dhe mir\u00ebnjohje p\u00ebr themeluesit, p\u00ebr \u00e7do demokrat q\u00eb ka sakrifikuar, por dhe p\u00ebr secilin prej jush dhe ne t\u00eb gjith\u00ebve q\u00eb sot e mbajm\u00eb gjall\u00eb k\u00ebt\u00eb flamur. Kjo sakrific\u00eb \u00ebsht\u00eb nj\u00eb d\u00ebshmi e forc\u00ebs dhe vitalitetit ton\u00eb, q\u00eb as p\u00ebrndjekjet dhe as p\u00ebrpjekjet p\u00ebr ta asgj\u00ebsuar k\u00ebt\u00eb forc\u00eb politike nuk e shuan dot.<\/p>\n<p>Ne s\u00eb bashku kemi kaluar sprova t\u00eb r\u00ebnda n\u00eb k\u00ebto vite. Kemi par\u00eb p\u00ebrpjekje p\u00ebr t\u00eb na rr\u00ebmbyer flamurin, vul\u00ebn, identitetin, por fal\u00eb rezistenc\u00ebs dhe sakrificave t\u00eb jasht\u00ebzakonshme, tuajat ve\u00e7an\u00ebrisht, sot jemi p\u00ebrs\u00ebri k\u00ebtu si alternativa kryesore p\u00ebr qeverisjen e nes\u00ebrme t\u00eb vendit.<\/p>\n<p>Por sot gjithashtu \u00ebsht\u00eb edhe nj\u00eb moment p\u00ebr t\u00eb par\u00eb realitetin. Pas 12 viteve t\u00eb nj\u00eb qeverisje t\u00eb korruptuar dhe t\u00eb kriminalizuar, mbi 1 milion shqiptar\u00eb kan\u00eb l\u00ebn\u00eb vendin, nd\u00ebrsa varf\u00ebria dhe padrejt\u00ebsia i jan\u00eb b\u00ebr\u00eb pjes\u00eb e p\u00ebrditshm\u00ebris\u00eb. Fermer\u00ebt jan\u00eb n\u00eb pik\u00eb t\u00eb hallit, industria \u00ebsht\u00eb shuar, t\u00eb rinjt\u00eb nuk gjejn\u00eb mb\u00ebshtetje, p\u00ebrve\u00e7se n\u00ebse b\u00ebhen patronazhist\u00eb t\u00eb pushtetit. Sistemi gjyq\u00ebsor \u00ebsht\u00eb i kolapsuar, krimi i organizuar ka kapur shtetin, ka kapur zgjedhjet, ka kapur t\u00eb gjitha institucionet. \u00cbndrra e themeluesve p\u00ebr nj\u00eb Shqip\u00ebri europiane duket sot p\u00ebr fat t\u00eb keq m\u00eb e larg\u00ebt se kurr\u00eb. E megjithat\u00eb, ende sot ka shpres\u00eb, dhe kjo shpres\u00eb \u00ebsht\u00eb Partia Demokratike e Shqip\u00ebris\u00eb.<\/p>\n<p>Ashtu si 35 vite m\u00eb par\u00eb, Partia Demokratike \u00ebsht\u00eb sot instrumenti i vet\u00ebm politik dhe shoq\u00ebror q\u00eb mund ta p\u00ebrmbys\u00eb k\u00ebt\u00eb gjendje. Ne nuk mund t\u00eb rrim\u00eb duarkryq edhe t\u00eb shohim, nd\u00ebrkoh\u00eb q\u00eb vendi zhb\u00ebhet. Ne nuk mund t\u00eb heshtim, nd\u00ebrkoh\u00eb q\u00eb historia na th\u00ebrret t\u00eb p\u00ebrmbushim misionin ton\u00eb, at\u00eb t\u00eb p\u00ebrmbysjes s\u00eb neo-diktatur\u00ebs. Ata q\u00eb nuk arrit\u00ebn t\u00eb na zhb\u00ebjn\u00eb, p\u00ebrkundrazi na b\u00ebn\u00eb m\u00eb t\u00eb fort\u00eb. Dhe sot ne jemi gati t\u00eb ofrojm\u00eb p\u00ebrs\u00ebri shqiptar\u00ebve rrug\u00ebn drejt qytetaris\u00eb, drejt zhvillimit ekonomik dhe drejt Evrop\u00ebs s\u00eb vlerave.<\/p>\n<p>T\u00eb dashur miq, ne kemi njohur fitore dhe disfata, dit\u00eb t\u00eb mira dhe dit\u00eb t\u00eb v\u00ebshtira, por sot \u00ebsht\u00eb koha p\u00ebr t\u00eb treguar edhe nj\u00eb her\u00eb vendosm\u00ebrin\u00eb ton\u00eb. \u00cbsht\u00eb koha p\u00ebr t\u00eb th\u00ebn\u00eb q\u00eb mjaft \u00ebsht\u00eb mjaft. \u00cbsht\u00eb koha p\u00ebr t\u00eb p\u00ebrmbysur neo-diktatur\u00ebn dhe p\u00ebr t\u00eb rikthyer shpres\u00ebn.<\/p>\n<p>Ky regjim \u00ebsht\u00eb n\u00eb dit\u00ebt e tij m\u00eb t\u00eb v\u00ebshtira.\u00a0Krimi e ka kalb\u00ebzuar, korrupsioni e ka zhveshur nga \u00e7do imunitet dhe nd\u00ebrkomb\u00ebtar\u00ebt m\u00eb n\u00eb fund po e shohin mbretin lakuriq ashtu si\u00e7 e shohin p\u00ebrdit\u00eb t\u00eb gjith\u00eb shqiptar\u00ebt. \u00c7do dit\u00eb q\u00eb kalon \u00ebsht\u00eb nj\u00eb dhimbje shtes\u00eb p\u00ebr vendin, prandaj nuk ka m\u00eb koh\u00eb p\u00ebr t\u00eb humbur. Ne nuk mund t\u00eb harxhojm\u00eb sot asnj\u00eb minut\u00eb me beteja t\u00eb kota midis vetes. As me teatre q\u00eb na serviren p\u00ebr t\u00eb shp\u00ebrq\u00ebndruar fokusin nga skandalet e jasht\u00ebzakonshme t\u00eb qeverisjes e t\u00eb bandit\u00ebve t\u00eb lidhur ngusht\u00eb me qeverisjen.<\/p>\n<p>Ne nuk kemi luksin q\u00eb t\u00eb vazhdojm\u00eb t\u00eb jemi akoma karremi i v\u00ebmendjes mediatike, duke sh\u00ebrbyer si alibi p\u00ebr t\u00eb mbuluar \u00e7do skandal t\u00eb v\u00ebrtet\u00eb. Secili prej nesh sot duhet t\u00eb ndihet n\u00eb mision, sepse kjo \u00ebsht\u00eb beteja jon\u00eb e fundit, beteja p\u00ebr t\u00eb rikthyer dinjitetin e qytetar\u00ebve, p\u00ebr t\u00eb rikthyer shpres\u00ebn e rinis\u00eb, p\u00ebr t\u00eb rikthyer Shqip\u00ebrin\u00eb n\u00eb rrug\u00ebn e saj europiane. Dhe nga kjo betej\u00eb ne nuk kthehemi p\u00ebrve\u00e7se me fitore.<\/p>\n<p>G\u00ebzuar 35 vjetorin, PD-ja Kor\u00e7\u00eb. Fitore, fitore, fitore!<\/p>\n<p>&nbsp;<\/p>\n","protected":false},"excerpt":{"rendered":"<p>Drejtuesi\u00a0demokrat i PD i qarkut t\u00eb Kor\u00e7\u00ebs, Ivi Kaso n\u00eb nj\u00eb fjalim t\u00eb mbajtur para an\u00ebtar\u00ebve dhe simpatizant\u00ebve, n\u00eb prani edhe t\u00eb liderit historik Sali Berisha, theksoi\u00a0se vendi ndodhet n\u00eb nj\u00eb udh\u00ebkryq kritik dhe se ka ardhur koha p\u00ebr &#8220;betej\u00ebn e fundit&#8221; p\u00ebr t\u00eb p\u00ebrmbysur &#8220;neo-diktatur\u00ebn&#8221;. N\u00eb foltoren e organizuar sot pasdite n\u00eb Kor\u00e7\u00eb, Kaso &hellip;<\/p>\n","protected":false},"author":4,"featured_media":132191,"comment_status":"closed","ping_status":"closed","sticky":false,"template":"","format":"standard","meta":{"footnotes":""},"categories":[37],"tags":[],"class_list":["post-132190","post","type-post","status-publish","format-standard","has-post-thumbnail","","category-politike"],"_links":{"self":[{"href":"https:\/\/rdnews.al\/index.php\/wp-json\/wp\/v2\/posts\/132190","targetHints":{"allow":["GET"]}}],"collection":[{"href":"https:\/\/rdnews.al\/index.php\/wp-json\/wp\/v2\/posts"}],"about":[{"href":"https:\/\/rdnews.al\/index.php\/wp-json\/wp\/v2\/types\/post"}],"author":[{"embeddable":true,"href":"https:\/\/rdnews.al\/index.php\/wp-json\/wp\/v2\/users\/4"}],"replies":[{"embeddable":true,"href":"https:\/\/rdnews.al\/index.php\/wp-json\/wp\/v2\/comments?post=132190"}],"version-history":[{"count":2,"href":"https:\/\/rdnews.al\/index.php\/wp-json\/wp\/v2\/posts\/132190\/revisions"}],"predecessor-version":[{"id":132193,"href":"https:\/\/rdnews.al\/index.php\/wp-json\/wp\/v2\/posts\/132190\/revisions\/132193"}],"wp:featuredmedia":[{"embeddable":true,"href":"https:\/\/rdnews.al\/index.php\/wp-json\/wp\/v2\/media\/132191"}],"wp:attachment":[{"href":"https:\/\/rdnews.al\/index.php\/wp-json\/wp\/v2\/media?parent=132190"}],"wp:term":[{"taxonomy":"category","embeddable":true,"href":"https:\/\/rdnews.al\/index.php\/wp-json\/wp\/v2\/categories?post=132190"},{"taxonomy":"post_tag","embeddable":true,"href":"https:\/\/rdnews.al\/index.php\/wp-json\/wp\/v2\/tags?post=132190"}],"curies":[{"name":"wp","href":"https:\/\/api.w.org\/{rel}","templated":true}]}}