{"id":132194,"date":"2025-12-27T18:37:00","date_gmt":"2025-12-27T18:37:00","guid":{"rendered":"https:\/\/rdnews.al\/?p=132194"},"modified":"2025-12-27T18:37:00","modified_gmt":"2025-12-27T18:37:00","slug":"berisha-lubi-balluku-nga-emigrante-ne-athine-u-be-me-300-apartamente-15-supermarkete-dhe-2-jahte","status":"publish","type":"post","link":"https:\/\/rdnews.al\/index.php\/2025\/12\/27\/berisha-lubi-balluku-nga-emigrante-ne-athine-u-be-me-300-apartamente-15-supermarkete-dhe-2-jahte\/","title":{"rendered":"Berisha: Lubi Balluku nga emigrante n\u00eb Athin\u00eb u b\u00eb me 300 apartamente, 15 supermarkete dhe 2 jahte"},"content":{"rendered":"<p>Kryetari i PD, Sali Berisha, gjat\u00eb fjal\u00ebs s\u00eb tij n\u00eb qytetin e Kor\u00e7\u00ebs, u shpreh se zv\/kryeministrja Belinda Balluku, e cila sipas tij m\u00eb par\u00eb ka punuar si emigrante n\u00eb Greqi, sot zot\u00ebron \u201cqindra apartamente, dy jahte dhe disa biznese\u201d, duke e lidhur k\u00ebt\u00eb me keqp\u00ebrdorimin e fondeve publike.<\/p>\n<p>Ai akuzoi kryeministrin Edi Rama se po pengon veprimet e drejt\u00ebsis\u00eb dhe se po refuzon heqjen e imunitetit, ndryshe nga ajo q\u00eb, sipas tij, ka ndodhur n\u00eb qeverisjet e m\u00ebparshme.<\/p>\n<p>\u201c300 apartamente, e shikoni ju. Lubia q\u00eb mezi siguronte buk\u00ebn n\u00eb rrug\u00ebt e Athin\u00ebs si babysiter, tani u vjedh shqiptar\u00ebve 300 apartamente. Dhe si, na nd\u00ebrtoje ti k\u00ebt\u00eb rrug\u00eb dhe do m\u2019i kthesh n\u00eb apartamente. Me dy jahte, me 15 supermarkete.<\/p>\n<p>Ai tani na thot\u00eb ne nuk ia heq imunitetin, gjykata s\u2019ka \u00e7\u2019i b\u00ebn, jo po ligji. Nj\u00eb sjellje e till\u00eb nuk ka ndodhur kurr\u00eb. Imagjinoni n\u00eb qeverisjen ton\u00eb, e kishim armike prokuroren, Ina Ram\u00ebn, por s\u2019na shkonte kurr\u00eb n\u00eb mendje q\u00eb t\u00eb mos hiqnim imunitetin e deputetit t\u00eb PD, kurr\u00eb, edhe pse ishte armike e eg\u00ebr.<\/p>\n<p><span style=\"font-weight: inherit;\">Ndodhi me Ilir Met\u00ebn, edhe pse ia montuan regjistrimit, po, un\u00eb kisha shkres\u00ebn. Ai dha dor\u00ebheqjen. Ajo ishte ndryshe, biznesmeni i thoshte se kishte humbur 700 mij\u00eb euro, Rama me at\u00eb tjetrin ia montuan sikur i k\u00ebrkonte Meta ato 700 mij\u00eb euro.<\/span><\/p>\n<p>Por ai dha dor\u00ebheqjen, ai tha se do e faktoj si qytetar i thjesht\u00eb, do shkoj n\u00eb prokurori. Kurse ky thot\u00eb jam kryeminist\u00ebr, do vjedh si\u00e7 kam vjedhur. Absolutisht do e p\u00ebrmbysim, si\u00e7 p\u00ebrmbys\u00ebm shtatoren e Enver Hoxh\u00ebs\u201d, tha Berisha.<\/p>\n","protected":false},"excerpt":{"rendered":"<p>Kryetari i PD, Sali Berisha, gjat\u00eb fjal\u00ebs s\u00eb tij n\u00eb qytetin e Kor\u00e7\u00ebs, u shpreh se zv\/kryeministrja Belinda Balluku, e cila sipas tij m\u00eb par\u00eb ka punuar si emigrante n\u00eb Greqi, sot zot\u00ebron \u201cqindra apartamente, dy jahte dhe disa biznese\u201d, duke e lidhur k\u00ebt\u00eb me keqp\u00ebrdorimin e fondeve publike. Ai akuzoi kryeministrin Edi Rama se &hellip;<\/p>\n","protected":false},"author":4,"featured_media":114805,"comment_status":"closed","ping_status":"closed","sticky":false,"template":"","format":"standard","meta":{"footnotes":""},"categories":[37],"tags":[],"class_list":["post-132194","post","type-post","status-publish","format-standard","has-post-thumbnail","","category-politike"],"_links":{"self":[{"href":"https:\/\/rdnews.al\/index.php\/wp-json\/wp\/v2\/posts\/132194","targetHints":{"allow":["GET"]}}],"collection":[{"href":"https:\/\/rdnews.al\/index.php\/wp-json\/wp\/v2\/posts"}],"about":[{"href":"https:\/\/rdnews.al\/index.php\/wp-json\/wp\/v2\/types\/post"}],"author":[{"embeddable":true,"href":"https:\/\/rdnews.al\/index.php\/wp-json\/wp\/v2\/users\/4"}],"replies":[{"embeddable":true,"href":"https:\/\/rdnews.al\/index.php\/wp-json\/wp\/v2\/comments?post=132194"}],"version-history":[{"count":1,"href":"https:\/\/rdnews.al\/index.php\/wp-json\/wp\/v2\/posts\/132194\/revisions"}],"predecessor-version":[{"id":132195,"href":"https:\/\/rdnews.al\/index.php\/wp-json\/wp\/v2\/posts\/132194\/revisions\/132195"}],"wp:featuredmedia":[{"embeddable":true,"href":"https:\/\/rdnews.al\/index.php\/wp-json\/wp\/v2\/media\/114805"}],"wp:attachment":[{"href":"https:\/\/rdnews.al\/index.php\/wp-json\/wp\/v2\/media?parent=132194"}],"wp:term":[{"taxonomy":"category","embeddable":true,"href":"https:\/\/rdnews.al\/index.php\/wp-json\/wp\/v2\/categories?post=132194"},{"taxonomy":"post_tag","embeddable":true,"href":"https:\/\/rdnews.al\/index.php\/wp-json\/wp\/v2\/tags?post=132194"}],"curies":[{"name":"wp","href":"https:\/\/api.w.org\/{rel}","templated":true}]}}