{"id":132204,"date":"2025-12-28T19:47:47","date_gmt":"2025-12-28T19:47:47","guid":{"rendered":"https:\/\/rdnews.al\/?p=132204"},"modified":"2025-12-28T19:47:47","modified_gmt":"2025-12-28T19:47:47","slug":"kater-dite-pa-uje-protestuesit-ne-vlore-perplasen-me-policine-dhe-pushtojne-teatrin","status":"publish","type":"post","link":"https:\/\/rdnews.al\/index.php\/2025\/12\/28\/kater-dite-pa-uje-protestuesit-ne-vlore-perplasen-me-policine-dhe-pushtojne-teatrin\/","title":{"rendered":"Kat\u00ebr dit\u00eb pa uj\u00eb\/ Protestuesit n\u00eb Vlor\u00eb p\u00ebrplasen me policin\u00eb dhe pushtojn\u00eb Teatrin"},"content":{"rendered":"<div class=\"xdj266r x14z9mp xat24cr x1lziwak x1vvkbs x126k92a\">\n<div dir=\"auto\">Qytetar\u00ebt jan\u00eb konflikuar me policin\u00eb mbr\u00ebmjen e sotme n\u00eb Vlor\u00eb, pasi po protestojn\u00eb p\u00ebr munges\u00ebn e ujit. Prej 4 dit\u00ebsh, qyteti i Vlor\u00ebs nuk ka pik\u00eb uji n\u00eb banesat apo bizneset e qytetar\u00ebve.<\/div>\n<div dir=\"auto\">Pas disa dit\u00ebsh pa furnizim me uj\u00eb t\u00eb pijsh\u00ebm, qindra qytetar\u00eb t\u00eb Vlor\u00ebs jan\u00eb ngritur n\u00eb protest\u00eb mbr\u00ebmjen e sotme, duke u grumbulluar para Teatrit \u201cPetro Marko\u201d, aty ku Bashkia e Vlor\u00ebs kishte organizuar nj\u00eb mbr\u00ebmje festive gala me rastin e festave t\u00eb fundvitit.<\/div>\n<\/div>\n<div class=\"x14z9mp xat24cr x1lziwak x1vvkbs xtlvy1s x126k92a\">\n<div dir=\"auto\">T\u00eb revoltuar nga situata dhe mungesa e zgjidhjes, protestuesit kan\u00eb hapur portat e teatrit dhe jan\u00eb futur brenda sall\u00ebs, duke e nd\u00ebrprer\u00eb aktivitetin e bashkis\u00eb. Gjat\u00eb protest\u00ebs jan\u00eb d\u00ebgjuar thirrje t\u00eb forta si \u201cDuam uj\u00eb\u201d dhe \u201cPosht\u00eb qeveria\u201d, nd\u00ebrsa qytetar\u00ebt k\u00ebrkonin q\u00eb kryetari i bashkis\u00eb t\u00eb dilte dhe t\u2019i takonte.<\/div>\n<\/div>\n<div class=\"x14z9mp xat24cr x1lziwak x1vvkbs xtlvy1s x126k92a\">\n<div dir=\"auto\">Salla e teatrit \u00ebsht\u00eb pushtuar nga protestuesit, t\u00eb cil\u00ebt shpreh\u00ebn hapur indinjat\u00ebn p\u00ebr faktin se, sipas tyre, nd\u00ebrkoh\u00eb q\u00eb qyteti vuan munges\u00ebn e ujit, bashkia organizon festa luksoze.<\/div>\n<\/div>\n<div class=\"x14z9mp xat24cr x1lziwak x1vvkbs xtlvy1s x126k92a\">\n<div dir=\"auto\">Protesta vjen n\u00eb nj\u00eb moment t\u00eb ndjesh\u00ebm p\u00ebr qytetin e Vlor\u00ebs, ku mungesa e ujit ka shkaktuar pak\u00ebnaq\u00ebsi t\u00eb madhe te banor\u00ebt, t\u00eb cil\u00ebt k\u00ebrkojn\u00eb zgjidhje konkrete dhe jo justifikime.<\/div>\n<\/div>\n","protected":false},"excerpt":{"rendered":"<p>Qytetar\u00ebt jan\u00eb konflikuar me policin\u00eb mbr\u00ebmjen e sotme n\u00eb Vlor\u00eb, pasi po protestojn\u00eb p\u00ebr munges\u00ebn e ujit. Prej 4 dit\u00ebsh, qyteti i Vlor\u00ebs nuk ka pik\u00eb uji n\u00eb banesat apo bizneset e qytetar\u00ebve. Pas disa dit\u00ebsh pa furnizim me uj\u00eb t\u00eb pijsh\u00ebm, qindra qytetar\u00eb t\u00eb Vlor\u00ebs jan\u00eb ngritur n\u00eb protest\u00eb mbr\u00ebmjen e sotme, duke u &hellip;<\/p>\n","protected":false},"author":3,"featured_media":132205,"comment_status":"closed","ping_status":"closed","sticky":false,"template":"","format":"standard","meta":{"footnotes":""},"categories":[37],"tags":[],"class_list":["post-132204","post","type-post","status-publish","format-standard","has-post-thumbnail","","category-politike"],"_links":{"self":[{"href":"https:\/\/rdnews.al\/index.php\/wp-json\/wp\/v2\/posts\/132204","targetHints":{"allow":["GET"]}}],"collection":[{"href":"https:\/\/rdnews.al\/index.php\/wp-json\/wp\/v2\/posts"}],"about":[{"href":"https:\/\/rdnews.al\/index.php\/wp-json\/wp\/v2\/types\/post"}],"author":[{"embeddable":true,"href":"https:\/\/rdnews.al\/index.php\/wp-json\/wp\/v2\/users\/3"}],"replies":[{"embeddable":true,"href":"https:\/\/rdnews.al\/index.php\/wp-json\/wp\/v2\/comments?post=132204"}],"version-history":[{"count":1,"href":"https:\/\/rdnews.al\/index.php\/wp-json\/wp\/v2\/posts\/132204\/revisions"}],"predecessor-version":[{"id":132206,"href":"https:\/\/rdnews.al\/index.php\/wp-json\/wp\/v2\/posts\/132204\/revisions\/132206"}],"wp:featuredmedia":[{"embeddable":true,"href":"https:\/\/rdnews.al\/index.php\/wp-json\/wp\/v2\/media\/132205"}],"wp:attachment":[{"href":"https:\/\/rdnews.al\/index.php\/wp-json\/wp\/v2\/media?parent=132204"}],"wp:term":[{"taxonomy":"category","embeddable":true,"href":"https:\/\/rdnews.al\/index.php\/wp-json\/wp\/v2\/categories?post=132204"},{"taxonomy":"post_tag","embeddable":true,"href":"https:\/\/rdnews.al\/index.php\/wp-json\/wp\/v2\/tags?post=132204"}],"curies":[{"name":"wp","href":"https:\/\/api.w.org\/{rel}","templated":true}]}}