{"id":132227,"date":"2025-12-28T21:59:55","date_gmt":"2025-12-28T21:59:55","guid":{"rendered":"https:\/\/rdnews.al\/?p=132227"},"modified":"2025-12-28T21:59:55","modified_gmt":"2025-12-28T21:59:55","slug":"mesazhi-i-albin-kurtit-pas-fitores-fitorja-me-e-madhe-ne-historine-e-vendit","status":"publish","type":"post","link":"https:\/\/rdnews.al\/index.php\/2025\/12\/28\/mesazhi-i-albin-kurtit-pas-fitores-fitorja-me-e-madhe-ne-historine-e-vendit\/","title":{"rendered":"Mesazhi i Albin Kurtit pas fitores\/ &#8220;Fitorja m\u00eb e madhe n\u00eb historin\u00eb e vendit&#8221;"},"content":{"rendered":"<div data-io-article-url=\"https:\/\/telegrafi.com\/kurti-presim-fitore-me-te-madhe-se-me-14-shkurt\/\">\n<div id=\"sPost_Default_Layout_0_0_22_0_0_7_0_3\" class=\"post-row-wrapper container_with_sidebar no-divider post-body-wrap row-wrapper clearfix \">\n<div class=\"row px20\">\n<div id=\"sPost_Default_Layout_0_0_22_0_0_7_0_3_0\" class=\"main-column col sm-mb-2 md-mb-4 s12 m12 l8\">\n<div id=\"sPost_Default_Layout_0_0_22_0_0_7_0_3_0_0\" class=\"post-with-sticky-share\">\n<div id=\"sPost_Default_Layout_0_0_22_0_0_7_0_3_0_0_0\" class=\"article-body\">\n<div id=\"sPost_Default_Layout_0_0_22_0_0_7_0_3_0_0_0_0\" class=\"mb-2 article\">\n<div class=\"posts-custom posts-custom-section section-holder clearfix\" data-block=\"None\" data-format=\"posts-custom\" data-source=\"current_post\" data-source-type=\"current_post\" data-source-unique=\"true\" data-section-id=\"\" data-is-reordable=\"false\" data-using-stickers=\"false\" data-has-more=\"false\" data-attr-format=\"posts-custom\" data-attr-posts_id=\"sPost_Default_Layout_0_0_22_0_0_7_0_3_0_0_0_0\" data-attr-layout_quality=\"5\" data-attr-header_template=\"jinja\/post\/custom-css.html\" data-attr-node_id=\"\/root\/blocks\/block[post_default_layout]\/abtests\/abtest[1]\/element_wrapper\/element_wrapper[1]\/row\/column[1]\/element_wrapper\/element_wrapper[1]\/current_post-\" data-attr-layout_all_headline_tag=\"h1\" data-attr-layout_all_subheadline_tag=\"h2\" data-attr-all_element_order=\"body,all_sections\" data-attr-layout_body=\"bottom\" data-attr-disable_a_tag=\"true\" data-attr-show_full_post_body=\"true\" data-attr-data-rm-advanced=\"true\" data-attr-use_smart_keep_reading=\"true\" data-attr-element_classes=\"article\" data-attr-all_share_buttons=\"Facebook,Twitter,Linkedin,Separator,Email,Tumblr,GooglePlus,Pinterest,Whatsapp,Reddit,CopyLink,Flipboard,SMS,Slack\" data-attr-layout_linkedin=\"inactive\" data-attr-layout_separator=\"inactive\" data-attr-layout_tumblr=\"inactive\" data-attr-layout_googleplus=\"inactive\" data-attr-layout_pinterest=\"inactive\" data-attr-layout_whatsapp=\"inactive\" data-attr-layout_reddit=\"inactive\" data-attr-layout_copylink=\"active\" data-attr-layout_flipboard=\"inactive\" data-attr-layout_sms=\"inactive\" data-attr-layout_slack=\"inactive\" data-attr-use_tag_image_for_lead_media=\"true\" data-attr-layout_all_image_crop=\"3x2\" data-attr-layout_all_date_format=\"%d\/%m\/%Y\" data-attr-layout_remove_image=\"true\" data-attr-layout_all_show_video=\"true\" data-attr-layout_all_sections=\"bottom\" data-attr-filters=\"\" data-attr-section_url=\"\" data-attr-source=\"\" data-attr-is_current_post=\"true\">\n<div class=\"posts-wrapper clearfix\">\n<div class=\"widget post-partial post-section--zgjedhjet\/parlamentare\" data-category=\"Parlamentare\">\n<article class=\"clearfix image-article sm-mb-1 quality-HD post-2674833587\" data-frozen-sections=\"[]\" data-category=\"Parlamentare\">\n<div class=\"row px10\">\n<div class=\"rm-col-center col sm-mb-1\">\n<div class=\"widget__body clearfix sm-mt-1\">\n<div class=\"body js-expandable clearfix js-listicle-body  css-listicle-body-2674833587\" data-headline=\"Kurti: Kjo \u00ebsht\u00eb fitorja m\u00eb e madhe n\u00eb historin\u00eb e vendit\">\n<div class=\"body-description\">\n<p>Kryetari i L\u00ebvizjes Vet\u00ebvendosje (LVV), Albin Kurti, ka dal\u00eb n\u00eb konferenc\u00eb p\u00ebr shtyp pas fitores s\u00eb LVV-s\u00eb n\u00eb zgjedhjet e fundit parlamentare, duke e cil\u00ebsuar rezultatin si historik dhe duke ftuar partit\u00eb opozitare p\u00ebr bashk\u00ebpunim n\u00eb Kuvendin e Kosov\u00ebs.<\/p>\n<p>Kurti ka deklaruar se kjo \u00ebsht\u00eb fitorja m\u00eb e madhe n\u00eb historin\u00eb e vendit, duke theksuar se rezultatet preliminare tregojn\u00eb se ajo mund t\u00eb tejkaloj\u00eb edhe fitoren e zgjedhjeve t\u00eb 14 shkurtit.<\/p>\n<p>\u201cM\u00eb 28 dhjetor 2025 fitoi populli i Kosov\u00ebs dhe Republika. Kjo \u00ebsht\u00eb fitorja m\u00eb e madhe n\u00eb historin\u00eb e vendit. Rezultati na tregon qart\u00eb se duhet t\u00eb ecim p\u00ebrpara pa vonesa, t\u00eb krijojm\u00eb institucionet sa m\u00eb shpejt dhe t\u00eb vazhdojm\u00eb pun\u00ebn e mir\u00eb dhe projektet e metejshme\u201d, ka deklaruar Kurti.<\/p>\n<p>Ai ka b\u00ebr\u00eb thirrje p\u00ebr bashk\u00ebpunim nd\u00ebrpartiak, ve\u00e7an\u00ebrisht p\u00ebr miratimin e ligjeve t\u00eb r\u00ebnd\u00ebsishme dhe ligjeve nd\u00ebrkomb\u00ebtare, duke theksuar rolin e Kuvendit n\u00eb funksionimin institucional t\u00eb vendit.<\/p>\n<p>&#8220;Ftoj partit\u00eb opozitare p\u00ebr bashk\u00ebpunim n\u00eb Kuvend p\u00ebr marr\u00ebveshjet nd\u00ebrkomb\u00ebtare, ligjet e mira q\u00eb do t\u2019i procedojm\u00eb dhe p\u00ebr interesin publik t\u00eb qytetar\u00ebve\u201d, tha Kurti.<\/p>\n<p>Kurti ka ftuar partit\u00eb opozitare q\u00eb t\u00eb kontribuojn\u00eb n\u00eb Kuvendin e Kosov\u00ebs p\u00ebr kalimin e ligjeve ky\u00e7e, duke theksuar se proceset e r\u00ebnd\u00ebsishme shtet\u00ebrore k\u00ebrkojn\u00eb dialog dhe p\u00ebrgjegj\u00ebsi t\u00eb p\u00ebrbashk\u00ebt.<\/p>\n<aside class=\"placeholder-a-block\">\n<div id=\"00000001-a6ecc0c0-6312-4451-be4d-24b5bb9a141c\" class=\"_ap_apex_ad article-in-content-ad\" data-section=\"00000001-a6ecc0c0-6312-4451-be4d-24b5bb9a141c\" data-orig-id=\"4212a905-7bff-4e73-929e-44a71ba2a3b7\" data-render-time=\"1766958995243\" data-ap-network=\"adpTags\" data-timeout=\"26\">\n<div id=\"ADP_48070_300x250_00000001-a6ecc0c0-6312-4451-be4d-24b5bb9a141c\" data-google-query-id=\"CJjy-pqj4ZEDFRg6BgAdSncOWw\">\n<div id=\"google_ads_iframe_\/103512698,22646657118\/ADP_48070_300X250_4212a905-7bff-4e73-929e-44a71ba2a3b7_0__container__\"><\/div>\n<\/div>\n<\/div>\n<\/aside>\n<div class=\"rm-embed embed-media\"><iframe loading=\"lazy\" src=\"https:\/\/www.facebook.com\/plugins\/video.php?height=314&amp;href=https%3A%2F%2Fwww.facebook.com%2Falbini2017%2Fvideos%2F1432170794937438%2F&amp;show_text=false&amp;width=560&amp;t=0\" width=\"560\" height=\"314\" frameborder=\"0\" scrolling=\"no\" allowfullscreen=\"allowfullscreen\" data-mce-fragment=\"1\"><\/iframe><\/div>\n<\/div>\n<\/div>\n<\/div>\n<\/div>\n<\/div>\n<\/article>\n<\/div>\n<\/div>\n<\/div>\n<\/div>\n<div>\n<div data-id=\"jBsDrr2VjZQa\">\n<div class=\"orp-player-wrapper orp-aspectRateFixed orp-player-ipm orp-player-ipm-hidden orp-force-hide-player\"><\/div>\n<\/div>\n<\/div>\n<\/div>\n<div id=\"sPost_Default_Layout_0_0_22_0_0_7_0_3_0_0_1\" class=\"article article-author-share\">\n<div class=\"post-date\"><\/div>\n<\/div>\n<\/div>\n<\/div>\n<div id=\"sPost_Default_Layout_0_0_22_0_0_7_0_3_1\" class=\"sidebar sticky-sidebar  col sm-mb-2 md-mb-4 s12 m12 l4\">\n<div id=\"sPost_Default_Layout_0_0_22_0_0_7_0_3_1_0_1_1_0\" class=\"sticky-item\">\n<div id=\"scomponentAdDiv_0_0_38_0_0_0_4_0\" class=\"placeholder-a-block  \">\n<div id=\"00000001-fccbfed1-6627-495d-8a34-aabb2cf66dea\" class=\"_ap_apex_ad\" data-section=\"00000001-fccbfed1-6627-495d-8a34-aabb2cf66dea\" data-orig-id=\"52d66032-20cc-4889-ba18-b7f5b2b8ca0f\" data-render-time=\"1766958995250\" data-ap-network=\"adpTags\" data-timeout=\"27\">\n<div id=\"ADP_48070_300x600_00000001-fccbfed1-6627-495d-8a34-aabb2cf66dea\" data-google-query-id=\"CJny-pqj4ZEDFRg6BgAdSncOWw\">\n<div id=\"google_ads_iframe_\/103512698,22646657118\/ADP_48070_300X600_52d66032-20cc-4889-ba18-b7f5b2b8ca0f_0__container__\"><\/div>\n<\/div>\n<\/div>\n<\/div>\n<\/div>\n<\/div>\n<div id=\"sPost_Default_Layout_0_0_22_0_0_7_0_3_2\" class=\"main-column col sm-mb-2 md-mb-4 s12 m12 l8\"><\/div>\n<\/div>\n<\/div>\n<\/div>\n<div id=\"sPost_Default_Layout_0_0_22_0_0_7_0_4\" class=\"container article-container\">\n<div id=\"sPost_Default_Layout_0_0_22_0_0_7_0_4_0\" class=\"post-row-wrapper container_with_sidebar no-divider post-body-wrap row-wrapper clearfix \">\n<div class=\"row px20\">\n<div id=\"sPost_Default_Layout_0_0_22_0_0_7_0_4_0_0\" class=\" col sm-mb-2 md-mb-4 s12 m12 l8\">\n<div id=\"sPost_Default_Layout_0_0_22_0_0_7_0_4_0_0_0\" class=\"post-with-sticky-share\">\n<div id=\"sPost_Default_Layout_0_0_22_0_0_7_0_4_0_0_0_0\" class=\"\"><\/div>\n<div id=\"sPost_Default_Layout_0_0_22_0_0_7_0_4_0_0_0_1\" class=\"mb-2 article-tags\">\n<div class=\"posts-custom posts-custom-section section-holder clearfix\" data-block=\"None\" data-format=\"posts-custom\" data-source=\"current_post\" data-source-type=\"current_post\" data-source-unique=\"true\" data-section-id=\"\" data-is-reordable=\"false\" data-using-stickers=\"false\" data-has-more=\"false\" data-attr-format=\"posts-custom\" data-attr-posts_id=\"sPost_Default_Layout_0_0_22_0_0_7_0_4_0_0_0_1\" data-attr-layout_quality=\"5\" data-attr-node_id=\"\/root\/blocks\/block[post_default_layout]\/abtests\/abtest[1]\/element_wrapper\/element_wrapper[1]\/element_wrapper[2]\/row\/column[1]\/element_wrapper\/current_post-\" data-attr-layout_all_headline_tag=\"h1\" data-attr-layout_all_subheadline_tag=\"h2\" data-attr-element_classes=\"article-tags\" data-attr-layout_tags=\"bottom\" data-attr-all_element_order=\"tags,post_shares\" data-attr-layout_remove_image=\"true\" data-attr-layout_post_shares=\"bottom\" data-attr-layout_linkedin=\"inactive\" data-attr-all_share_buttons=\"Facebook,Twitter,Linkedin,Separator,Email,Tumblr,GooglePlus,Pinterest,Whatsapp,Reddit,CopyLink,Flipboard,SMS,Slack\" data-attr-layout_separator=\"inactive\" data-attr-layout_tumblr=\"inactive\" data-attr-layout_googleplus=\"inactive\" data-attr-layout_pinterest=\"inactive\" data-attr-layout_whatsapp=\"inactive\" data-attr-layout_reddit=\"inactive\" data-attr-layout_copylink=\"active\" data-attr-layout_flipboard=\"inactive\" data-attr-layout_sms=\"inactive\" data-attr-layout_slack=\"inactive\" data-attr-filters=\"\" data-attr-section_url=\"\" data-attr-source=\"\" data-attr-is_current_post=\"true\">\n<div class=\"posts-wrapper clearfix\">\n<div class=\"widget post-partial post-section--zgjedhjet\/parlamentare\" data-category=\"Parlamentare\">\n<article class=\"clearfix image-article sm-mb-1 quality-HD post-2674833587\" data-frozen-sections=\"[]\" data-category=\"Parlamentare\">\n<div class=\"row px10\">\n<div class=\"rm-col-center col sm-mb-1\">\n<div class=\"widget__head\"><\/div>\n<div class=\"widget__body clearfix sm-mt-1\"><\/div>\n<\/div>\n<\/div>\n<\/article>\n<\/div>\n<\/div>\n<\/div>\n<\/div>\n<\/div>\n<\/div>\n<div id=\"sPost_Default_Layout_0_0_22_0_0_7_0_4_0_1\" class=\" col sm-mb-2 md-mb-4 s12 m12 l4\"><\/div>\n<\/div>\n<\/div>\n<div id=\"sPost_Default_Layout_0_0_22_0_0_7_0_4_3\" class=\"\">\n<div class=\"disqus_wrapper \"><\/div>\n<\/div>\n<\/div>\n","protected":false},"excerpt":{"rendered":"<p>Kryetari i L\u00ebvizjes Vet\u00ebvendosje (LVV), Albin Kurti, ka dal\u00eb n\u00eb konferenc\u00eb p\u00ebr shtyp pas fitores s\u00eb LVV-s\u00eb n\u00eb zgjedhjet e fundit parlamentare, duke e cil\u00ebsuar rezultatin si historik dhe duke ftuar partit\u00eb opozitare p\u00ebr bashk\u00ebpunim n\u00eb Kuvendin e Kosov\u00ebs. Kurti ka deklaruar se kjo \u00ebsht\u00eb fitorja m\u00eb e madhe n\u00eb historin\u00eb e vendit, duke theksuar &hellip;<\/p>\n","protected":false},"author":3,"featured_media":132229,"comment_status":"closed","ping_status":"closed","sticky":false,"template":"","format":"standard","meta":{"footnotes":""},"categories":[37],"tags":[],"class_list":["post-132227","post","type-post","status-publish","format-standard","has-post-thumbnail","","category-politike"],"_links":{"self":[{"href":"https:\/\/rdnews.al\/index.php\/wp-json\/wp\/v2\/posts\/132227","targetHints":{"allow":["GET"]}}],"collection":[{"href":"https:\/\/rdnews.al\/index.php\/wp-json\/wp\/v2\/posts"}],"about":[{"href":"https:\/\/rdnews.al\/index.php\/wp-json\/wp\/v2\/types\/post"}],"author":[{"embeddable":true,"href":"https:\/\/rdnews.al\/index.php\/wp-json\/wp\/v2\/users\/3"}],"replies":[{"embeddable":true,"href":"https:\/\/rdnews.al\/index.php\/wp-json\/wp\/v2\/comments?post=132227"}],"version-history":[{"count":1,"href":"https:\/\/rdnews.al\/index.php\/wp-json\/wp\/v2\/posts\/132227\/revisions"}],"predecessor-version":[{"id":132230,"href":"https:\/\/rdnews.al\/index.php\/wp-json\/wp\/v2\/posts\/132227\/revisions\/132230"}],"wp:featuredmedia":[{"embeddable":true,"href":"https:\/\/rdnews.al\/index.php\/wp-json\/wp\/v2\/media\/132229"}],"wp:attachment":[{"href":"https:\/\/rdnews.al\/index.php\/wp-json\/wp\/v2\/media?parent=132227"}],"wp:term":[{"taxonomy":"category","embeddable":true,"href":"https:\/\/rdnews.al\/index.php\/wp-json\/wp\/v2\/categories?post=132227"},{"taxonomy":"post_tag","embeddable":true,"href":"https:\/\/rdnews.al\/index.php\/wp-json\/wp\/v2\/tags?post=132227"}],"curies":[{"name":"wp","href":"https:\/\/api.w.org\/{rel}","templated":true}]}}