{"id":132231,"date":"2025-12-28T22:17:21","date_gmt":"2025-12-28T22:17:21","guid":{"rendered":"https:\/\/rdnews.al\/?p=132231"},"modified":"2025-12-28T22:18:27","modified_gmt":"2025-12-28T22:18:27","slug":"flet-i-riu-protestues-kryebashkiakja-ja-mbathi-te-tjeret-iken-nga-dyert-e-pasme-nuk-ndalemi","status":"publish","type":"post","link":"https:\/\/rdnews.al\/index.php\/2025\/12\/28\/flet-i-riu-protestues-kryebashkiakja-ja-mbathi-te-tjeret-iken-nga-dyert-e-pasme-nuk-ndalemi\/","title":{"rendered":"Flet i riu protestues\/ Kryebashkiakja ja mbathi, t\u00eb tjer\u00ebt ik\u00ebn nga dyert e pasme, nuk ndalemi"},"content":{"rendered":"<p><strong>Arlind BAJAJ<\/strong><\/p>\n<p>Ne mund t\u00eb ngrihemi!<\/p>\n<p>Me nj\u00eb thirrje t\u00eb menj\u00ebhershme nga qytetar\u00eb t\u00eb thjesht\u00eb t\u00eb Vlor\u00ebs dhe me mb\u00ebshtetjen e opozit\u00ebs, disa dhjet\u00ebra qytetar\u00eb arrit\u00ebn ta tmerrojn\u00eb kryetaren e caktuar nga \u201cShefi i MADH\u201d dhe personat q\u00eb q\u00ebndrojn\u00eb pas tij. Pas disa minutave protest\u00eb, qytetar\u00eb t\u00eb Vlor\u00ebs, burra, gra dhe familjar\u00eb arrit\u00ebn t\u00eb hyjn\u00eb n\u00eb shfaqjen e p\u00ebrgatitur nga klloun\u00ebt e Bashkis\u00eb Vlor\u00eb.<\/p>\n<p>Mir\u00ebpo, ndryshe nga net\u00ebt e dit\u00ebt e tjera kur ka pasur fest\u00eb e hare dhe kryetarja m\u00eb pak e votuar e Vlor\u00ebs ka qen\u00eb e para pjes\u00ebmarr\u00ebse, as nuk tentoi t\u00eb hynte p\u00ebr shkak t\u00eb tmerrit q\u00eb i shkaktuan protestuesit. Teksa t\u00eb tjer\u00eb frikacak\u00eb nga populli i tyre u larguan nga dyert e pasme t\u00eb Teatrit t\u00eb Vlor\u00ebs, i vetmi burr\u00eb i cili arrinte t\u00eb q\u00ebndronte ishte Sinan Idrizi. E th\u00ebn\u00eb \u201cburr\u00eb\u201d me \u201crr\u201d pasi mundi t\u00eb rrinte p\u00ebr arsyen e vetme se ishte pajisur mir\u00eb me trup\u00ebroja nga frika e protestuesve. Mir\u00ebpo, protestuesit n\u00eb asnj\u00eb moment nuk u provokuan as nga trup\u00ebrojat e k\u00ebtij burracaku, por as nga uniformat e policis\u00eb. Kjo, sepse protestuesit nuk ishin aspak t\u00eb dhunsh\u00ebm por thjesht t\u00eb irrituar nga pak\u00ebnaq\u00ebsia e madhe e k\u00ebtij problemi t\u00eb jasht\u00ebzakonsh\u00ebm n\u00eb qytetin e Vlor\u00ebs.<\/p>\n<p>Por protesta nuk u ndal k\u00ebtu. Pas pezullimit t\u00eb k\u00ebsaj nate t\u00eb turpshme t\u00eb organizuar nga kryetarja, qytetar\u00ebt u zhvendos\u00ebn p\u00ebrball\u00eb Teatrit \u201cPetro Marko\u201d, ku u arrit bllokimi i pjessh\u00ebm i arteries kryesore t\u00eb qytetit, bulevardit \u201cIsmail Qemali\u201d. Nj\u00eb tjet\u00ebr arritje kjo, e protest\u00ebs qytetare.<\/p>\n<p>Sigurisht q\u00eb revolta e qytetar\u00ebve nuk do t\u00eb ndalet edhe pse nata e N\u00ebn\u00ebs Parti nuk u realizua, p\u00ebrkundrazi, do t\u00eb vazhdoj\u00eb derisa kryetarja t\u00eb jap\u00eb zgjidhje p\u00ebr banor\u00ebt e qytetit. Po ashtu, krahas qytetar\u00ebve do t\u00eb jet\u00eb edhe Partia Demokratike, n\u00eb mb\u00ebshtetje t\u00eb plot\u00eb t\u00eb qytetar\u00ebve deri n\u00eb minutin e fundit t\u00eb k\u00ebsaj revolte.<\/p>\n","protected":false},"excerpt":{"rendered":"<p>Arlind BAJAJ Ne mund t\u00eb ngrihemi! Me nj\u00eb thirrje t\u00eb menj\u00ebhershme nga qytetar\u00eb t\u00eb thjesht\u00eb t\u00eb Vlor\u00ebs dhe me mb\u00ebshtetjen e opozit\u00ebs, disa dhjet\u00ebra qytetar\u00eb arrit\u00ebn ta tmerrojn\u00eb kryetaren e caktuar nga \u201cShefi i MADH\u201d dhe personat q\u00eb q\u00ebndrojn\u00eb pas tij. Pas disa minutave protest\u00eb, qytetar\u00eb t\u00eb Vlor\u00ebs, burra, gra dhe familjar\u00eb arrit\u00ebn t\u00eb hyjn\u00eb &hellip;<\/p>\n","protected":false},"author":3,"featured_media":132232,"comment_status":"closed","ping_status":"closed","sticky":false,"template":"","format":"standard","meta":{"footnotes":""},"categories":[37],"tags":[],"class_list":["post-132231","post","type-post","status-publish","format-standard","has-post-thumbnail","","category-politike"],"_links":{"self":[{"href":"https:\/\/rdnews.al\/index.php\/wp-json\/wp\/v2\/posts\/132231","targetHints":{"allow":["GET"]}}],"collection":[{"href":"https:\/\/rdnews.al\/index.php\/wp-json\/wp\/v2\/posts"}],"about":[{"href":"https:\/\/rdnews.al\/index.php\/wp-json\/wp\/v2\/types\/post"}],"author":[{"embeddable":true,"href":"https:\/\/rdnews.al\/index.php\/wp-json\/wp\/v2\/users\/3"}],"replies":[{"embeddable":true,"href":"https:\/\/rdnews.al\/index.php\/wp-json\/wp\/v2\/comments?post=132231"}],"version-history":[{"count":1,"href":"https:\/\/rdnews.al\/index.php\/wp-json\/wp\/v2\/posts\/132231\/revisions"}],"predecessor-version":[{"id":132233,"href":"https:\/\/rdnews.al\/index.php\/wp-json\/wp\/v2\/posts\/132231\/revisions\/132233"}],"wp:featuredmedia":[{"embeddable":true,"href":"https:\/\/rdnews.al\/index.php\/wp-json\/wp\/v2\/media\/132232"}],"wp:attachment":[{"href":"https:\/\/rdnews.al\/index.php\/wp-json\/wp\/v2\/media?parent=132231"}],"wp:term":[{"taxonomy":"category","embeddable":true,"href":"https:\/\/rdnews.al\/index.php\/wp-json\/wp\/v2\/categories?post=132231"},{"taxonomy":"post_tag","embeddable":true,"href":"https:\/\/rdnews.al\/index.php\/wp-json\/wp\/v2\/tags?post=132231"}],"curies":[{"name":"wp","href":"https:\/\/api.w.org\/{rel}","templated":true}]}}