{"id":132235,"date":"2025-12-28T22:39:36","date_gmt":"2025-12-28T22:39:36","guid":{"rendered":"https:\/\/rdnews.al\/?p=132235"},"modified":"2025-12-28T22:39:36","modified_gmt":"2025-12-28T22:39:36","slug":"flet-i-riu-tjeter-protestues-vlora-vendi-ku-filloi-fundi-i-regjimit-antishqiptar","status":"publish","type":"post","link":"https:\/\/rdnews.al\/index.php\/2025\/12\/28\/flet-i-riu-tjeter-protestues-vlora-vendi-ku-filloi-fundi-i-regjimit-antishqiptar\/","title":{"rendered":"Flet i riu tjet\u00ebr protestues\/ \u201cVlora, vendi ku filloi fundi i regjimit antishqiptar&#8221;"},"content":{"rendered":"<p><strong>Nga Aldi Hamzaraj<\/strong><\/p>\n<p>M\u00eb n\u00eb fund!<\/p>\n<p>Qytetar\u00ebt vlonjat\u00eb, n\u00eb shenj\u00eb revolte ndaj shtypjes q\u00eb kan\u00eb p\u00ebsuar n\u00eb thuaj 13 vjet qeverisje t\u00eb Partis\u00eb Socialiste, sot, pa dallim politik, u ngrit\u00ebn n\u00eb protest\u00eb pas 4 dit\u00ebsh munges\u00eb uji, teksa pushtetar\u00eb e sh\u00ebrbyes publik shijonin nj\u00eb mbr\u00ebmje gala n\u00eb Teatrin Petro Marko.<\/p>\n<p>Nj\u00eb protest\u00eb e thirrur n\u00eb m\u00ebnyr\u00eb spontane pa qindra qytetar\u00eb t\u2019i p\u00ebrgjigjen thirrjeve p\u00ebr t\u00eb vepruar n\u00eb nj\u00eb situat\u00eb ku \u00e7do muaj mbeten t\u00eb pakt\u00ebn dy dit\u00eb pa uj\u00eb. Emigrant\u00eb, t\u00eb rinj, qytetar\u00eb t\u00eb moshuar, dhe po, kishte prezenc\u00eb t\u00eb personave politik\u00eb t\u00eb opozit\u00ebs. Patjet\u00ebr q\u00eb do t\u00eb kishte, sepse \u00ebsht\u00eb opozita partia q\u00eb aktivizohet p\u00ebr interesat e publikut, kur ata nuk e kan\u00eb t\u00eb mundur. Megjithat\u00eb, protesta nuk u thirr nga opozita. Nuk ishin \u201cp\u00ebrfaq\u00ebsues t\u00eb s\u00eb djatht\u00ebs q\u00eb pezulluan koncertin\u201d. Ishin qytetar\u00eb. Qytetar\u00eb t\u00eb lodhur nga keqqeverisja e qytetit n\u00eb gjith\u00eb k\u00ebto vite. Ata nuk pezulluan nj\u00eb koncert. N\u00eb momentin kur qytetar\u00ebt hyn\u00eb n\u00eb teat\u00ebr, koncerti kishte mbaruar, dhe jasht\u00eb dijenis\u00eb s\u00eb protestuesve, gjith\u00eb funksionar\u00ebt e partis\u00eb socialiste kishin gjetur arratin\u00eb p\u00ebrmes der\u00ebs s\u00eb pasme q\u00eb t\u00eb nxjerr p\u00ebrball\u00eb gjykat\u00ebs s\u00eb rrethit.<\/p>\n<p>Ka shum\u00eb nga ata q\u00eb thon\u00eb \u201cnuk b\u00ebhet n\u00eb institucion artistik\u201d apo \u00e7far\u00ebdolloj justifikimi tjet\u00ebr. Ata duhet t\u00eb din\u00eb se institucionet artistike jan\u00eb b\u00ebr\u00eb nj\u00eb m\u00ebnyr\u00eb p\u00ebr t\u00eb mbajtur kthetrat sa m\u00eb fort\u00eb ky regjim ilegjitim n\u00eb pushtet. Artist\u00ebt p\u00ebrdoren nga regjimi, n\u00ebn pretekstin e shfaqjeve, p\u00ebr t\u00eb shitur nj\u00eb imazh t\u00eb rrem\u00eb, qoft\u00eb n\u00eb Vlor\u00eb, qoft\u00eb edhe n\u00eb fshatin m\u00eb t\u00eb humbur. Hapja me forc\u00eb e dyerve nuk ishte nj\u00eb revolt\u00eb ndaj artit. Ishte simbol. M\u00ebnyr\u00eb p\u00ebr t\u2019i th\u00ebn\u00eb pushtetit se qytetar\u00ebt nuk pranojn\u00eb m\u00eb.<\/p>\n<p>Pavar\u00ebsisht shfaqjes. Pavar\u00ebsisht planifikimit t\u00eb saj p\u00ebr koh\u00eb t\u00eb t\u00ebra. Edhe sikur t\u00eb ishim monarki e mbreti t\u00eb ishte prezent. Artist\u00ebt duhet t\u00eb jen\u00eb ata q\u00eb drejtojn\u00eb qytetar\u00ebt e thjesht\u00eb. Ata q\u00eb duhet t\u00eb shkojn\u00eb e deri tek greva n\u00eb raste t\u00eb tilla. Vlora ka kat\u00ebr dit\u00eb pa uj\u00eb, e asnj\u00eb artist, asnj\u00eb figur\u00eb publike nuk \u00ebsht\u00eb shprehur, me p\u00ebrjashtim t\u00eb pak gazetar\u00ebve e figurave politike. Prandaj qytetar\u00ebt e nd\u00ebrmor\u00ebn inisiativ\u00ebn me forcat e tyre.<\/p>\n<p>Ky \u00ebsht\u00eb vet\u00ebm hapi i par\u00eb. Thirrjet \u201cposht\u00eb qeveria\u201d nuk ishin t\u00eb sponsorizuara nga asnj\u00eb forc\u00eb politike, por nga zemrat e vlonjat\u00ebve t\u00eb tejngopur nga demagogjia socialiste. Nes\u00ebr, n\u00eb or\u00ebn 10:00 vazhdojn\u00eb protestat, k\u00ebt\u00eb rradh\u00eb para bashkis\u00eb. Vlonjat\u00ebt nuk do t\u00eb ndalen. \u00cbsht\u00eb e v\u00ebrtet\u00eb q\u00eb Vlora kishte nj\u00eb rezultat t\u00eb pafavorsh\u00ebm n\u00eb fars\u00ebn e 11 Majit. \u00cbsht\u00eb e v\u00ebrtet\u00eb q\u00eb historikisht ka domimuar pala e majt\u00eb n\u00eb k\u00ebt\u00eb qytet. Por Vlora nuk ka vet\u00ebm ngjyra politike. Vlora ka qytetar\u00eb, burra e gra q\u00eb ende luftojn\u00eb p\u00ebr t\u00eb drejtat e tyre, pa dallim politik. Dhe si n\u00eb vitin 1912, do t\u00eb jet\u00eb Vlora vendi ku do t\u00eb filloj\u00eb fundi i nj\u00eb regjimi antishqiptar. Do t\u00eb duhet pun\u00eb. Do t\u00eb duhet q\u00eb t\u00eb shihet p\u00ebrtej ngjyrave apo slogan\u00ebve. Por Vlonjat\u00ebt do t\u2019ia dalin. Ata kan\u00eb treguar se gjithmon\u00eb luftojn\u00eb deri n\u00eb fund, deri sa t\u00eb arrihet fitorja<\/p>\n","protected":false},"excerpt":{"rendered":"<p>Nga Aldi Hamzaraj M\u00eb n\u00eb fund! Qytetar\u00ebt vlonjat\u00eb, n\u00eb shenj\u00eb revolte ndaj shtypjes q\u00eb kan\u00eb p\u00ebsuar n\u00eb thuaj 13 vjet qeverisje t\u00eb Partis\u00eb Socialiste, sot, pa dallim politik, u ngrit\u00ebn n\u00eb protest\u00eb pas 4 dit\u00ebsh munges\u00eb uji, teksa pushtetar\u00eb e sh\u00ebrbyes publik shijonin nj\u00eb mbr\u00ebmje gala n\u00eb Teatrin Petro Marko. Nj\u00eb protest\u00eb e thirrur n\u00eb &hellip;<\/p>\n","protected":false},"author":3,"featured_media":132236,"comment_status":"closed","ping_status":"closed","sticky":false,"template":"","format":"standard","meta":{"footnotes":""},"categories":[37],"tags":[],"class_list":["post-132235","post","type-post","status-publish","format-standard","has-post-thumbnail","","category-politike"],"_links":{"self":[{"href":"https:\/\/rdnews.al\/index.php\/wp-json\/wp\/v2\/posts\/132235","targetHints":{"allow":["GET"]}}],"collection":[{"href":"https:\/\/rdnews.al\/index.php\/wp-json\/wp\/v2\/posts"}],"about":[{"href":"https:\/\/rdnews.al\/index.php\/wp-json\/wp\/v2\/types\/post"}],"author":[{"embeddable":true,"href":"https:\/\/rdnews.al\/index.php\/wp-json\/wp\/v2\/users\/3"}],"replies":[{"embeddable":true,"href":"https:\/\/rdnews.al\/index.php\/wp-json\/wp\/v2\/comments?post=132235"}],"version-history":[{"count":1,"href":"https:\/\/rdnews.al\/index.php\/wp-json\/wp\/v2\/posts\/132235\/revisions"}],"predecessor-version":[{"id":132237,"href":"https:\/\/rdnews.al\/index.php\/wp-json\/wp\/v2\/posts\/132235\/revisions\/132237"}],"wp:featuredmedia":[{"embeddable":true,"href":"https:\/\/rdnews.al\/index.php\/wp-json\/wp\/v2\/media\/132236"}],"wp:attachment":[{"href":"https:\/\/rdnews.al\/index.php\/wp-json\/wp\/v2\/media?parent=132235"}],"wp:term":[{"taxonomy":"category","embeddable":true,"href":"https:\/\/rdnews.al\/index.php\/wp-json\/wp\/v2\/categories?post=132235"},{"taxonomy":"post_tag","embeddable":true,"href":"https:\/\/rdnews.al\/index.php\/wp-json\/wp\/v2\/tags?post=132235"}],"curies":[{"name":"wp","href":"https:\/\/api.w.org\/{rel}","templated":true}]}}