{"id":132252,"date":"2025-12-29T10:43:08","date_gmt":"2025-12-29T10:43:08","guid":{"rendered":"https:\/\/rdnews.al\/?p=132252"},"modified":"2025-12-29T10:58:54","modified_gmt":"2025-12-29T10:58:54","slug":"pd-kerkon-te-mbledhet-keshilli-i-mandateve-per-ballukun","status":"publish","type":"post","link":"https:\/\/rdnews.al\/index.php\/2025\/12\/29\/pd-kerkon-te-mbledhet-keshilli-i-mandateve-per-ballukun\/","title":{"rendered":"PD k\u00ebrkon mblidhjen e K\u00ebshillit t\u00eb Mandateve p\u00ebr Ballukun: Mund t\u00eb prish\u00eb provat!"},"content":{"rendered":"<p>Partia Demokratike ka k\u00ebrkuar mbledhjen e K\u00ebshillit t\u00eb Mandateve, t\u00eb mart\u00ebn e 30 dhjetorit n\u00eb or\u00ebn 11.00.<\/p>\n<p>K\u00ebrkesa e ligjv\u00ebn\u00ebsve opozitar\u00eb, ka t\u00eb b\u00ebr\u00eb me shqyrtimin k\u00ebrkes\u00ebs s\u00eb SPAK, p\u00ebr t\u2019i hapur rrug\u00eb, autorizimit t\u00eb Kuvendit p\u00ebr heqjen e mandatit t\u00eb deputetit, zonj\u00ebs Belinda Balluku, e cila nj\u00ebkoh\u00ebsisht mban postin e numrit dy t\u00eb qeveris\u00eb dhe drejton Ministrin\u00eb e Infrastruktur\u00ebs dhe Energjis\u00eb.<\/p>\n<p>&#8220;Thirrja e mbledhjes s\u00eb K\u00ebshillit me k\u00ebrkes\u00eb t\u00eb \u00bd s\u00eb an\u00ebtar\u00ebve \u00ebsht\u00eb e detyrueshme sipas Rregullohre&#8221;, thuhet n\u00eb k\u00ebrkes\u00ebn e PD drejtuar kryeparlamentarit Niko Peleshi.<\/p>\n<p>&#8220;Kryetari i Kuvendit ka detyrim t\u00eb njoftoj\u00eb Rendin e Dit\u00ebs dhe p\u00ebr k\u00ebt\u00eb arsye, p\u00ebrmbushni detyrimin tuaj ligjor dhe mos u b\u00ebni penges\u00eb p\u00ebr drejt\u00ebsin\u00eb&#8221;, thuhet m\u00eb tej n\u00eb shkres\u00ebn e an\u00ebtar\u00ebve demokrat\u00eb t\u00eb K\u00ebshillit t\u00eb Mandateve drejtuar Kuvendit.<\/p>\n<p>Belinda Balluku \u00ebsht\u00eb rikthyer n\u00eb detyr\u00eb nga Kushtetuesja pas pezullimit nga GJKKO, p\u00ebr afer\u00ebn e Tunelit t\u00eb Llogaras\u00eb dhe Loteve t\u00eb Unaz\u00ebs s\u00eb Madhe.<\/p>\n","protected":false},"excerpt":{"rendered":"<p>Partia Demokratike ka k\u00ebrkuar mbledhjen e K\u00ebshillit t\u00eb Mandateve, t\u00eb mart\u00ebn e 30 dhjetorit n\u00eb or\u00ebn 11.00. K\u00ebrkesa e ligjv\u00ebn\u00ebsve opozitar\u00eb, ka t\u00eb b\u00ebr\u00eb me shqyrtimin k\u00ebrkes\u00ebs s\u00eb SPAK, p\u00ebr t\u2019i hapur rrug\u00eb, autorizimit t\u00eb Kuvendit p\u00ebr heqjen e mandatit t\u00eb deputetit, zonj\u00ebs Belinda Balluku, e cila nj\u00ebkoh\u00ebsisht mban postin e numrit dy t\u00eb qeveris\u00eb &hellip;<\/p>\n","protected":false},"author":4,"featured_media":131547,"comment_status":"closed","ping_status":"closed","sticky":false,"template":"","format":"standard","meta":{"footnotes":""},"categories":[37],"tags":[],"class_list":["post-132252","post","type-post","status-publish","format-standard","has-post-thumbnail","","category-politike"],"_links":{"self":[{"href":"https:\/\/rdnews.al\/index.php\/wp-json\/wp\/v2\/posts\/132252","targetHints":{"allow":["GET"]}}],"collection":[{"href":"https:\/\/rdnews.al\/index.php\/wp-json\/wp\/v2\/posts"}],"about":[{"href":"https:\/\/rdnews.al\/index.php\/wp-json\/wp\/v2\/types\/post"}],"author":[{"embeddable":true,"href":"https:\/\/rdnews.al\/index.php\/wp-json\/wp\/v2\/users\/4"}],"replies":[{"embeddable":true,"href":"https:\/\/rdnews.al\/index.php\/wp-json\/wp\/v2\/comments?post=132252"}],"version-history":[{"count":3,"href":"https:\/\/rdnews.al\/index.php\/wp-json\/wp\/v2\/posts\/132252\/revisions"}],"predecessor-version":[{"id":132255,"href":"https:\/\/rdnews.al\/index.php\/wp-json\/wp\/v2\/posts\/132252\/revisions\/132255"}],"wp:featuredmedia":[{"embeddable":true,"href":"https:\/\/rdnews.al\/index.php\/wp-json\/wp\/v2\/media\/131547"}],"wp:attachment":[{"href":"https:\/\/rdnews.al\/index.php\/wp-json\/wp\/v2\/media?parent=132252"}],"wp:term":[{"taxonomy":"category","embeddable":true,"href":"https:\/\/rdnews.al\/index.php\/wp-json\/wp\/v2\/categories?post=132252"},{"taxonomy":"post_tag","embeddable":true,"href":"https:\/\/rdnews.al\/index.php\/wp-json\/wp\/v2\/tags?post=132252"}],"curies":[{"name":"wp","href":"https:\/\/api.w.org\/{rel}","templated":true}]}}