{"id":132258,"date":"2025-12-29T11:18:51","date_gmt":"2025-12-29T11:18:51","guid":{"rendered":"https:\/\/rdnews.al\/?p=132258"},"modified":"2025-12-29T11:18:51","modified_gmt":"2025-12-29T11:18:51","slug":"berisha-departamenti-brain-gain-erdhi-ne-pd-ne-momentet-me-kritike-te-saj","status":"publish","type":"post","link":"https:\/\/rdnews.al\/index.php\/2025\/12\/29\/berisha-departamenti-brain-gain-erdhi-ne-pd-ne-momentet-me-kritike-te-saj\/","title":{"rendered":"Berisha: Departamenti &#8220;Brain Gain&#8221; erdhi n\u00eb PD n\u00eb momentet m\u00eb kritike t\u00eb saj!"},"content":{"rendered":"<p>Kryetari i PD, Sali Berisha ka marr\u00eb pjes\u00eb n\u00eb prezantimin e ekipit t\u00eb ri drejtues t\u00eb departamentit &#8220;Brain Gain: n\u00eb PD.<\/p>\n<p>Berisha tha gjat\u00eb fjal\u00ebs s\u00eb tij se, Departamenti &#8220;Brain Gain&#8221; erdhi n\u00eb PD n\u00eb momentet m\u00eb kritike t\u00eb saj dhe ka nj\u00eb r\u00ebnd\u00ebsi themelore p\u00ebr partin\u00eb.<\/p>\n<p>Berisha: S\u00eb pari, dua t\u00eb p\u00ebrsh\u00ebndes me p\u00ebrzem\u00ebrsi dhe mir\u00ebnjohje t\u00eb thell\u00eb t\u00eb gjith\u00eb an\u00ebtar\u00ebt, drejtuesit e departamentit Brain Gain, t\u00eb pranish\u00ebm sot n\u00eb k\u00ebt\u00eb sall\u00eb, por edhe kudo q\u00eb ndodhen n\u00eb t\u00eb kat\u00ebr an\u00ebt e bot\u00ebs.<\/p>\n<p>T\u00eb shpreh nj\u00eb mir\u00ebnjohje t\u00eb madhe sepse ky departament i themeluar dhe i drejtuar nga zoti Andi Mustafaj dhe bashk\u00ebpun\u00ebtor\u00ebt e tij n\u00eb k\u00ebt\u00eb sall\u00eb, erdhi n\u00eb PD n\u00eb momentet m\u00eb kritike t\u00eb saj.<\/p>\n<p>Erdhi n\u00eb PD si nj\u00eb kushtrim p\u00ebr t\u2019i dal\u00eb zot nj\u00eb parimi themelor, nj\u00eb t\u00eb drejte themelore p\u00ebr nj\u00eb komb t\u00eb lir\u00eb, p\u00ebr t\u00eb pasur opozit\u00eb.<\/p>\n<p>Pra, erdhi n\u00eb nj\u00eb moment kur n\u00eb Tiran\u00eb zhvillohej nj\u00eb betej\u00eb e eg\u00ebr midis demokrat\u00ebve, narko-qeveris\u00eb shqiptare dhe mb\u00ebshtet\u00ebsve t\u00eb saj n\u00eb Europ\u00eb dhe n\u00eb bot\u00eb n\u00eb projektin Shqip\u00ebria pa opozit\u00eb apo me fjal\u00eb t\u00eb tjera m\u00eb reale, Shqip\u00ebria me nj\u00eb opozit\u00eb t\u00eb kontrolluar, q\u00eb e drejtonin, e udh\u00ebhiqnin sipas projekteve t\u00eb tyre.<\/p>\n<p>Erdh\u00ebn pra n\u00eb koh\u00ebrat m\u00eb t\u00eb v\u00ebshtira.<\/p>\n<p>\u00c7far\u00eb i solli k\u00ebta intelektual\u00eb, ekspert\u00eb, specialist\u00eb?<\/p>\n<p>I solli nj\u00eb z\u00eb p\u00ebr vendin etyre.<\/p>\n<p>I solli nj\u00eb kushtrim i brendsh\u00ebm.<\/p>\n<p>Por i solli gjithashtu edhe nj\u00eb vler\u00ebsim i madh p\u00ebr PD-n\u00eb, e cila n\u00eb trajektoren e saj kishte arritur transformime epokale n\u00eb Shqip\u00ebri.<\/p>\n<p>Departamenti Brain Gain nuk q\u00ebndroi thjesht n\u00eb fush\u00ebn e parimeve dhe t\u00eb doktrin\u00ebs, por kaloi n\u00eb veprime shum\u00eb t\u00eb r\u00ebnd\u00ebsishme, t\u00eb nj\u00eb r\u00ebnd\u00ebsie themelore p\u00ebr PD-n\u00eb.<\/p>\n<p>Nismat e k\u00ebtij departamenti kan\u00eb qen\u00eb absolutisht nismat m\u00eb themelore, m\u00eb t\u00eb r\u00ebnd\u00ebsishme t\u00eb nd\u00ebrmarra nga ndonj\u00eb departament n\u00eb historin\u00eb e PD-s\u00eb.<\/p>\n<p>Nisma e tyre ishte mbrojtja e trash\u00ebgimis\u00eb s\u00eb k\u00ebsaj partie n\u00eb nj\u00eb koh\u00eb kur nj\u00eb propagand\u00eb mashtruese komb\u00ebtare dhe nd\u00ebrkomb\u00ebtare synonte cop\u00ebtimin dhe shkat\u00ebrrimin e saj.<\/p>\n<p>Ata, pas 30 e ca vitesh, publikuan vepr\u00ebn \u2018Pun\u00ebt e mira t\u00eb PD\u2019, p\u00ebr t\u00eb rikujtuar \u00e7do demokrat, \u00e7do shqiptar se kjo forc\u00eb politike kishte transformuar Shqip\u00ebrin\u00eb dhe kombin shqiptar.<\/p>\n<p>Kishte mbrojtur \u00e7\u00ebshtjen komb\u00ebtare me vendosm\u00ebri dhe vizion.<\/p>\n<p>Krenar p\u00ebr qeni\u00ebn ne tyre demokrat\u00eb, po kaq krenar\u00eb p\u00ebr qenien e tyre shqiptar\u00eb.<\/p>\n<p>Secili prej tyre mund t\u00eb kishte hequr dor\u00eb, t\u00eb ishte integruar n\u00eb nj\u00eb komb tjet\u00ebr, aty ku jetonte, edhe nga simbolet, edhe nga trash\u00ebgimia, se do i duhej t\u00eb p\u00ebrvet\u00ebsonte trash\u00ebgimin\u00eb dhe simbolet e nj\u00eb kombi tjet\u00ebr.<\/p>\n<p>Por jo.<\/p>\n<p>K\u00ebta erdh\u00ebn me nism\u00ebn e simboleve, simbolikave, n\u00eb koh\u00eb t\u00eb mjegullt.<\/p>\n<p>Por e v\u00ebrteta \u00ebsht\u00eb se ajo ishte nj\u00eb nga nismat m\u00eb t\u00eb r\u00ebnd\u00ebsishe n\u00eb Shqip\u00ebri n\u00eb at\u00eb koh\u00eb tmerr\u00ebsisht, do ta quaja un\u00eb t\u00eb mjegullt.<\/p>\n<p>N\u00eb at\u00eb koh\u00eb, n\u00eb t\u00eb cil\u00ebn, kur zhvillimet dramatike t\u00eb b\u00ebnin edhe t\u00eb harroje simbolet e arrira.<\/p>\n<p>Ky departament me nj\u00eb vizion t\u00eb qart\u00eb dhe me nj\u00eb men\u00e7uri, k\u00ebmb\u00ebngulje, e shnd\u00ebrroi k\u00ebt\u00eb seli si kurr\u00eb ndonj\u00ebher\u00eb m\u00eb par\u00eb n\u00eb nj\u00eb seli veprimtarish kulturore t\u00eb shumta.<\/p>\n<p>Mbrojti n\u00ebp\u00ebrmjet kultur\u00ebs imazhin e PD-s\u00eb.<\/p>\n<p>Mbrojti vlerat kulturore, t\u00eb cilat n\u00eb t\u00eb gjitha rastet p\u00ebr n\u00eb shqiptar\u00ebt jan\u00eb vlera identitare, t\u00eb lidhura me identitetin ton\u00eb.<\/p>\n<p>Departamenti, fal\u00eb teknologjive, funksionoi me pranin\u00eb n\u00eb Shqip\u00ebri, por edhe kudo n\u00eb vendet ku ndodheshin.<\/p>\n<p>E v\u00ebrteta \u00ebsht\u00eb pra se si departament, k\u00ebta intelektual\u00eb dhe intelektuale, dhan\u00eb p\u00ebr PD-n\u00eb shum\u00eb vlera cil\u00ebsore.<\/p>\n<p>Soll\u00ebn risi t\u00eb m\u00ebdha.<\/p>\n<p>Soll\u00ebn vizion dhe krijuan n\u00eb kushte jo t\u00eb lehta, reputacionin q\u00eb meritonin.<\/p>\n","protected":false},"excerpt":{"rendered":"<p>Kryetari i PD, Sali Berisha ka marr\u00eb pjes\u00eb n\u00eb prezantimin e ekipit t\u00eb ri drejtues t\u00eb departamentit &#8220;Brain Gain: n\u00eb PD. Berisha tha gjat\u00eb fjal\u00ebs s\u00eb tij se, Departamenti &#8220;Brain Gain&#8221; erdhi n\u00eb PD n\u00eb momentet m\u00eb kritike t\u00eb saj dhe ka nj\u00eb r\u00ebnd\u00ebsi themelore p\u00ebr partin\u00eb. Berisha: S\u00eb pari, dua t\u00eb p\u00ebrsh\u00ebndes me p\u00ebrzem\u00ebrsi &hellip;<\/p>\n","protected":false},"author":4,"featured_media":132259,"comment_status":"closed","ping_status":"closed","sticky":false,"template":"","format":"standard","meta":{"footnotes":""},"categories":[37],"tags":[],"class_list":["post-132258","post","type-post","status-publish","format-standard","has-post-thumbnail","","category-politike"],"_links":{"self":[{"href":"https:\/\/rdnews.al\/index.php\/wp-json\/wp\/v2\/posts\/132258","targetHints":{"allow":["GET"]}}],"collection":[{"href":"https:\/\/rdnews.al\/index.php\/wp-json\/wp\/v2\/posts"}],"about":[{"href":"https:\/\/rdnews.al\/index.php\/wp-json\/wp\/v2\/types\/post"}],"author":[{"embeddable":true,"href":"https:\/\/rdnews.al\/index.php\/wp-json\/wp\/v2\/users\/4"}],"replies":[{"embeddable":true,"href":"https:\/\/rdnews.al\/index.php\/wp-json\/wp\/v2\/comments?post=132258"}],"version-history":[{"count":1,"href":"https:\/\/rdnews.al\/index.php\/wp-json\/wp\/v2\/posts\/132258\/revisions"}],"predecessor-version":[{"id":132260,"href":"https:\/\/rdnews.al\/index.php\/wp-json\/wp\/v2\/posts\/132258\/revisions\/132260"}],"wp:featuredmedia":[{"embeddable":true,"href":"https:\/\/rdnews.al\/index.php\/wp-json\/wp\/v2\/media\/132259"}],"wp:attachment":[{"href":"https:\/\/rdnews.al\/index.php\/wp-json\/wp\/v2\/media?parent=132258"}],"wp:term":[{"taxonomy":"category","embeddable":true,"href":"https:\/\/rdnews.al\/index.php\/wp-json\/wp\/v2\/categories?post=132258"},{"taxonomy":"post_tag","embeddable":true,"href":"https:\/\/rdnews.al\/index.php\/wp-json\/wp\/v2\/tags?post=132258"}],"curies":[{"name":"wp","href":"https:\/\/api.w.org\/{rel}","templated":true}]}}