{"id":132266,"date":"2025-12-29T11:36:20","date_gmt":"2025-12-29T11:36:20","guid":{"rendered":"https:\/\/rdnews.al\/?p=132266"},"modified":"2025-12-29T11:36:20","modified_gmt":"2025-12-29T11:36:20","slug":"berisha-nuk-ka-force-ne-bote-qe-e-mban-ne-pushtet-edi-ramen-ne-qofte-se-ne-i-pushtojme-sheshin","status":"publish","type":"post","link":"https:\/\/rdnews.al\/index.php\/2025\/12\/29\/berisha-nuk-ka-force-ne-bote-qe-e-mban-ne-pushtet-edi-ramen-ne-qofte-se-ne-i-pushtojme-sheshin\/","title":{"rendered":"Berisha: Nuk ka forc\u00eb n\u00eb bot\u00eb q\u00eb e mban n\u00eb pushtet Edi Ram\u00ebn n\u00eb qoft\u00eb se ne i pushtojm\u00eb sheshin!"},"content":{"rendered":"<p>Kryetari i PD, Sali Berisha tha se, nuk ka forc\u00eb n\u00eb bot\u00eb q\u00eb e mban n\u00eb pushtet Edi Ram\u00ebn n\u00eb qoft\u00eb se ne i pushtojm\u00eb sheshin.<\/p>\n<p>Gjat\u00eb ceremonis\u00eb s\u00eb prezantimit t\u00eb drejtuesve t\u00eb rinj t\u00eb Departamentit &#8220;Brain Gain&#8221;, Berisha tha se, jemi n\u00eb nj\u00eb moment n\u00eb t\u00eb cilin, e kam theksuar dhe e theksoj, ne ia dol\u00ebm t\u00eb mbijetojm\u00eb n\u00eb nj\u00eb koh\u00eb kur donin t\u00eb na zhduknin.<\/p>\n<p>Berisha: Departamenti Brain Gain \u00ebsht\u00eb nj\u00eb departament, an\u00ebtar\u00ebt e t\u00eb cilit jan\u00eb njer\u00ebz me energji, jan\u00eb njer\u00ebz t\u00eb suksesit.<\/p>\n<p>Jan\u00eb djem dhe vajza, t\u00eb cil\u00ebt n\u00eb nj\u00eb koh\u00eb t\u00eb v\u00ebshtir\u00eb arrit\u00ebn t\u00eb d\u00ebshmohen avoket\u00ebr t\u00eb flakt\u00eb dhe vizionar\u00eb t\u00eb konservatorizmit n\u00eb Shqip\u00ebri dhe t\u00eb PD-s\u00eb.<\/p>\n<p>Krijimi i hap\u00ebsirave p\u00ebr projektet e tyre t\u00eb ardhshme \u00ebsht\u00eb i nj\u00eb r\u00ebnd\u00ebsie vendimtare p\u00ebr PD-n\u00eb, rip\u00ebrt\u00ebritjen e saj.<\/p>\n<p>Ne jemi n\u00eb nj\u00eb moment shum\u00eb t\u00eb ve\u00e7ant\u00eb.<\/p>\n<p>Jemi n\u00eb nj\u00eb moment n\u00eb t\u00eb cilin, e kam theksuar dhe e theksoj, ne ia dol\u00ebm t\u00eb mbijetojm\u00eb n\u00eb nj\u00eb koh\u00eb kur donin t\u00eb na zhduknin.<\/p>\n<p>Ne kap\u00ebrcyem nj\u00eb kalvar t\u00eb pashembullt n\u00eb historin\u00eb e Europ\u00ebs, dhe ky departament \u00ebsht\u00eb fib\u00ebr e rezistenc\u00ebs n\u00eb k\u00ebt\u00eb kalvar.<\/p>\n<p>Ne ia dol\u00ebm q\u00eb nj\u00eb fars\u00eb zgjedhore, nj\u00eblloj si n\u00eb vitin 2001, ta damkosim n\u00eb rrafshin komb\u00ebtar dhe nd\u00ebrkomb\u00ebtar.<\/p>\n<p>Tani ne jemi n\u00eb betej\u00ebn ton\u00eb finale dhe kjo betej\u00eb finale \u00ebsht\u00eb largimi i k\u00ebtij regjimi.<\/p>\n<p>Tedi theksoi, k\u00ebta kan\u00eb nj\u00eb iniciativ\u00eb me nj\u00eb seri shkrimesh mbi opozitat n\u00eb regjimet autoritare.<\/p>\n<p>\u00cbsht\u00eb i nj\u00eb r\u00ebnd\u00ebsie kapitale sepse n\u00eb qoft\u00eb se ne nuk njohim realitetin dhe nuk kuptojm\u00eb se operojm\u00eb n\u00eb kushtet e nj\u00eb autokracie dhe nuk organizohemi q\u00eb t\u00eb operojm\u00eb n\u00eb kushtet e nj\u00eb autokracie, por mendojm\u00eb se jemi n\u00eb kushtet e nj\u00eb pluralizmi normal, ne misionin ton\u00eb nuk e p\u00ebrmbushim.<\/p>\n<p>Absolutisht jo!<\/p>\n<p>Ne p\u00ebrkundrazi presim vitin 2029, n\u00eb t\u00eb cilin narkokrat\u00ebt shqiptar\u00eb t\u00eb regjistrojn\u00eb jo 52 p\u00ebrqind, por t\u00eb regjistrojn\u00eb t\u00eb pakt\u00ebn 62 p\u00ebrqind rezultatin.<\/p>\n<p>Ndryshimi \u00ebsht\u00eb si nata me dit\u00ebn.<\/p>\n<p>Por ne sot jemi t\u00eb qart\u00eb dhe duhet t\u00eb qart\u00ebsojm\u00eb \u00e7do demokrate e demokrat, t\u00eb p\u00ebrkushtohemi n\u00eb projektin e opozit\u00ebs p\u00ebr largimin e Edi Ram\u00ebs nga pushteti dhe krijimin e qeveris\u00eb teknike si kusht i t\u00eb gjitha kushteve q\u00eb shqiptar\u00ebt t\u00eb votojn\u00eb t\u00eb lir\u00eb.<\/p>\n<p>Nuk ka nj\u00eb parti me eksperienc\u00ebn ton\u00eb.<\/p>\n<p>Ne erdh\u00ebm n\u00eb vitet \u201990 si i vetmi vend dhe e vetmja shoq\u00ebri me 4 kulte, kulti i Enver Hoxh\u00ebs, Stalinit, Leninit, Marksit, etj.<\/p>\n<p>Nd\u00ebrkoh\u00eb vendet e tjera ish-komuniste nga viti 1956 ishin \u00e7liruar nga kultet.<\/p>\n<p>Ju e keni t\u00eb v\u00ebshtir\u00eb ta mendoni se \u00e7far\u00eb tmerri dhe sa t\u00eb tmerrsh\u00ebm ishin kultet.<\/p>\n<p>Por ne i shemb\u00ebm ato me guxim.<\/p>\n<p>I shemb\u00ebm pa konflikt civil.<\/p>\n<p>Tanket i nis\u00ebn drejt nesh, ne i bllokuam ato me barrikada, por vet\u00eb nuk rr\u00ebmbyem arm\u00eb, as RPG, arm\u00eb antitanke.<\/p>\n<p>Na rrethuan tek selia, po me tanke. Ne nuk u mposht\u00ebm, por p\u00ebrs\u00ebri q\u00ebndruam, u vet\u00ebp\u00ebrmbajt\u00ebm.<\/p>\n<p>Na vran\u00eb, u p\u00ebrzun\u00eb nga selia e kryeministris\u00eb.<\/p>\n<p>T\u00eb gjitha k\u00ebto eksperienca, pse un\u00eb po i citoj sot dhe do i citoj, i citoj dhe do i citoj sepse ne jemi ne forc\u00eb demokratike q\u00eb drejtohemi vet\u00ebm nga parime demokratike.<\/p>\n<p>Ne nuk b\u00ebhemi parti dhune sepse ne besojm\u00eb se paqja \u00ebsht\u00eb nj\u00eb forc\u00eb e jasht\u00ebzakonshme.<\/p>\n<p>N\u00eb besojm\u00eb se Edi Rama, ky regjim i kalbur, largohet vet\u00ebm kur opozitar\u00ebt t\u00eb l\u00ebn\u00eb m\u00ebnjan\u00eb lodhjen e tyre, t\u00eb l\u00ebn\u00eb m\u00ebnjan\u00eb d\u00ebshp\u00ebrimin e tyre, rraskapitjen e tyre dhe t\u00eb dalin n\u00eb shesh \u00e7do dit\u00eb.<\/p>\n<p>Nuk ka forc\u00eb n\u00eb bot\u00eb q\u00eb e mban n\u00eb pushtet Edi Ram\u00ebn n\u00eb qoft\u00eb se ne i pushtojm\u00eb sheshin. Kjo \u00ebsht\u00eb rruga.<\/p>\n<p>K\u00ebt\u00eb nuk e kemi b\u00ebr\u00eb ndonj\u00ebher\u00eb.<\/p>\n<p>Kjo na ka munguar.<\/p>\n<p>E kemi b\u00ebr\u00eb, por me q\u00ebllime jo kaq sa k\u00ebto.<\/p>\n<p>Se ne kemi b\u00ebr\u00eb edhe n\u00eb vitin 1998, me radh\u00eb.<\/p>\n<p>Por sot jemi para k\u00ebtij momenti.<\/p>\n<p>Ne, n\u00eb kushte kur ky regjim, Edi Rama, pasi \u00ebsht\u00eb dokumentuar jo tashm\u00eb vet\u00ebm nga opozita, por edhe nga hetimi i prokuroris\u00eb se kan\u00eb abuzuar miliona dhe miliarda para t\u00eb taksapaguesve dhe jka hequr \u00e7do mask\u00eb n\u00eb mbrojtje t\u00eb flakt\u00eb n\u00eb mbrojtje t\u00eb abuzimeve t\u00eb tmerrshme me parat\u00eb e shqiptar\u00ebve sepse \u00ebsht\u00eb vet\u00eb direkt i implikuar.<\/p>\n<p>Dy dosjet e Lubis\u00eb, qoft\u00eb tuneli, qoft\u00eb unaza, Rama del aq sa Lubia me mesazhet.<\/p>\n<p>Kurse AKSHI i kunatit dhe familjes \u00ebsht\u00eb historia m\u00eb unike n\u00eb Europ\u00eb dhe n\u00eb bot\u00eb.<\/p>\n<p>Kur n\u00eb nj\u00eb agjenci shtet\u00ebrore merresh peng sepse merr pjes\u00eb n\u00eb tendera p\u00ebr t\u2019i hapur rrug\u00ebn kunatit.<\/p>\n<p>Merresh peng dhe nuk hetohesh.<\/p>\n<p>Ua them k\u00ebtu ta din\u00eb shqiptar\u00ebt, Gerond Me\u00e7e, duhet t\u2019ia dim\u00eb p\u00ebr nder autoriteteve gjermane p\u00ebr kontributin e tyre sepse ai as q\u00eb do t\u00eb hetohej.<\/p>\n<p>Duhet t\u2019ia dim\u00eb p\u00ebr nder sepse si Gerondi, i marr\u00eb peng me dat\u00ebn 12 gusht, u mor peng me dat\u00ebn 18 gusht Shima. Daniel Shima.<\/p>\n<p>Mbeta duke b\u00ebr\u00eb status pas statusi pas tij dhe ai u zhduk, nuk ekzistonte.<\/p>\n<p>As hetim, as k\u00ebqyrje dhe asgj\u00eb.<\/p>\n<p>Jo, sepse ky njeri q\u00eb nuk do t\u00eb heq\u00eb imunitetet, q\u00eb bllokon drejt\u00ebsin\u00eb p\u00ebr vjedhjet q\u00eb ka b\u00ebr\u00eb, ky njeri nuk lejonte hetimin.<\/p>\n<p>Por fatmir\u00ebsisht Gerond Me\u00e7e zb\u00ebrtheu se koordinatori i kryeministrit, Ergys Agasi, e kishte marr\u00eb peng.<\/p>\n","protected":false},"excerpt":{"rendered":"<p>Kryetari i PD, Sali Berisha tha se, nuk ka forc\u00eb n\u00eb bot\u00eb q\u00eb e mban n\u00eb pushtet Edi Ram\u00ebn n\u00eb qoft\u00eb se ne i pushtojm\u00eb sheshin. Gjat\u00eb ceremonis\u00eb s\u00eb prezantimit t\u00eb drejtuesve t\u00eb rinj t\u00eb Departamentit &#8220;Brain Gain&#8221;, Berisha tha se, jemi n\u00eb nj\u00eb moment n\u00eb t\u00eb cilin, e kam theksuar dhe e theksoj, ne &hellip;<\/p>\n","protected":false},"author":4,"featured_media":132268,"comment_status":"closed","ping_status":"closed","sticky":false,"template":"","format":"standard","meta":{"footnotes":""},"categories":[37],"tags":[],"class_list":["post-132266","post","type-post","status-publish","format-standard","has-post-thumbnail","","category-politike"],"_links":{"self":[{"href":"https:\/\/rdnews.al\/index.php\/wp-json\/wp\/v2\/posts\/132266","targetHints":{"allow":["GET"]}}],"collection":[{"href":"https:\/\/rdnews.al\/index.php\/wp-json\/wp\/v2\/posts"}],"about":[{"href":"https:\/\/rdnews.al\/index.php\/wp-json\/wp\/v2\/types\/post"}],"author":[{"embeddable":true,"href":"https:\/\/rdnews.al\/index.php\/wp-json\/wp\/v2\/users\/4"}],"replies":[{"embeddable":true,"href":"https:\/\/rdnews.al\/index.php\/wp-json\/wp\/v2\/comments?post=132266"}],"version-history":[{"count":1,"href":"https:\/\/rdnews.al\/index.php\/wp-json\/wp\/v2\/posts\/132266\/revisions"}],"predecessor-version":[{"id":132269,"href":"https:\/\/rdnews.al\/index.php\/wp-json\/wp\/v2\/posts\/132266\/revisions\/132269"}],"wp:featuredmedia":[{"embeddable":true,"href":"https:\/\/rdnews.al\/index.php\/wp-json\/wp\/v2\/media\/132268"}],"wp:attachment":[{"href":"https:\/\/rdnews.al\/index.php\/wp-json\/wp\/v2\/media?parent=132266"}],"wp:term":[{"taxonomy":"category","embeddable":true,"href":"https:\/\/rdnews.al\/index.php\/wp-json\/wp\/v2\/categories?post=132266"},{"taxonomy":"post_tag","embeddable":true,"href":"https:\/\/rdnews.al\/index.php\/wp-json\/wp\/v2\/tags?post=132266"}],"curies":[{"name":"wp","href":"https:\/\/api.w.org\/{rel}","templated":true}]}}