{"id":132270,"date":"2025-12-29T11:41:04","date_gmt":"2025-12-29T11:41:04","guid":{"rendered":"https:\/\/rdnews.al\/?p=132270"},"modified":"2025-12-29T11:47:17","modified_gmt":"2025-12-29T11:47:17","slug":"berisha-duhet-veprimtari-shumeplaneshe-vetem-keshtu-i-pergjigjemi-shansit-historik-per-permbysjen-e-diktatures-se-edi-rames","status":"publish","type":"post","link":"https:\/\/rdnews.al\/index.php\/2025\/12\/29\/berisha-duhet-veprimtari-shumeplaneshe-vetem-keshtu-i-pergjigjemi-shansit-historik-per-permbysjen-e-diktatures-se-edi-rames\/","title":{"rendered":"Duhet veprimtari shum\u00ebplan\u00ebshe! Vet\u00ebm k\u00ebshtu i p\u00ebrgjigjemi shansit historik p\u00ebr p\u00ebrmbysjen e diktatur\u00ebs s\u00eb Edi Ram\u00ebs"},"content":{"rendered":"<p>Kryetari i Partis\u00eb Demokratike, Sali Berisha gjat\u00eb fjal\u00ebs s\u00eb tij n\u00eb ceremonin\u00eb e &#8220;Brain Gain&#8221; tha se, duhet t\u00eb ridimensionohemi p\u00ebr veprimtari shum\u00ebplan\u00ebshe! Vet\u00ebm k\u00ebshtu i p\u00ebrgjigjemi shansit historik p\u00ebr p\u00ebrmbysjen e diktatur\u00ebs s\u00eb Edi Ram\u00ebs.<\/p>\n<p>Berisha tha se, shoq\u00ebria shqiptare e ka t\u00eb nevojshme, t\u00eb domosdoshme t\u00eb shoh\u00eb t\u00eb rinj, t\u00eb reja q\u00eb i p\u00ebrkushtohen, q\u00eb dijet e tyre, aft\u00ebsit\u00eb e tyre, i vendosin, i investojn\u00eb n\u00eb projektin e madh transformues p\u00ebr t\u00eb cilin Shqip\u00ebria ka nevoj\u00eb jetike.<\/p>\n<p>Berisha: Pse u ndala k\u00ebtu?<\/p>\n<p>U ndala n\u00eb mesazhin p\u00ebr t\u00eb gjith\u00eb opozitar\u00ebt dhe demokrat\u00ebt, nuk ka d\u00ebshmi m\u00eb trondit\u00ebse se k\u00ebto p\u00ebr nj\u00eb qeveri.<\/p>\n<p>Nuk ka akuz\u00eb m\u00eb t\u00eb r\u00ebnd\u00eb ndaj nesh n\u00eb rast se ne nuk i rr\u00ebzjm\u00eb k\u00ebta.<\/p>\n<p>T\u00eb jemi realist\u00eb p\u00ebr k\u00ebt\u00eb.<\/p>\n<p>Gjith\u00e7ka \u00ebsht\u00eb hedhur, ne jemi para sfid\u00ebs dhe \u00e7far\u00eb k\u00ebrkohet: sakrific\u00eb, sakrific\u00eb, sakrific\u00eb.<\/p>\n<p>K\u00ebrkohet t\u00eb z\u00ebm\u00eb bulevardin gjersa ky t\u00eb q\u00ebrohet dhe t\u00eb shkoj\u00eb para ligjit, para gjykat\u00ebs p\u00ebr vjedhjet q\u00eb ka b\u00ebr\u00eb.<\/p>\n<p>Pra, n\u00eb nj\u00eb kontekst, PD ec\u00ebn e sigurt drejt pushtetit.<\/p>\n<p>Por n\u00eb k\u00ebt\u00eb kuad\u00ebr, departamenti Brain Gain duhet t\u00eb gjej\u00eb brenda, dhe do t\u00eb gjej\u00eb brenda strukturave tona, t\u00eb gjith\u00eb hap\u00ebsirat e domosdoshme.<\/p>\n<p>Dhe ky nuk \u00ebsht\u00eb thjesht interes i PD, jo, ky \u00ebsht\u00eb interes i shoq\u00ebris\u00eb shqiptare.<\/p>\n<p>Shoq\u00ebria shqiptare e ka t\u00eb nevojshme, t\u00eb domosdoshme t\u00eb shoh\u00eb t\u00eb rinj, t\u00eb reja q\u00eb i p\u00ebrkushtohen, q\u00eb dijet e tyre, aft\u00ebsit\u00eb e tyre, i vendosin, i investojn\u00eb n\u00eb projektin e madh transformues p\u00ebr t\u00eb cilin Shqip\u00ebria ka nevoj\u00eb jetike.<\/p>\n<p>Pra, n\u00eb k\u00ebt\u00eb kontekst, ridimensonimi i rolit t\u00eb departamentit, por edhe ridimensionimi i vet\u00eb departamentit t\u00eb rolit t\u00eb tij dhe t\u00eb p\u00ebrfshirjes sa m\u00eb t\u00eb gjer\u00eb, \u00ebsht\u00eb nj\u00eb shans i madh p\u00ebr PD-n\u00eb, p\u00ebr opozit\u00ebn.<\/p>\n<p>Ndalemi p\u00ebr nj\u00eb moment, jemi k\u00ebtu, un\u00eb q\u00eb po flas, n\u00eb m\u00ebnyr\u00eb t\u00eb p\u00ebrs\u00ebritur n\u00eb forume kam b\u00ebr\u00eb thirrje \u00e7do demokrati dhe demokrateje, \u00e7do drejtuesi, t\u00eb b\u00ebni gjith\u00e7ka p\u00ebr t\u00eb afruar vlerat n\u00eb shoq\u00ebri drejt nesh.<\/p>\n<p>Dhe jam i bindur se k\u00ebt\u00eb mesazh demokrat\u00ebt, opozitar\u00ebt e kan\u00eb t\u00eb qart\u00eb q\u00eb \u00ebsht\u00eb i domosdosh\u00ebm.<\/p>\n<p>Por, ne kemi vlerat midis nesh dhe k\u00ebtyre hap\u00ebsir\u00ebn duhet t\u2019ua japim dhe do ua japim.<\/p>\n<p>Un\u00eb kam b\u00ebr\u00eb nj\u00eb bised\u00eb informale me k\u00ebta, k\u00ebta kan\u00eb plot ide se ku mund t\u00eb angazhohen, ku mund t\u00eb japin m\u00eb shum\u00eb.<\/p>\n<p>Ne jemi n\u00eb nj\u00eb koh\u00eb t\u00eb pashembullt.<\/p>\n<p>Nd\u00ebr t\u00eb tjera kjo koh\u00eb k\u00ebrkon, duke filluar nga un\u00eb dhe secili prej jush, t\u00eb p\u00ebrshtatemi p\u00ebr veprimtari shum\u00ebplan\u00ebshe.<\/p>\n<p>Nuk ka koh\u00eb.<\/p>\n<p>Koha \u00ebsht\u00eb e pam\u00ebshir\u00eb.<\/p>\n<p>Nuk na pret koha.<\/p>\n<p>Ndaj dhe ne duhet t\u00eb pranojm\u00eb t\u00eb nd\u00ebrmarrim nj\u00ebkoh\u00ebsisht veprimtari t\u00eb shumanshme.<\/p>\n<p>Vet\u00ebm n\u00eb k\u00ebt\u00eb m\u00ebnyr\u00eb ne do mund t\u2019i p\u00ebrgjigjemi misionit historik t\u00eb p\u00ebrmbysjes s\u00eb diktatur\u00ebs autokratike t\u00eb Edi Ram\u00ebs.<\/p>\n<p>Shansit historik p\u00ebr p\u00ebrmbysjen e saj.<\/p>\n<p>Urdh\u00ebroni se \u00e7\u2019ndodh.<\/p>\n<p>Drejt\u00ebsin\u00eb nuk e njoh, imunitetet nuk i heq, vet\u00ebm sa i thurte Lubis\u00eb bis n\u00eb at\u00eb monologun e tij dje.<\/p>\n<p>K\u00ebshtu q\u00eb garantoj departamentin, duke e fal\u00ebnderuar me shum\u00eb mir\u00ebnjohje p\u00ebr kontributet e tij thelb\u00ebsore, garantoj n\u00eb em\u00ebr t\u00eb PD se roli i tyre do t\u00eb ridimensionohet t\u00ebr\u00ebsisht n\u00eb interesin m\u00eb mir\u00eb t\u00eb shoq\u00ebris\u00eb shqiptare, para s\u00eb gjithash, t\u00eb forc\u00eb ton\u00eb politike po e po, dhe t\u00eb opozit\u00ebs shqiptare.<\/p>\n<p>U uroj edhe nj\u00ebher\u00eb nj\u00eb vit t\u00eb ri si\u00e7 doni vet\u00eb, me shum\u00eb suksese, g\u00ebzime dhe t\u00eb mira dhe u ftoj t\u00eb vazhdojm\u00eb k\u00ebt\u00eb betej\u00eb q\u00eb \u00ebsht\u00eb edhe shansi i jet\u00ebs ton\u00eb dhe n\u00eb m\u00ebnyr\u00eb absolute \u00ebsht\u00eb shansi m\u00eb i madh i jet\u00ebs ton\u00eb, kontributi m\u00eb i madh q\u00eb ne mund t\u00eb japim p\u00ebr k\u00ebt\u00eb vend dhe komb.<\/p>\n<p>Nuk ndajm\u00eb v\u00ebrtet epoka, por ndajm\u00eb Shqip\u00ebrin\u00eb nga e keqja m\u00eb shkat\u00ebrrimtare q\u00eb ajo ka pasur ndoshta n\u00eb 1 mij\u00eb vitet e fundit.<\/p>\n","protected":false},"excerpt":{"rendered":"<p>Kryetari i Partis\u00eb Demokratike, Sali Berisha gjat\u00eb fjal\u00ebs s\u00eb tij n\u00eb ceremonin\u00eb e &#8220;Brain Gain&#8221; tha se, duhet t\u00eb ridimensionohemi p\u00ebr veprimtari shum\u00ebplan\u00ebshe! Vet\u00ebm k\u00ebshtu i p\u00ebrgjigjemi shansit historik p\u00ebr p\u00ebrmbysjen e diktatur\u00ebs s\u00eb Edi Ram\u00ebs. Berisha tha se, shoq\u00ebria shqiptare e ka t\u00eb nevojshme, t\u00eb domosdoshme t\u00eb shoh\u00eb t\u00eb rinj, t\u00eb reja q\u00eb i &hellip;<\/p>\n","protected":false},"author":4,"featured_media":132267,"comment_status":"closed","ping_status":"closed","sticky":false,"template":"","format":"standard","meta":{"footnotes":""},"categories":[37],"tags":[],"class_list":["post-132270","post","type-post","status-publish","format-standard","has-post-thumbnail","","category-politike"],"_links":{"self":[{"href":"https:\/\/rdnews.al\/index.php\/wp-json\/wp\/v2\/posts\/132270","targetHints":{"allow":["GET"]}}],"collection":[{"href":"https:\/\/rdnews.al\/index.php\/wp-json\/wp\/v2\/posts"}],"about":[{"href":"https:\/\/rdnews.al\/index.php\/wp-json\/wp\/v2\/types\/post"}],"author":[{"embeddable":true,"href":"https:\/\/rdnews.al\/index.php\/wp-json\/wp\/v2\/users\/4"}],"replies":[{"embeddable":true,"href":"https:\/\/rdnews.al\/index.php\/wp-json\/wp\/v2\/comments?post=132270"}],"version-history":[{"count":2,"href":"https:\/\/rdnews.al\/index.php\/wp-json\/wp\/v2\/posts\/132270\/revisions"}],"predecessor-version":[{"id":132272,"href":"https:\/\/rdnews.al\/index.php\/wp-json\/wp\/v2\/posts\/132270\/revisions\/132272"}],"wp:featuredmedia":[{"embeddable":true,"href":"https:\/\/rdnews.al\/index.php\/wp-json\/wp\/v2\/media\/132267"}],"wp:attachment":[{"href":"https:\/\/rdnews.al\/index.php\/wp-json\/wp\/v2\/media?parent=132270"}],"wp:term":[{"taxonomy":"category","embeddable":true,"href":"https:\/\/rdnews.al\/index.php\/wp-json\/wp\/v2\/categories?post=132270"},{"taxonomy":"post_tag","embeddable":true,"href":"https:\/\/rdnews.al\/index.php\/wp-json\/wp\/v2\/tags?post=132270"}],"curies":[{"name":"wp","href":"https:\/\/api.w.org\/{rel}","templated":true}]}}